    
{"id":80995,"date":"2024-12-12T16:55:06","date_gmt":"2024-12-12T15:55:06","guid":{"rendered":"https:\/\/www.praha7.cz\/?p=80995"},"modified":"2024-12-19T13:49:20","modified_gmt":"2024-12-19T12:49:20","slug":"otevreni-korunovacni-a-casti-dukelskych-hrdinu","status":"publish","type":"post","link":"https:\/\/www.praha7.cz\/otevreni-korunovacni-a-casti-dukelskych-hrdinu\/","title":{"rendered":"Otev\u0159en\u00ed Korunova\u010dn\u00ed a&nbsp;\u010d\u00e1sti Dukelsk\u00fdch hrdin\u016f"},"content":{"rendered":"<p>[perex]<\/p>\r\n<p>V p\u00e1tek 13.&nbsp;prosince 2024 v&nbsp;odpoledn\u00edch hodin\u00e1ch (zhruba v&nbsp;16&nbsp;h) bude pln\u011b zprovozn\u011bna ulice Korunova\u010dn\u00ed.<\/p>\r\n<p>Z\u00e1rove\u0148 je dokon\u010dena tak\u00e9 \u010d\u00e1st ulice Dukelsk\u00fdch hrdin\u016f v&nbsp;\u00faseku Strossmayerovo n\u00e1m\u011bst\u00ed \u2013 Veletr\u017en\u00ed. Podle aktu\u00e1ln\u00edch informac\u00ed z&nbsp;magistr\u00e1tu by v&nbsp;nejbli\u017e\u0161\u00ed dob\u011b (dle p\u0159edpokladu tak\u00e9 v\u00a0p\u00e1tek) m\u011blo doj\u00edt k&nbsp;odstran\u011bn\u00ed do\u010dasn\u00fdch z\u00e1kazov\u00fdch zna\u010dek a&nbsp;uveden\u00ed do provozu.<\/p>\r\n<p>Na ja\u0159e se v&nbsp;Korunova\u010dn\u00ed budou je\u0161t\u011b dokon\u010dovat chodn\u00edky a&nbsp;pr\u00e1ce budou pokra\u010dovat tak\u00e9 v&nbsp;Dukelsk\u00fdch hrdin\u016f sm\u011brem od Veletr\u017en\u00ed k&nbsp;V\u00fdstavi\u0161ti. P\u0159\u00ed\u0161t\u00ed rok prob\u011bhne kompletn\u00ed rekonstrukce ulice U&nbsp;V\u00fdstavi\u0161t\u011b od Stromovky po k\u0159i\u017eovatku s&nbsp;Bubenskou.<\/p>\r\n<p>D\u011bkujeme za trp\u011blivost b\u011bhem n\u00e1ro\u010dn\u00fdch stavebn\u00edch prac\u00ed.<\/p>\r\n<p>[\/perex]<\/p>\r\n<h3>Korunova\u010dn\u00ed<\/h3>\r\n<p>V p\u00e1tek 13.&nbsp;prosince 2024 (zhruba v&nbsp;16 hodin) se vrac\u00ed automobilov\u00fd provoz do ulice Korunova\u010dn\u00ed sm\u011brem na Prahu 6, otev\u0159eny budou tak\u00e9 dot\u010den\u00e9 k\u0159i\u017eovatky. V&nbsp;n\u00e1vaznosti na rozs\u00e1hlou rekonstrukci vodovod\u016f se ulice do\u010dkala nov\u00e9ho povrchu vozovky, opat\u0159en\u00ed pro cyklodopravu a&nbsp;bezpe\u010dn\u011bj\u0161\u00edch p\u0159echod\u016f vybaven\u00fdch stavebn\u011b proveden\u00fdmi vy\u010dk\u00e1vac\u00edmi ostr\u016fvky. Ve vozovce bude mo\u017en\u00e9 nov\u011b na n\u011bkolika m\u00edstech leg\u00e1ln\u011b zastavit a&nbsp;z\u00e1sobovat p\u0159ilehl\u00e9 nemovitosti. Na ja\u0159e roku 2025 dojde je\u0161t\u011b k&nbsp;fin\u00e1ln\u00edmu dokon\u010den\u00ed chodn\u00edkov\u00fdch ploch.<\/p>\r\n<h3><\/h3>\r\n<h3>Dukelsk\u00fdch hrdin\u016f<\/h3>\r\n<p>Dokon\u010den je \u00fasek Strossmayerovo n\u00e1m\u011bst\u00ed \u2013 Veletr\u017en\u00ed, v\u010detn\u011b dot\u010den\u00fdch k\u0159i\u017eovatek. P\u0159ipom\u00edn\u00e1me, \u017ee do \u010d\u00e1sti ulice v&nbsp;\u00faseku Pplk. Sochora \u2013 Kosteln\u00ed bude umo\u017en\u011bn vjezd pouze pro z\u00e1sobov\u00e1n\u00ed. Finalizuje se tak\u00e9 dl\u00e1\u017ed\u011bn\u00ed chodn\u00edk\u016f a&nbsp;v&nbsp;nejbli\u017e\u0161\u00edch dnech se za\u010dnou vysazovat stromy. Letos jich v&nbsp;dokon\u010den\u00e9m \u00faseku p\u0159ibude osm, celkem bude v&nbsp;ulici 17 nov\u00fdch strom\u016f. Po\u010det parkovac\u00edch m\u00edst v&nbsp;ulici z\u016fstane obdobn\u00fd jako p\u0159ed rekonstrukc\u00ed (60 d\u0159\u00edve \/ 57 nov\u011b), pouze se kv\u016fli prostorov\u00fdm zm\u011bn\u00e1m n\u011bkter\u00e1 parkovac\u00ed st\u00e1n\u00ed p\u0159esunou do jin\u00e9 \u010d\u00e1sti ulice. Zhruba 40 nov\u00fdch parkovac\u00edch m\u00edst nav\u00edc vznikne po rekonstrukci v&nbsp;ulici U&nbsp;V\u00fdstavi\u0161t\u011b.<\/p>\r\n<p>V \u00faseku od ulice Veletr\u017en\u00ed po V\u00fdstavi\u0161t\u011b budou na ja\u0159e dokon\u010deny p\u0159elo\u017eky s\u00edt\u00ed a&nbsp;vozovka i&nbsp;chodn\u00edky dostanou nov\u00e9 povrchy. Kv\u016fli dostavb\u011b vlakov\u00e9 zast\u00e1vky V\u00fdstavi\u0161t\u011b, kterou zaji\u0161\u0165uje Spr\u00e1va \u017eeleznic, z\u016fst\u00e1v\u00e1 omezen\u00ed v&nbsp;k\u0159i\u017eovatce s&nbsp;ulic\u00ed Strojnick\u00e1 a&nbsp;nad\u00e1le je nepr\u016fjezdn\u00fd podjezd k&nbsp;V\u00fdstavi\u0161ti. V&nbsp;\u00faseku Veletr\u017en\u00ed\u2013Strojnick\u00e1 ji\u017e byl povolen vjezd dopravn\u00ed obsluze. Stavebn\u00ed \u00fapravy v\u010detn\u011b rekonstrukce tramvajov\u00e9 trati se v&nbsp;roce 2025 posunou do ulice U&nbsp;V\u00fdstavi\u0161t\u011b.<\/p>\r\n<p><img loading=\"lazy\" src=\"https:\/\/www.praha7.cz\/wp-content\/uploads\/2024\/12\/Dukelskych-hrdinu-1-1500x967.jpg\" alt=\"\" width=\"640\" height=\"413\" class=\"alignnone size-large wp-image-81066\" srcset=\"https:\/\/www.praha7.cz\/wp-content\/uploads\/2024\/12\/Dukelskych-hrdinu-1-1500x967.jpg 1500w, https:\/\/www.praha7.cz\/wp-content\/uploads\/2024\/12\/Dukelskych-hrdinu-1-600x387.jpg 600w, https:\/\/www.praha7.cz\/wp-content\/uploads\/2024\/12\/Dukelskych-hrdinu-1-768x495.jpg 768w, https:\/\/www.praha7.cz\/wp-content\/uploads\/2024\/12\/Dukelskych-hrdinu-1-1536x990.jpg 1536w, https:\/\/www.praha7.cz\/wp-content\/uploads\/2024\/12\/Dukelskych-hrdinu-1-2048x1321.jpg 2048w\" sizes=\"(max-width: 640px) 100vw, 640px\" \/><\/p>\r\n<h3><\/h3>\r\n<h3>Rychloobr\u00e1tkov\u00e1 parkovac\u00ed m\u00edsta<\/h3>\r\n<p>V\u00a0obou rekonstruovan\u00fdch ulic\u00edch jsou nov\u011b vyzna\u010dena rychloobr\u00e1tkov\u00e1 parkovac\u00ed m\u00edsta. P\u0159ipom\u00edn\u00e1me, \u017ee tato st\u00e1n\u00ed slou\u017e\u00ed nejen k\u00a0z\u00e1sobov\u00e1n\u00ed lok\u00e1ln\u00edch podnik\u016f, ale tak\u00e9 m\u00edstn\u00edm obyvatel\u016fm, kte\u0159\u00ed pot\u0159ebuj\u00ed v&nbsp;bl\u00edzkosti domu n\u011bco vylo\u017eit \u010di nalo\u017eit. \u0158idi\u010di d\u00edky nim z\u00edsk\u00e1vaj\u00ed mo\u017enost 24 hodin denn\u011b zastavit pobl\u00ed\u017e sv\u00e9ho bydli\u0161t\u011b, vy\u0159\u00eddit, co pot\u0159ebuj\u00ed, a&nbsp;pak s&nbsp;autem odjet t\u0159eba do gar\u00e1\u017ee \u010di na jak\u00e9koli m\u00edsto, kde zaparkuj\u00ed. Z\u00e1sobovac\u00ed m\u00edsta v&nbsp;tomto re\u017eimu pom\u00e1haj\u00ed zajistit d\u016fle\u017eitou dopravn\u00ed obsluhu ve vyt\u00ed\u017een\u00fdch ulic\u00edch, kde je jinak nap\u0159\u00edklad ve ve\u010dern\u00edch hodin\u00e1ch velmi obt\u00ed\u017en\u00e9 zaparkovat.<\/p>\r\n<p>&nbsp;<\/p>\r\n<p>&nbsp;<\/p>","protected":false},"excerpt":{"rendered":"[perex] V&nbsp;p\u00e1tek 13.&nbsp;prosince 2024 v&nbsp;odpoledn\u00edch hodin\u00e1ch (zhruba v&nbsp;16&nbsp;h) bude pln\u011b zprovozn\u011bna ulice Korunova\u010dn\u00ed. Z\u00e1rove\u0148 je dokon\u010dena tak\u00e9 \u010d\u00e1st ulice Dukelsk\u00fdch hrdin\u016f v&nbsp;\u00faseku Strossmayerovo n\u00e1m\u011bst\u00ed \u2013 Veletr\u017en\u00ed. Podle aktu\u00e1ln\u00edch informac\u00ed z&nbsp;magistr\u00e1tu by v&nbsp;nejbli\u017e\u0161\u00ed dob\u011b (dle p\u0159edpokladu tak\u00e9 v\u00a0p\u00e1tek) m\u011blo doj\u00edt k&nbsp;odstran\u011bn\u00ed do\u010dasn\u00fdch z\u00e1kazov\u00fdch zna\u010dek a&nbsp;uveden\u00ed do provozu. Na ja\u0159e se v&nbsp;Korunova\u010dn\u00ed budou je\u0161t\u011b dokon\u010dovat chodn\u00edky [&hellip;]","protected":false},"author":5,"featured_media":81059,"comment_status":"closed","ping_status":"open","sticky":false,"template":"","format":"standard","meta":[],"categories":[36],"tags":[57],"_links":{"self":[{"href":"https:\/\/www.praha7.cz\/api\/wp\/v2\/posts\/80995"}],"collection":[{"href":"https:\/\/www.praha7.cz\/api\/wp\/v2\/posts"}],"about":[{"href":"https:\/\/www.praha7.cz\/api\/wp\/v2\/types\/post"}],"author":[{"embeddable":true,"href":"https:\/\/www.praha7.cz\/api\/wp\/v2\/users\/5"}],"replies":[{"embeddable":true,"href":"https:\/\/www.praha7.cz\/api\/wp\/v2\/comments?post=80995"}],"version-history":[{"count":11,"href":"https:\/\/www.praha7.cz\/api\/wp\/v2\/posts\/80995\/revisions"}],"predecessor-version":[{"id":81069,"href":"https:\/\/www.praha7.cz\/api\/wp\/v2\/posts\/80995\/revisions\/81069"}],"wp:featuredmedia":[{"embeddable":true,"href":"https:\/\/www.praha7.cz\/api\/wp\/v2\/media\/81059"}],"wp:attachment":[{"href":"https:\/\/www.praha7.cz\/api\/wp\/v2\/media?parent=80995"}],"wp:term":[{"taxonomy":"category","embeddable":true,"href":"https:\/\/www.praha7.cz\/api\/wp\/v2\/categories?post=80995"},{"taxonomy":"post_tag","embeddable":true,"href":"https:\/\/www.praha7.cz\/api\/wp\/v2\/tags?post=80995"}],"curies":[{"name":"wp","href":"https:\/\/api.w.org\/{rel}","templated":true}]}}