    
{"id":80935,"date":"2024-12-06T11:32:59","date_gmt":"2024-12-06T10:32:59","guid":{"rendered":"https:\/\/www.praha7.cz\/?p=80935"},"modified":"2024-12-17T05:52:21","modified_gmt":"2024-12-17T04:52:21","slug":"pozvanka-na-10-radne-jednani-zastupitelstva-mc-praha-7","status":"publish","type":"post","link":"https:\/\/www.praha7.cz\/pozvanka-na-10-radne-jednani-zastupitelstva-mc-praha-7\/","title":{"rendered":"Pozv\u00e1nka na 10.&nbsp;\u0159\u00e1dn\u00e9 jedn\u00e1n\u00ed Zastupitelstva M\u010c Praha&nbsp;7"},"content":{"rendered":"<p style=\"text-align: justify;\">[perex]<\/p>\r\n<p style=\"text-align: justify;\">Des\u00e1t\u00e9 \u0159\u00e1dn\u00e9 jedn\u00e1n\u00ed Zastupitelstva M\u010c Praha&nbsp;7 se kon\u00e1 v&nbsp;pond\u011bl\u00ed 16.&nbsp;prosince 2024 od 17.00 hodin.<\/p>\r\n<p style=\"text-align: justify;\">P\u0159enos jedn\u00e1n\u00ed m\u016f\u017eete sledovat\u00a0<a href=\"https:\/\/youtube.com\/live\/lbM96CNrK-U?feature=share\" target=\"_blank\" rel=\"noopener\">ZDE<\/a>.\u00a0<\/p>\r\n<p style=\"text-align: justify;\">Materi\u00e1ly k&nbsp;10.&nbsp;\u0159\u00e1dn\u00e9mu jedn\u00e1n\u00ed Zastupitelstva M\u010c Praha&nbsp;7 najdete <a href=\"https:\/\/usneseni.praha7.cz\/usneseni\/jednani\/686\">ZDE<\/a>.<\/p>\r\n<p style=\"text-align: justify;\">[\/perex]<\/p>\r\n<p style=\"text-align: justify;\"><strong>Program 10.&nbsp;\u0159\u00e1dn\u00e9ho jedn\u00e1n\u00ed Zastupitelstva M\u010c Praha&nbsp;7\u00a0<\/strong><\/p>\r\n<ul style=\"text-align: justify;\">\r\n\t<li>Pravideln\u00fd bod programu za\u0159azen\u00fd za bod \u010d. 2 \u2013 Dotazy a&nbsp;p\u0159ipom\u00ednky ob\u010dan\u016f 1<\/li>\r\n\t<li>Pravideln\u00fd bod programu za\u0159azen\u00fd pevn\u011b na 18.&nbsp;hodinu \u2013 Dotazy a&nbsp;p\u0159ipom\u00ednky ob\u010dan\u016f 2<\/li>\r\n<\/ul>\r\n<p style=\"text-align: justify;\"><strong>1.\u00a0<\/strong> Zah\u00e1jen\u00ed, volba n\u00e1vrhov\u00e9ho a&nbsp;volebn\u00edho v\u00fdboru<\/p>\r\n<p style=\"text-align: justify;\"><strong>2.\u00a0<\/strong> Schv\u00e1len\u00ed programu jedn\u00e1n\u00ed Zastupitelstva M\u010c Praha&nbsp;7<\/p>\r\n<p style=\"text-align: justify;\"><strong>3.<\/strong>\u00a0 N\u00c1VRH k&nbsp;rozpo\u010dtu hlavn\u00ed \u010dinnosti M\u010c Praha&nbsp;7 na rok 2025, ke st\u0159edn\u011bdob\u00e9mu v\u00fdhledu rozpo\u010dtu M\u010c Praha&nbsp;7 do roku 2030, k&nbsp;rozpo\u010dt\u016fm pro rok 2025 a&nbsp;st\u0159edn\u011bdob\u00fdm v\u00fdhled\u016fm rozpo\u010dtu p\u0159\u00edsp\u011bvkov\u00fdch organizac\u00ed M\u010c Praha&nbsp;7 do roku 2027 a&nbsp;k&nbsp;finan\u010dn\u00edmu pl\u00e1nu zda\u0148ovan\u00e9 \u010dinnosti M\u011bstsk\u00e9 \u010d\u00e1sti Praha&nbsp;7 na rok 2025 (v\u010detn\u011b 7U s.r.o.)<\/p>\r\n<p style=\"text-align: justify;\"><strong>4.\u00a0<\/strong> N\u00c1VRH k&nbsp;p\u0159ijet\u00ed Pravidel (Z\u00e1sad) pro hospoda\u0159en\u00ed M\u010c Praha&nbsp;7 v&nbsp;obdob\u00ed rozpo\u010dtov\u00e9ho provizoria na rok 2025<\/p>\r\n<p style=\"text-align: justify;\"><strong>5.\u00a0<\/strong> N\u00c1VRH k&nbsp;ak\u010dn\u00edmu pl\u00e1nu pro rok 2025 a&nbsp;k&nbsp;v\u00fdhledu ak\u010dn\u00edho pl\u00e1nu pro roky 2026 \u2013 2027<\/p>\r\n<p style=\"text-align: justify;\"><strong>6.\u00a0<\/strong> N\u00c1VRH k&nbsp;aktualizaci Strategie 2030 Prahy&nbsp;7<\/p>\r\n<p style=\"text-align: justify;\"><strong>7.\u00a0<\/strong> N\u00c1VRH ke zpr\u00e1v\u011b o&nbsp;v\u00fdsledc\u00edch hospoda\u0159en\u00ed M\u010c Praha&nbsp;7 za 1. &#8211; 3.&nbsp;\u010dtvrtlet\u00ed 2024 &#8211; hlavn\u00ed \u010dinnost<\/p>\r\n<p style=\"text-align: justify;\"><strong>8.\u00a0<\/strong> N\u00c1VRH ke zpr\u00e1v\u011b o&nbsp;v\u00fdsledc\u00edch hospoda\u0159en\u00ed M\u010c Praha&nbsp;7 za 3.&nbsp;\u010dtvrtlet\u00ed roku 2024 v&nbsp;r\u00e1mci hospod\u00e1\u0159sk\u00e9 \u010dinnosti &#8211; \u00faseku zda\u0148ovan\u00e9 \u010dinnosti<\/p>\r\n<p style=\"text-align: justify;\"><strong>9.\u00a0<\/strong> N\u00c1VRH k&nbsp;odpisu pohled\u00e1vek v\u010detn\u011b vy\u00fa\u010dtov\u00e1n\u00ed slu\u017eeb \u2013 byty neu\u017e\u00edvan\u00e9, byty zem\u0159el\u00fdch, nebytov\u00e9 prostory neu\u017e\u00edvan\u00e9<\/p>\r\n<p style=\"text-align: justify;\"><strong>10.<\/strong> N\u00c1VRH k&nbsp;Dodatku \u010d. 5 ke Smlouv\u011b o&nbsp;z\u0159\u00edzen\u00ed pr\u00e1va stavby ze dne 31.01.2018, ve zn\u011bn\u00ed Dodatku \u010d. 1 ze dne 08.08.2018, Dodatku \u010d. 2 ze dne 20.01.2022, Dodatku \u010d. 3 ze dne 05.01.2023 a&nbsp;Dodatku \u010d. 4 ze dne 21.12.2023, uzav\u0159en\u00e9 mezi M\u010c Praha&nbsp;7 a&nbsp;stavebn\u00edkem \u010ceskobratrsk\u00e1 c\u00edrkev evangelick\u00e1, I\u010cO: 00445223, ve v\u011bci z\u0159\u00edzen\u00ed bez\u00faplatn\u00e9ho pr\u00e1va stavby na pozemc\u00edch parc. \u010d. 303, 304, 305, v\u0161e k.\u00fa. Hole\u0161ovice<\/p>\r\n<p style=\"text-align: justify;\"><strong>11.<\/strong> N\u00c1VRH ke stanoven\u00ed v\u00fd\u0161e m\u011bs\u00ed\u010dn\u00edch odm\u011bn neuvoln\u011bn\u00fdm \u010dlen\u016fm Zastupitelstva M\u010c Praha&nbsp;7 pro volebn\u00ed obdob\u00ed 2022 \u2013 2026 s&nbsp;\u00fa\u010dinnost\u00ed od 01.01.2025<\/p>\r\n<p style=\"text-align: justify;\"><strong>12.<\/strong> N\u00c1VRH k&nbsp;ve\u0159ejnopr\u00e1vn\u00ed smlouv\u011b o&nbsp;poskytnut\u00ed dotace mezi M\u010c Praha&nbsp;7 a&nbsp;Charitou Praha Hole\u0161ovice, I\u010cO: 49368222, v&nbsp;r\u00e1mci projektu &#8222;Tax\u00edk Max\u00edk&#8220; pro rok 2025<\/p>\r\n<p style=\"text-align: justify;\"><strong>13.<\/strong> N\u00c1VRH k&nbsp;poskytnut\u00ed individu\u00e1ln\u00edch dotac\u00ed v&nbsp;oblasti soci\u00e1ln\u00ed a&nbsp;zdravotn\u00ed dle \u017e\u00e1dost\u00ed podan\u00fdch v&nbsp;listopadu 2024<\/p>\r\n<p style=\"text-align: justify;\"><strong>14.<\/strong> N\u00c1VRH k&nbsp;z\u00e1m\u011bru p\u0159eveden\u00ed 14 kus\u016f sloup\u016f ve\u0159ejn\u00e9ho osv\u011btlen\u00ed um\u00edst\u011bn\u00fdch ve vnitrobloku U&nbsp;Vody, ulice Varhul\u00edkov\u00e9, Praha&nbsp;7 do majetku hlavn\u00edho m\u011bsta Prahy<\/p>\r\n<p style=\"text-align: justify;\"><strong>15.<\/strong> INFORMACE o&nbsp;\u010dinnosti Rady M\u010c Praha&nbsp;7 a&nbsp;pln\u011bn\u00ed \u00fakol\u016f ulo\u017een\u00fdch Rad\u011b M\u010c Praha&nbsp;7 Zastupitelstvem\u00a0 M\u010c Praha&nbsp;7 v\u00a0obdob\u00ed mezi 9.&nbsp;a&nbsp;10.&nbsp;jedn\u00e1n\u00edm Zastupitelstva v\u00a0roce 2024<\/p>\r\n<p style=\"text-align: justify;\"><strong>16.<\/strong> INFORMACE o&nbsp;\u010dinnosti Kontroln\u00edho v\u00fdboru Zastupitelstva M\u010c Praha&nbsp;7 v\u00a0obdob\u00ed mezi 9.&nbsp;a&nbsp;10.&nbsp;jedn\u00e1n\u00edm Zastupitelstva v\u00a0roce 2024<\/p>\r\n<p style=\"text-align: justify;\"><strong>17.<\/strong> INFORMACE o&nbsp;\u010dinnosti Finan\u010dn\u00edho v\u00fdboru Zastupitelstva M\u010c Praha&nbsp;7 v\u00a0obdob\u00ed mezi 9.&nbsp;a&nbsp;10.&nbsp;jedn\u00e1n\u00edm Zastupitelstva v\u00a0roce 2024<\/p>\r\n<p style=\"text-align: justify;\"><strong>18.<\/strong> INFORMACE o&nbsp;\u010dinnosti V\u00fdboru pro vzd\u011bl\u00e1v\u00e1n\u00ed, soci\u00e1ln\u00ed politiku a&nbsp;zdravotnictv\u00ed Zastupitelstva M\u010c Praha&nbsp;7 v\u00a0obdob\u00ed mezi 9.&nbsp;a&nbsp;10.&nbsp;jedn\u00e1n\u00edm Zastupitelstva v\u00a0roce 2024<\/p>\r\n<p style=\"text-align: justify;\"><strong>19.<\/strong> Dopisy, adresovan\u00e9 Z\u00a0M\u010c P7<\/p>\r\n<p style=\"text-align: justify;\"><strong>20.<\/strong> R\u016fzn\u00e9 \u2013 dotazy \u010dlen\u016f Zastupitelstva M\u010c P7<\/p>\r\n<p style=\"text-align: justify;\"><strong>21.<\/strong> Z\u00e1v\u011br<\/p>\r\n<p style=\"text-align: justify;\">Mgr. Jan \u010ci\u017einsk\u00fd<br \/>\r\nStarosta m\u011bstsk\u00e9 \u010d\u00e1sti Praha&nbsp;7<\/p>\r\n<p style=\"text-align: justify;\"><em>Ve v\u00fdjime\u010dn\u00fdch p\u0159\u00edpadech, kdy mimo\u0159\u00e1dn\u00e9 okolnosti br\u00e1n\u00ed \u010dlenu Zastupitelstva fyzick\u00e9 \u00fa\u010dasti na jedn\u00e1n\u00ed Zastupitelstva, bude \u00fa\u010dast umo\u017en\u011bna prost\u0159ednictv\u00edm prost\u0159edku d\u00e1lkov\u00e9 komunikace. Tuto skute\u010dnost je nutn\u00e9 sd\u011blit s&nbsp;od\u016fvodn\u011bn\u00edm p\u00edsemn\u011b na e-mail <a href=\"mailto:FreundV@Praha7.cz\">FreundV@Praha7.cz<\/a>, a&nbsp;to minim\u00e1ln\u011b 3 dny p\u0159ed jedn\u00e1n\u00edm Zastupitelstva.<\/em><\/p>","protected":false},"excerpt":{"rendered":"[perex] Des\u00e1t\u00e9 \u0159\u00e1dn\u00e9 jedn\u00e1n\u00ed Zastupitelstva M\u010c Praha&nbsp;7 se kon\u00e1 v&nbsp;pond\u011bl\u00ed 16.&nbsp;prosince 2024 od 17.00 hodin. P\u0159enos jedn\u00e1n\u00ed m\u016f\u017eete sledovat\u00a0ZDE.\u00a0 Materi\u00e1ly k&nbsp;10.&nbsp;\u0159\u00e1dn\u00e9mu jedn\u00e1n\u00ed Zastupitelstva M\u010c Praha&nbsp;7 najdete ZDE. [\/perex] Program 10.&nbsp;\u0159\u00e1dn\u00e9ho jedn\u00e1n\u00ed Zastupitelstva M\u010c Praha&nbsp;7\u00a0 Pravideln\u00fd bod programu za\u0159azen\u00fd za bod \u010d. 2 \u2013 Dotazy a&nbsp;p\u0159ipom\u00ednky ob\u010dan\u016f 1 Pravideln\u00fd bod programu za\u0159azen\u00fd pevn\u011b na 18.&nbsp;hodinu \u2013 [&hellip;]","protected":false},"author":14,"featured_media":52415,"comment_status":"closed","ping_status":"open","sticky":false,"template":"","format":"standard","meta":[],"categories":[36],"tags":[84],"_links":{"self":[{"href":"https:\/\/www.praha7.cz\/api\/wp\/v2\/posts\/80935"}],"collection":[{"href":"https:\/\/www.praha7.cz\/api\/wp\/v2\/posts"}],"about":[{"href":"https:\/\/www.praha7.cz\/api\/wp\/v2\/types\/post"}],"author":[{"embeddable":true,"href":"https:\/\/www.praha7.cz\/api\/wp\/v2\/users\/14"}],"replies":[{"embeddable":true,"href":"https:\/\/www.praha7.cz\/api\/wp\/v2\/comments?post=80935"}],"version-history":[{"count":2,"href":"https:\/\/www.praha7.cz\/api\/wp\/v2\/posts\/80935\/revisions"}],"predecessor-version":[{"id":81092,"href":"https:\/\/www.praha7.cz\/api\/wp\/v2\/posts\/80935\/revisions\/81092"}],"wp:featuredmedia":[{"embeddable":true,"href":"https:\/\/www.praha7.cz\/api\/wp\/v2\/media\/52415"}],"wp:attachment":[{"href":"https:\/\/www.praha7.cz\/api\/wp\/v2\/media?parent=80935"}],"wp:term":[{"taxonomy":"category","embeddable":true,"href":"https:\/\/www.praha7.cz\/api\/wp\/v2\/categories?post=80935"},{"taxonomy":"post_tag","embeddable":true,"href":"https:\/\/www.praha7.cz\/api\/wp\/v2\/tags?post=80935"}],"curies":[{"name":"wp","href":"https:\/\/api.w.org\/{rel}","templated":true}]}}