    
{"id":80918,"date":"2024-12-05T16:21:16","date_gmt":"2024-12-05T15:21:16","guid":{"rendered":"https:\/\/www.praha7.cz\/?p=80918"},"modified":"2024-12-05T16:21:16","modified_gmt":"2024-12-05T15:21:16","slug":"stvanicka-lavka-ziskala-cenu-vita-brandy","status":"publish","type":"post","link":"https:\/\/www.praha7.cz\/stvanicka-lavka-ziskala-cenu-vita-brandy\/","title":{"rendered":"\u0160tvanick\u00e1 l\u00e1vka z\u00edskala Cenu V\u00edta Brandy"},"content":{"rendered":"<p>[perex]<\/p>\r\n<p>Celkem 55 projekt\u016f z&nbsp;cel\u00e9 \u010cesk\u00e9 republiky se p\u0159ihl\u00e1silo do sout\u011b\u017en\u00ed p\u0159ehl\u00eddky Cena V\u00edta Brandy 2024, kter\u00e1 oce\u0148uje dobr\u00e9 zm\u011bny ve ve\u0159ejn\u00e9m prostoru. Hlavn\u00ed cenu za nejlep\u0161\u00ed realizaci dopravn\u00edch staveb a&nbsp;prom\u011bn ve ve\u0159ejn\u00e9m prostoru z\u00edskala \u0160tvanick\u00e1 l\u00e1vka propojuj\u00edc\u00ed Hole\u0161ovice a&nbsp;Karl\u00edn. Odborn\u00e1 porota byla okouzlena kr\u00e1sou t\u00e9to stavby. Shodla se, \u017ee stavby by nem\u011bly plnit jen technickou, ale i&nbsp;estetickou funkci.<\/p>\r\n<p>[\/perex]<\/p>\r\n<p>V jednotliv\u00fdch kategori\u00edch z\u00edskali ocen\u011bn\u00ed tak\u00e9 auto\u0159i realizac\u00ed v&nbsp;Chebu, Uhersk\u00e9m Hradi\u0161ti, T\u00e1bo\u0159e a&nbsp;Horn\u00edm Lid\u010di. Renomovan\u00e1 porota slo\u017een\u00e1 z&nbsp;odborn\u00edk\u016f z&nbsp;r\u016fzn\u00fdch obor\u016f nab\u00eddla unik\u00e1tn\u00ed a&nbsp;komplexn\u00ed pohled na dopravn\u00ed stavby z&nbsp;n\u011bkolika \u00fahl\u016f pohled\u016f. Projekty tak mohou b\u00fdt inspirac\u00ed i&nbsp;pro dal\u0161\u00ed m\u011bsta a&nbsp;regiony.<\/p>\r\n<p>Do leto\u0161n\u00ed sout\u011b\u017en\u00ed p\u0159ehl\u00eddky se p\u0159ihl\u00e1silo celkem 55 projekt\u016f z&nbsp;cel\u00e9 \u010cesk\u00e9 republiky, do u\u017e\u0161\u00ed nominace postoupilo 16 projekt\u016f. \u201eJedn\u00edm z&nbsp;c\u00edl\u016f Ceny V\u00edta Brandy je zviditel\u0148ovat zda\u0159il\u00e9 a&nbsp;hodnotn\u00e9 z\u00e1sahy do ve\u0159ejn\u00e9ho prostoru s&nbsp;v\u00fdznamn\u00fdm pozitivn\u00edm dopadem na pohyb p\u011b\u0161ky, na kole a&nbsp;ve\u0159ejnou dopravou,\u201c \u0159\u00edk\u00e1 Jaroslav Martinek, jednatel spolku Partnerstv\u00ed pro m\u011bstskou mobilitu, kter\u00fd sout\u011b\u017e organizuje.<\/p>\r\n<p>Podle ministra pro m\u00edstn\u00ed rozvoj Petra Kulh\u00e1nka projekty nominovan\u00e9 na hlavn\u00ed cenu jasn\u011b demonstruj\u00ed, kam se na\u0161e vn\u00edm\u00e1n\u00ed \u00faprav ve\u0159ejn\u00e9ho prostoru v&nbsp;\u010cesku posunulo. \u201eNa prvn\u00ed pohled jde o&nbsp;zcela odli\u0161n\u00e9 projekty, ale sou\u010dasn\u011b je jasn\u00e9, \u017ee maj\u00ed stejn\u00fd c\u00edl \u2013 aby se lid\u00e9 v&nbsp;dan\u00fdch m\u011bstech c\u00edtili l\u00e9pe a&nbsp;bylo jim p\u0159\u00edjemn\u00e9 tr\u00e1vit sv\u016fj \u010das na ve\u0159ejn\u00fdch prostranstv\u00edch. Podpora udr\u017eiteln\u00e9 dopravy a&nbsp;za\u010dlen\u011bn\u00ed dopravn\u00edch staveb do ve\u0159ejn\u00e9ho prostoru v\u00fdrazn\u011b zlep\u0161uj\u00ed kvalitu \u017eivota ve m\u011bstech. P\u011b\u0161\u00ed a&nbsp;cyklistick\u00e1 doprava sni\u017euj\u00ed z\u00e1t\u011b\u017e na \u017eivotn\u00ed prost\u0159ed\u00ed a&nbsp;p\u0159isp\u00edvaj\u00ed k&nbsp;p\u0159\u00edv\u011btiv\u00e9mu prost\u0159ed\u00ed pro obyvatele,\u201c popisuje ministr pro m\u00edstn\u00ed rozvoj Petr Kulh\u00e1nek.<\/p>\r\n<p>Cena V\u00edta Brandy oce\u0148uje projekty, kter\u00e9 spojuj\u00ed technick\u00e9 \u0159e\u0161en\u00ed s&nbsp;estetikou a&nbsp;udr\u017eitelnost\u00ed. \u201eUkazuje, \u017ee dopravn\u00ed stavby mohou b\u00fdt nejen funk\u010dn\u00ed, ale i&nbsp;p\u0159\u00ednosem pro ve\u0159ejn\u00fd prostor, jak ukazuje t\u0159eba \u0160tvanick\u00e1 l\u00e1vka v&nbsp;Praze a&nbsp;dal\u0161\u00ed ocen\u011bn\u00e9 nebo nominovan\u00e9 projekty,\u201c dod\u00e1v\u00e1 Petr Kulh\u00e1nek.<\/p>\r\n<p>Projekty posuzovala odborn\u00e1 dev\u00edti\u010dlenn\u00e1 porota slo\u017een\u00e1 ze z\u00e1stupc\u016f organizac\u00ed zam\u011b\u0159en\u00fdch na tematiku dopravy, architektury, urbanismu, krajin\u00e1\u0159sk\u00e9 architektury, v\u00fdtvarn\u00e9ho um\u011bn\u00ed a&nbsp;ochrany \u017eivotn\u00edho prost\u0159ed\u00ed. O&nbsp;v\u00edt\u011bz\u00edch bylo rozhodnuto u\u017e v&nbsp;z\u00e1\u0159\u00ed nez\u00e1visle na okoln\u00edch cen\u00e1ch.<\/p>\r\n<hr \/>\r\n<p>Spolek Partnerstv\u00ed pro m\u011bstskou mobilitu, kter\u00fd sout\u011b\u017e organizuje, se v\u011bnuje problematice m\u011bstsk\u00e9 a&nbsp;region\u00e1ln\u00ed mobility a&nbsp;podporuje kvalitn\u00ed prom\u011bny ve\u0159ejn\u00e9ho prostoru. P\u0159ihl\u00e1\u0161en\u00e9 projekty najdete na webov\u00fdch str\u00e1nk\u00e1ch<a href=\"https:\/\/www.cenavitabrandy.cz\/rocnik-2024\" target=\"_blank\" rel=\"noopener\"> Ceny V\u00edta Brandy<\/a> a&nbsp;tak\u00e9 na platform\u011b <a href=\"https:\/\/www.citychangers.eu\/\" target=\"_blank\" rel=\"noopener\">CityChangers \u010cesko<\/a>, kter\u00e1 sdru\u017euje p\u0159\u00edklady dobr\u00fdch zm\u011bn, jejich ambasadory a&nbsp;dlouhodob\u00e9 iniciativy v&nbsp;m\u011bstsk\u00e9 mobilit\u011b a&nbsp;doprav\u011b v&nbsp;\u010cesku a&nbsp;na Slovensku.<\/p>","protected":false},"excerpt":{"rendered":"[perex] Celkem 55 projekt\u016f z&nbsp;cel\u00e9 \u010cesk\u00e9 republiky se p\u0159ihl\u00e1silo do sout\u011b\u017en\u00ed p\u0159ehl\u00eddky Cena V\u00edta Brandy 2024, kter\u00e1 oce\u0148uje dobr\u00e9 zm\u011bny ve ve\u0159ejn\u00e9m prostoru. Hlavn\u00ed cenu za nejlep\u0161\u00ed realizaci dopravn\u00edch staveb a&nbsp;prom\u011bn ve ve\u0159ejn\u00e9m prostoru z\u00edskala \u0160tvanick\u00e1 l\u00e1vka propojuj\u00edc\u00ed Hole\u0161ovice a&nbsp;Karl\u00edn. Odborn\u00e1 porota byla okouzlena kr\u00e1sou t\u00e9to stavby. Shodla se, \u017ee stavby by nem\u011bly plnit jen [&hellip;]","protected":false},"author":251,"featured_media":80919,"comment_status":"closed","ping_status":"open","sticky":false,"template":"","format":"standard","meta":[],"categories":[34],"tags":[119,103],"_links":{"self":[{"href":"https:\/\/www.praha7.cz\/api\/wp\/v2\/posts\/80918"}],"collection":[{"href":"https:\/\/www.praha7.cz\/api\/wp\/v2\/posts"}],"about":[{"href":"https:\/\/www.praha7.cz\/api\/wp\/v2\/types\/post"}],"author":[{"embeddable":true,"href":"https:\/\/www.praha7.cz\/api\/wp\/v2\/users\/251"}],"replies":[{"embeddable":true,"href":"https:\/\/www.praha7.cz\/api\/wp\/v2\/comments?post=80918"}],"version-history":[{"count":1,"href":"https:\/\/www.praha7.cz\/api\/wp\/v2\/posts\/80918\/revisions"}],"predecessor-version":[{"id":80921,"href":"https:\/\/www.praha7.cz\/api\/wp\/v2\/posts\/80918\/revisions\/80921"}],"wp:featuredmedia":[{"embeddable":true,"href":"https:\/\/www.praha7.cz\/api\/wp\/v2\/media\/80919"}],"wp:attachment":[{"href":"https:\/\/www.praha7.cz\/api\/wp\/v2\/media?parent=80918"}],"wp:term":[{"taxonomy":"category","embeddable":true,"href":"https:\/\/www.praha7.cz\/api\/wp\/v2\/categories?post=80918"},{"taxonomy":"post_tag","embeddable":true,"href":"https:\/\/www.praha7.cz\/api\/wp\/v2\/tags?post=80918"}],"curies":[{"name":"wp","href":"https:\/\/api.w.org\/{rel}","templated":true}]}}