    
{"id":80862,"date":"2024-12-04T13:55:25","date_gmt":"2024-12-04T12:55:25","guid":{"rendered":"https:\/\/www.praha7.cz\/?p=80862"},"modified":"2024-12-04T15:25:39","modified_gmt":"2024-12-04T14:25:39","slug":"praha-7-pronajme-tri-byty-s-vyhledem-na-prazsky-hrad","status":"publish","type":"post","link":"https:\/\/www.praha7.cz\/praha-7-pronajme-tri-byty-s-vyhledem-na-prazsky-hrad\/","title":{"rendered":"Praha&nbsp;7 pronajme t\u0159i byty s&nbsp;v\u00fdhledem na Pra\u017esk\u00fd hrad"},"content":{"rendered":"<p>[perex]<\/p>\r\n<p>M\u011bstsk\u00e1 \u010d\u00e1st Praha&nbsp;7 vyhl\u00e1sila sout\u011b\u017e na pron\u00e1jem t\u0159\u00ed byt\u016f v&nbsp;komplexu Molochov v&nbsp;ulici Milady Hor\u00e1kov\u00e9 s&nbsp;v\u00fdhledem na Pra\u017esk\u00fd hrad a&nbsp;jen p\u00e1r minut ch\u016fze do Letensk\u00fdch sad\u016f i&nbsp;do Stromovky. Z\u00e1jemc\u016fm doporu\u010dujeme sjednat si prohl\u00eddku byt\u016f, pod\u00e1n\u00ed p\u0159ihl\u00e1\u0161ek je mo\u017en\u00e9 do 27.&nbsp;ledna 2025 do 9.00. Ve\u0161ker\u00e9 dal\u0161\u00ed podm\u00ednky najdete <a href=\"https:\/\/www.praha7.cz\/oznameni\/?id=7302\">zde<\/a>.<\/p>\r\n<p>[\/perex]<\/p>\r\n<p>Kontaktn\u00ed osoby pro sout\u011b\u017e:<\/p>\r\n<ul>\r\n\t<li>ve v\u011bcech smluvn\u00edch tel.: 731&nbsp;283&nbsp;996, <a href=\"mailto:christovab@praha7.cz\">christovab@praha7.cz<\/a><\/li>\r\n\t<li>ve v\u011bcech technick\u00fdch (v\u010detn\u011b prohl\u00eddek) tel.: 774&nbsp;644&nbsp;447, <a href=\"mailto:solc@7usro.cz\">solc@7usro.cz<\/a><\/li>\r\n<\/ul>\r\n<p>Doba n\u00e1jmu je na dobu ur\u010ditou do 31.&nbsp;1.&nbsp;2027, s&nbsp;mo\u017enost\u00ed prodlou\u017een\u00ed a\u017e o&nbsp;dal\u0161\u00edch p\u011bt let. <strong>Detaily o&nbsp;sout\u011b\u017ei, fotografie byt\u016f a&nbsp;vzor smlouvy najdete <a href=\"https:\/\/www.praha7.cz\/oznameni\/?id=7302\">zde<\/a>.\u00a0<\/strong><\/p>","protected":false},"excerpt":{"rendered":"[perex] M\u011bstsk\u00e1 \u010d\u00e1st Praha&nbsp;7 vyhl\u00e1sila sout\u011b\u017e na pron\u00e1jem t\u0159\u00ed byt\u016f v&nbsp;komplexu Molochov v&nbsp;ulici Milady Hor\u00e1kov\u00e9 s&nbsp;v\u00fdhledem na Pra\u017esk\u00fd hrad a&nbsp;jen p\u00e1r minut ch\u016fze do Letensk\u00fdch sad\u016f i&nbsp;do Stromovky. Z\u00e1jemc\u016fm doporu\u010dujeme sjednat si prohl\u00eddku byt\u016f, pod\u00e1n\u00ed p\u0159ihl\u00e1\u0161ek je mo\u017en\u00e9 do 27.&nbsp;ledna 2025 do 9.00. Ve\u0161ker\u00e9 dal\u0161\u00ed podm\u00ednky najdete zde. [\/perex] Kontaktn\u00ed osoby pro sout\u011b\u017e: ve v\u011bcech [&hellip;]","protected":false},"author":251,"featured_media":80863,"comment_status":"closed","ping_status":"open","sticky":false,"template":"","format":"standard","meta":[],"categories":[34],"tags":[84,110],"_links":{"self":[{"href":"https:\/\/www.praha7.cz\/api\/wp\/v2\/posts\/80862"}],"collection":[{"href":"https:\/\/www.praha7.cz\/api\/wp\/v2\/posts"}],"about":[{"href":"https:\/\/www.praha7.cz\/api\/wp\/v2\/types\/post"}],"author":[{"embeddable":true,"href":"https:\/\/www.praha7.cz\/api\/wp\/v2\/users\/251"}],"replies":[{"embeddable":true,"href":"https:\/\/www.praha7.cz\/api\/wp\/v2\/comments?post=80862"}],"version-history":[{"count":2,"href":"https:\/\/www.praha7.cz\/api\/wp\/v2\/posts\/80862\/revisions"}],"predecessor-version":[{"id":80881,"href":"https:\/\/www.praha7.cz\/api\/wp\/v2\/posts\/80862\/revisions\/80881"}],"wp:featuredmedia":[{"embeddable":true,"href":"https:\/\/www.praha7.cz\/api\/wp\/v2\/media\/80863"}],"wp:attachment":[{"href":"https:\/\/www.praha7.cz\/api\/wp\/v2\/media?parent=80862"}],"wp:term":[{"taxonomy":"category","embeddable":true,"href":"https:\/\/www.praha7.cz\/api\/wp\/v2\/categories?post=80862"},{"taxonomy":"post_tag","embeddable":true,"href":"https:\/\/www.praha7.cz\/api\/wp\/v2\/tags?post=80862"}],"curies":[{"name":"wp","href":"https:\/\/api.w.org\/{rel}","templated":true}]}}