    
{"id":80809,"date":"2024-12-02T16:56:52","date_gmt":"2024-12-02T15:56:52","guid":{"rendered":"https:\/\/www.praha7.cz\/?p=80809"},"modified":"2024-12-02T16:56:52","modified_gmt":"2024-12-02T15:56:52","slug":"hrncirske-a-remeslne-trhy-na-vystavisti-o-vikendu-7-a-8-12","status":"publish","type":"post","link":"https:\/\/www.praha7.cz\/hrncirske-a-remeslne-trhy-na-vystavisti-o-vikendu-7-a-8-12\/","title":{"rendered":"Hrn\u010d\u00ed\u0159sk\u00e9 a&nbsp;\u0159emesln\u00e9 trhy na V\u00fdstavi\u0161ti o&nbsp;v\u00edkendu 7.&nbsp;a&nbsp;8.&nbsp;12."},"content":{"rendered":"<p>[perex]<\/p>\r\n<p>P\u0159ij\u010fte si vybrat v\u00e1no\u010dn\u00ed d\u00e1rky na hrn\u010d\u00ed\u0159sk\u00e9 a&nbsp;\u0159emesln\u00e9 trhy na V\u00fdstavi\u0161t\u011b, kter\u00e9 maj\u00ed ji\u017e dvacetiletou tradici.\u00a0 Ka\u017ed\u00fd rok se na setk\u00e1n\u00ed s&nbsp;v\u00e1mi t\u011b\u0161\u00ed na 130 um\u011bleck\u00fdch \u0159emesln\u00edk\u016f, kte\u0159\u00ed se do Prahy sjedou z&nbsp;r\u016fzn\u00fdch kraj\u016f republiky i&nbsp;ze zahrani\u010d\u00ed. Tentokr\u00e1t se tak stane v&nbsp;sobotu 7.&nbsp;a&nbsp;v&nbsp;ned\u011bli 8.&nbsp;prosince 2024, v\u017edy od 10 do 18 hodin vstup zdarma.<\/p>\r\n<p>[\/perex]<\/p>\r\n<p>Na trz\u00edch se zna\u010dkou <a href=\"http:\/\/WWW.HTBEROUN.CZ\" target=\"_blank\" rel=\"noopener\">HT Beroun<\/a> najdete hlavn\u011b autorskou keramiku a&nbsp;porcel\u00e1n, ale i&nbsp;dal\u0161\u00ed \u0159emesla. Skl\u00e1\u0159i, kov\u00e1\u0159i, truhl\u00e1\u0159i, tkan\u00ed, pleten\u00ed, dr\u00e1tov\u00e1n\u00ed, d\u0159evo\u0159ezba, modrotisk, patchwork, ru\u010dn\u00ed \u0161it\u00ed hra\u010dek, bra\u0161n\u00e1\u0159i, ko\u0161\u00edk\u00e1\u0159i, m\u00fddla a&nbsp;kosmetika, \u0161ust\u011bn\u00ed, pern\u00edk\u00e1\u0159i, v\u00e1no\u010dn\u00ed ozdoby, dekorace a&nbsp;to v\u0161e a&nbsp;v\u00edce op\u011bt p\u0159\u00edmo od autor\u016f.<\/p>\r\n<p>V\u00e1no\u010dn\u00ed n\u00e1ladu zp\u0159\u00edjemn\u00ed tak\u00e9 st\u00e1nky s&nbsp;ob\u010derstven\u00edm. Nebude chyb\u011bt stylov\u00e1 \u010dajovna s&nbsp;posezen\u00edm, sva\u0159en\u00e9 v\u00edno, pun\u010d, medovina, lim\u010da i&nbsp;pivko. K&nbsp;zakousnut\u00ed pak sladk\u00e9 i&nbsp;slan\u00e9 lango\u0161e, pala\u010dinky, tradi\u010dn\u00ed \u0161tr\u00fadly, kobl\u00ed\u017eky, pern\u00ed\u010dky, pra\u017een\u00e9 o\u0159echy. Pro jedl\u00edky v\u011bt\u0161\u00ed porce \u010desk\u00e9 i&nbsp;mezin\u00e1rodn\u00ed kuchyn\u011b, staro\u010desk\u00e9 brambory, \u0161a\u0161l\u00edk, halu\u0161ky, v\u00e1no\u010dn\u00ed pol\u00e9vky, dom\u00e1c\u00ed smash burgery, wrapy s&nbsp;trhan\u00fdm masem, hot dogy a&nbsp;mnoho dal\u0161\u00edch delikates, kter\u00e9 zakoup\u00edte tak\u00e9 jako mo\u017en\u00fd d\u00e1rek pod strome\u010dek. Sypan\u00fd \u010daj, bio limon\u00e1dy a&nbsp;sirupy, d\u017eemy, \u010dokol\u00e1da Moona, v\u00fdb\u011brov\u00e1 v\u00edna v&nbsp;d\u00e1rkov\u00e9m balen\u00ed, lik\u00e9ry, spodn\u011b kva\u0161en\u00e1 piva plze\u0148sk\u00e9ho typu Dr\u00e1ten\u00edk.<\/p>\r\n<p>K v\u00e1no\u010dn\u00ed pohod\u011b u&nbsp;\u010dajovny a&nbsp;v\u00e1no\u010dn\u00edho stromku zazp\u00edv\u00e1 a&nbsp;zatan\u010d\u00ed nap\u0159\u00edklad d\u011btsk\u00fd soubor Vrbina, d\u011btsk\u00fd soubor Rolni\u010dka. Narozeninov\u00fd dort s&nbsp;dvac\u00edtkou organiz\u00e1to\u0159i rozkroj\u00ed v&nbsp;sobotu v&nbsp;17 hodin v&nbsp;rytmu Brass bandu z&nbsp;Rakovn\u00edka. Ti hraj\u00ed ortodoxn\u00ed dixieland neboli neworle\u00e1nsk\u00fd jazz ve stylu 20.&nbsp;a&nbsp;30.&nbsp;let minul\u00e9ho stolet\u00ed a&nbsp;samoz\u0159ejm\u011b p\u0159idaj\u00ed do reperto\u00e1ru v\u00e1no\u010dn\u00ed singly Franka Sinatry a&nbsp;dal\u0161\u00edch hv\u011bzd z&nbsp;t\u011bchto \u00fa\u017easn\u00fdch let.<br \/>\r\n<br \/>\r\n<\/p>\r\n<p>Vstup je jako v\u017edy zdarma a&nbsp;bez bari\u00e9r.<\/p>","protected":false},"excerpt":{"rendered":"[perex] P\u0159ij\u010fte si vybrat v\u00e1no\u010dn\u00ed d\u00e1rky na hrn\u010d\u00ed\u0159sk\u00e9 a&nbsp;\u0159emesln\u00e9 trhy na V\u00fdstavi\u0161t\u011b, kter\u00e9 maj\u00ed ji\u017e dvacetiletou tradici.\u00a0 Ka\u017ed\u00fd rok se na setk\u00e1n\u00ed s&nbsp;v\u00e1mi t\u011b\u0161\u00ed na 130 um\u011bleck\u00fdch \u0159emesln\u00edk\u016f, kte\u0159\u00ed se do Prahy sjedou z&nbsp;r\u016fzn\u00fdch kraj\u016f republiky i&nbsp;ze zahrani\u010d\u00ed. Tentokr\u00e1t se tak stane v&nbsp;sobotu 7.&nbsp;a&nbsp;v&nbsp;ned\u011bli 8.&nbsp;prosince 2024, v\u017edy od 10 do 18 hodin vstup zdarma. [\/perex] [&hellip;]","protected":false},"author":251,"featured_media":80810,"comment_status":"closed","ping_status":"open","sticky":false,"template":"","format":"standard","meta":[],"categories":[34],"tags":[110],"_links":{"self":[{"href":"https:\/\/www.praha7.cz\/api\/wp\/v2\/posts\/80809"}],"collection":[{"href":"https:\/\/www.praha7.cz\/api\/wp\/v2\/posts"}],"about":[{"href":"https:\/\/www.praha7.cz\/api\/wp\/v2\/types\/post"}],"author":[{"embeddable":true,"href":"https:\/\/www.praha7.cz\/api\/wp\/v2\/users\/251"}],"replies":[{"embeddable":true,"href":"https:\/\/www.praha7.cz\/api\/wp\/v2\/comments?post=80809"}],"version-history":[{"count":1,"href":"https:\/\/www.praha7.cz\/api\/wp\/v2\/posts\/80809\/revisions"}],"predecessor-version":[{"id":80811,"href":"https:\/\/www.praha7.cz\/api\/wp\/v2\/posts\/80809\/revisions\/80811"}],"wp:featuredmedia":[{"embeddable":true,"href":"https:\/\/www.praha7.cz\/api\/wp\/v2\/media\/80810"}],"wp:attachment":[{"href":"https:\/\/www.praha7.cz\/api\/wp\/v2\/media?parent=80809"}],"wp:term":[{"taxonomy":"category","embeddable":true,"href":"https:\/\/www.praha7.cz\/api\/wp\/v2\/categories?post=80809"},{"taxonomy":"post_tag","embeddable":true,"href":"https:\/\/www.praha7.cz\/api\/wp\/v2\/tags?post=80809"}],"curies":[{"name":"wp","href":"https:\/\/api.w.org\/{rel}","templated":true}]}}