    
{"id":80792,"date":"2024-12-02T14:20:21","date_gmt":"2024-12-02T13:20:21","guid":{"rendered":"https:\/\/www.praha7.cz\/?p=80792"},"modified":"2024-12-12T16:59:42","modified_gmt":"2024-12-12T15:59:42","slug":"jednosmerka-v-ul-milady-horakove-uvolni-cestu-tramvajim","status":"publish","type":"post","link":"https:\/\/www.praha7.cz\/jednosmerka-v-ul-milady-horakove-uvolni-cestu-tramvajim\/","title":{"rendered":"Jednosm\u011brka v&nbsp;ul. Milady Hor\u00e1kov\u00e9 uvoln\u00ed cestu tramvaj\u00edm"},"content":{"rendered":"<p>[perex]<\/p>\r\n<p>Upozor\u0148ujeme \u0159idi\u010de, \u017ee od st\u0159edy 4.&nbsp;12.&nbsp;2024 doch\u00e1z\u00ed na \u017e\u00e1dost Dopravn\u00edho podniku hl. m. Prahy ke stanoven\u00ed jednosm\u011brn\u00e9ho provozu v&nbsp;ulici Milady Hor\u00e1kov\u00e9 v&nbsp;\u00faseku od Letensk\u00e9ho n\u00e1m\u011bst\u00ed (ulice Oveneck\u00e1) k&nbsp;ulici Kamenick\u00e1. D\u016fvodem je dlouhodob\u00fd probl\u00e9m s&nbsp;blokov\u00e1n\u00edm tramvaj\u00ed auty, kter\u00e1 popoj\u00ed\u017ed\u011bj\u00ed po tramvajov\u00e9m p\u00e1su p\u0159ed odbo\u010den\u00edm do ulice Oveneck\u00e1.<\/p>\r\n<p>[\/perex]<\/p>\r\n<p>Ka\u017ed\u00fd, kdo n\u011bkdy jel v\u00a0dopravn\u00ed \u0161pi\u010dce tramvaj\u00ed z&nbsp;Kamenick\u00e9 na Letensk\u00e9 n\u00e1m\u011bst\u00ed, bezesporu za\u017eil dlouh\u00e9 minuty popoj\u00ed\u017ed\u011bn\u00ed v\u00a0kolon\u00e1ch. V\u00a0tomto pom\u011brn\u011b kr\u00e1tk\u00e9m \u00faseku \u010dasto doch\u00e1z\u00ed k\u00a0velmi v\u00fdrazn\u00e9mu zpo\u017e\u010fov\u00e1n\u00ed tramvaj\u00ed. D\u016fvodem jsou auta, kter\u00e1 odbo\u010duj\u00ed do ulice Oveneck\u00e9 a&nbsp;\u010dekaj\u00ed na sv\u011bteln\u00e9 k\u0159i\u017eovatce s&nbsp;Veletr\u017en\u00ed. Vzhledem k&nbsp;tomu, \u017ee Oveneck\u00e1 je mezi ulicemi Milady Hor\u00e1kov\u00e9 a&nbsp;Veletr\u017en\u00ed velmi kr\u00e1tk\u00e1, dlouhodob\u011b doch\u00e1z\u00ed k\u00a0tomu, \u017ee kolona aut \u010dekaj\u00edc\u00ed na zelenou se hromad\u00ed ji\u017e na tramvajov\u00e9m p\u00e1su v\u00a0ul. Milady Hor\u00e1kov\u00e9 a&nbsp;trv\u00e1 velmi dlouho, ne\u017e auta p\u0159es sv\u011btelnou k\u0159i\u017eovatku projedou a&nbsp;tramvaje pust\u00ed d\u00e1l na Letensk\u00e9 n\u00e1m\u011bst\u00ed. Situace se je\u0161t\u011b v\u00fdrazn\u011b zhor\u0161uje v\u017edy, kdy\u017e doch\u00e1z\u00ed k\u00a0regulaci provozu v\u00a0tunelu Blanka.<\/p>\r\n<p><strong>Z\u00a0tohoto d\u016fvodu od 4.&nbsp;12.&nbsp;2024 budou moci auta v\u00a0ul. Milady Hor\u00e1kov\u00e9 projet \u00fasek Oveneck\u00e1 \u2013 Kamenick\u00e1 pouze ve sm\u011bru od Letensk\u00e9ho n\u00e1m\u011bst\u00ed dol\u016f (na v\u00fdchod).<\/strong> Navrhovan\u00e1 \u00faprava vych\u00e1z\u00ed vst\u0159\u00edc po\u017eadavk\u016fm Dopravn\u00edho podniku a&nbsp;ROPIDu, kte\u0159\u00ed stejn\u011b jako ob\u010dan\u00e9 dlouhodob\u011b d\u016frazn\u011b volaj\u00ed po uvoln\u011bn\u00ed cesty zpo\u017e\u010fovan\u00fdm tramvajov\u00fdm link\u00e1m.<\/p>\r\n<p>Dal\u0161\u00ed \u00faseky Milady Hor\u00e1kov\u00e9 a&nbsp;okoln\u00edch ulic z\u016fst\u00e1vaj\u00ed beze zm\u011bn, stejn\u011b tak parkov\u00e1n\u00ed. Pouze v\u00a0nov\u011b jednosm\u011brn\u00e9m \u00faseku je t\u0159eba d\u00e1vat pozor, aby \u0159idi\u010di parkovali po obou stran\u00e1ch oto\u010deni spr\u00e1vn\u011b ve sm\u011bru j\u00edzdy.<\/p>\r\n<p>D\u011bkujeme za pochopen\u00ed.<\/p>\r\n<p><a href=\"https:\/\/www.praha7.cz\/wp-content\/uploads\/2024\/12\/Milady-Horakove-jednosmerka.jpg\"><img loading=\"lazy\" src=\"https:\/\/www.praha7.cz\/wp-content\/uploads\/2024\/12\/Milady-Horakove-jednosmerka-1500x810.jpg\" alt=\"\" width=\"640\" height=\"346\" class=\"alignnone size-large wp-image-80794\" srcset=\"https:\/\/www.praha7.cz\/wp-content\/uploads\/2024\/12\/Milady-Horakove-jednosmerka-1500x810.jpg 1500w, https:\/\/www.praha7.cz\/wp-content\/uploads\/2024\/12\/Milady-Horakove-jednosmerka-600x324.jpg 600w, https:\/\/www.praha7.cz\/wp-content\/uploads\/2024\/12\/Milady-Horakove-jednosmerka-768x415.jpg 768w, https:\/\/www.praha7.cz\/wp-content\/uploads\/2024\/12\/Milady-Horakove-jednosmerka-1536x829.jpg 1536w, https:\/\/www.praha7.cz\/wp-content\/uploads\/2024\/12\/Milady-Horakove-jednosmerka.jpg 1734w\" sizes=\"(max-width: 640px) 100vw, 640px\" \/><\/a><\/p>\r\n<p><a href=\"https:\/\/www.openstreetmap.org\/copyright\">\u00a9 OpenStreetMap contributors<\/a><\/p>","protected":false},"excerpt":{"rendered":"[perex] Upozor\u0148ujeme \u0159idi\u010de, \u017ee od st\u0159edy 4.&nbsp;12.&nbsp;2024 doch\u00e1z\u00ed na \u017e\u00e1dost Dopravn\u00edho podniku hl. m. Prahy ke stanoven\u00ed jednosm\u011brn\u00e9ho provozu v&nbsp;ulici Milady Hor\u00e1kov\u00e9 v&nbsp;\u00faseku od Letensk\u00e9ho n\u00e1m\u011bst\u00ed (ulice Oveneck\u00e1) k&nbsp;ulici Kamenick\u00e1. D\u016fvodem je dlouhodob\u00fd probl\u00e9m s&nbsp;blokov\u00e1n\u00edm tramvaj\u00ed auty, kter\u00e1 popoj\u00ed\u017ed\u011bj\u00ed po tramvajov\u00e9m p\u00e1su p\u0159ed odbo\u010den\u00edm do ulice Oveneck\u00e1. [\/perex] Ka\u017ed\u00fd, kdo n\u011bkdy jel v\u00a0dopravn\u00ed \u0161pi\u010dce tramvaj\u00ed [&hellip;]","protected":false},"author":5,"featured_media":80793,"comment_status":"closed","ping_status":"open","sticky":false,"template":"","format":"standard","meta":[],"categories":[34],"tags":[57],"_links":{"self":[{"href":"https:\/\/www.praha7.cz\/api\/wp\/v2\/posts\/80792"}],"collection":[{"href":"https:\/\/www.praha7.cz\/api\/wp\/v2\/posts"}],"about":[{"href":"https:\/\/www.praha7.cz\/api\/wp\/v2\/types\/post"}],"author":[{"embeddable":true,"href":"https:\/\/www.praha7.cz\/api\/wp\/v2\/users\/5"}],"replies":[{"embeddable":true,"href":"https:\/\/www.praha7.cz\/api\/wp\/v2\/comments?post=80792"}],"version-history":[{"count":5,"href":"https:\/\/www.praha7.cz\/api\/wp\/v2\/posts\/80792\/revisions"}],"predecessor-version":[{"id":80799,"href":"https:\/\/www.praha7.cz\/api\/wp\/v2\/posts\/80792\/revisions\/80799"}],"wp:featuredmedia":[{"embeddable":true,"href":"https:\/\/www.praha7.cz\/api\/wp\/v2\/media\/80793"}],"wp:attachment":[{"href":"https:\/\/www.praha7.cz\/api\/wp\/v2\/media?parent=80792"}],"wp:term":[{"taxonomy":"category","embeddable":true,"href":"https:\/\/www.praha7.cz\/api\/wp\/v2\/categories?post=80792"},{"taxonomy":"post_tag","embeddable":true,"href":"https:\/\/www.praha7.cz\/api\/wp\/v2\/tags?post=80792"}],"curies":[{"name":"wp","href":"https:\/\/api.w.org\/{rel}","templated":true}]}}