    
{"id":80766,"date":"2024-11-29T14:48:18","date_gmt":"2024-11-29T13:48:18","guid":{"rendered":"https:\/\/www.praha7.cz\/?p=80766"},"modified":"2025-04-28T15:34:50","modified_gmt":"2025-04-28T13:34:50","slug":"hledate-zajimavou-praci-se-zamerenim-na-dopravu-6","status":"publish","type":"post","link":"https:\/\/www.praha7.cz\/hledate-zajimavou-praci-se-zamerenim-na-dopravu-6\/","title":{"rendered":"Hled\u00e1te zaj\u00edmavou pr\u00e1ci se zam\u011b\u0159en\u00edm na dopravu?"},"content":{"rendered":"<p>[perex]<\/p>\r\n<p>\u00da\u0159ad Prahy&nbsp;7 p\u0159ijme do sv\u00e9ho t\u00fdmu kolegu\/kolegyni na pozici referent\/ka odd\u011blen\u00ed silni\u010dn\u00edho spr\u00e1vn\u00edho \u00fa\u0159adu na Odboru dopravy. Jste na silnic\u00edch jako doma a&nbsp;vyzn\u00e1te se v&nbsp;pravidlech provozu na komunikac\u00edch? Cht\u011bli byste se starat o&nbsp;dopravu v&nbsp;Praze 7? R\u00e1di byste pracovali v&nbsp;dynamicky se rozv\u00edjej\u00edc\u00ed m\u011bstsk\u00e9 \u010d\u00e1sti pro \u00fa\u0159ad s&nbsp;tak trochu jin\u00fdm p\u0159\u00edstupem? Nev\u00e1hejte a&nbsp;p\u0159ihlaste se do na\u0161eho v\u00fdb\u011brov\u00e9ho \u0159\u00edzen\u00ed, kter\u00e9 je prodlou\u017eeno do 30.&nbsp;kv\u011btna 2025.<\/p>\r\n<p>[\/perex]<\/p>\r\n<h3>Co u&nbsp;n\u00e1s budete d\u011blat?<\/h3>\r\n<p>Budete vykon\u00e1vat p\u016fsobnost silni\u010dn\u00edho spr\u00e1vn\u00edho \u00fa\u0159adu ve v\u011bcech m\u00edstn\u00edch komunikac\u00ed II. a\u017e IV. t\u0159\u00eddy. Povedete spr\u00e1vn\u00ed \u0159\u00edzen\u00ed, budete jednat s&nbsp;klienty a&nbsp;prov\u00e1d\u011bt kontroln\u00ed \u010dinnost v&nbsp;ter\u00e9nu.<\/p>\r\n<h3>Co od v\u00e1s o\u010dek\u00e1v\u00e1me?<\/h3>\r\n<ul>\r\n\t<li>vysoko\u0161kolsk\u00e9 vzd\u011bl\u00e1n\u00ed v&nbsp;bakal\u00e1\u0159sk\u00e9m studijn\u00edm programu<\/li>\r\n\t<li>znalost z\u00e1kona \u010d. 13\/1997 Sb., o&nbsp;pozemn\u00edch komunikac\u00edch<\/li>\r\n\t<li>znalost z\u00e1kona\u00a0 \u010d. 361\/2000 Sb., o&nbsp;provozu na pozemn\u00edch komunikac\u00edch<\/li>\r\n\t<li>znalost vyhl\u00e1\u0161ky 294\/2015 Sb., kterou se prov\u00e1d\u011bj\u00ed pravidla provozu na pozemn\u00edch komunikac\u00edch<\/li>\r\n\t<li>znalost\u00a0 z\u00e1kona \u010d. 500\/2004 Sb., spr\u00e1vn\u00ed \u0159\u00e1d<\/li>\r\n\t<li>znalost z\u00e1kona\u00a0 \u010d. 250\/2016 Sb., o&nbsp;odpov\u011bdnosti za p\u0159estupky a&nbsp;\u0159\u00edzen\u00ed o&nbsp;nich<\/li>\r\n\t<li>znalost z\u00e1kona \u010d. 168\/1999 Sb. o&nbsp;poji\u0161t\u011bn\u00ed odpov\u011bdnosti za \u0161kodu zp\u016fsobenou provozem vozidla<\/li>\r\n\t<li>znalost PC MS Word, MS Excel, internet<\/li>\r\n\t<li>zkou\u0161ka zvl\u00e1\u0161tn\u00ed odborn\u00e9 zp\u016fsobilosti v\u00fdhodou<\/li>\r\n\t<li>orientace v&nbsp;dopravn\u00ed problematice v\u00fdhodou<\/li>\r\n<\/ul>\r\n<h3><\/h3>\r\n<h3>Co v\u00e1m nab\u00edz\u00edme?<\/h3>\r\n<p>Jedn\u00e1 se o&nbsp;pracovn\u00ed pom\u011br na dobu ur\u010ditou \u2013 z\u00e1stup za mate\u0159skou dovolenou. N\u00e1stupn\u00ed plat v&nbsp;11.&nbsp;platov\u00e9 t\u0159\u00edd\u011b a\u017e do v\u00fd\u0161e 38&nbsp;570&nbsp;K\u010d podle d\u00e9lky odborn\u00e9 praxe. Po zku\u0161ebn\u00ed dob\u011b osobn\u00ed p\u0159\u00edplatek a\u017e do v\u00fd\u0161e 100&nbsp;% maxim\u00e1ln\u00edho n\u00e1stupn\u00edho platu. D\u00e1le poskytujeme stravenkovou kartu, 5 dn\u016f zdravotn\u00edho volna, p\u0159\u00edsp\u011bvek na dovolenou, pru\u017enou pracovn\u00ed dobu.<\/p>\r\n<table width=\"1109\" height=\"217\" style=\"color: black !important; font-weight: normal !important;\">\r\n<tbody>\r\n<tr>\r\n<td style=\"height: 0px; text-align: center;\"><\/td>\r\n<td style=\"height: 0px; text-align: center;\"><\/td>\r\n<td style=\"height: 0px; text-align: center;\"><\/td>\r\n<\/tr>\r\n<tr>\r\n<td style=\"width: 361px; text-align: center;\">\r\n<p><img loading=\"lazy\" src=\"https:\/\/www.praha7.cz\/wp-content\/uploads\/2018\/11\/rust.jpg\" alt=\"\" width=\"99\" height=\"96\" class=\"alignnone size-full wp-image-21382\" \/><\/p>\r\n<span style=\"font-weight: normal !important; color: black !important;\">Platov\u00e9 ohodnocen\u00ed, kter\u00e9 roste spolu s&nbsp;v\u00e1mi.<\/span><\/td>\r\n<td style=\"width: 363px; text-align: center;\">\r\n<p><img loading=\"lazy\" src=\"https:\/\/www.praha7.cz\/wp-content\/uploads\/2018\/11\/benefit.jpg\" alt=\"\" width=\"99\" height=\"96\" class=\"alignnone size-full wp-image-21381\" \/><\/p>\r\n<span style=\"font-weight: normal !important; color: black !important;\">\u0160irokou \u0161k\u00e1lu benefit\u016f, kter\u00e9 p\u0159ich\u00e1zej\u00ed <br \/>\r\nve spr\u00e1vn\u00fd \u010das.<\/span><\/td>\r\n<td style=\"width: 363px; text-align: center;\">\r\n<p><img loading=\"lazy\" src=\"https:\/\/www.praha7.cz\/wp-content\/uploads\/2018\/11\/dovolena.jpg\" alt=\"\" width=\"99\" height=\"96\" class=\"alignnone size-full wp-image-21383\" \/><\/p>\r\n<span style=\"font-weight: normal !important; color: black !important;\">P\u011bt t\u00fddn\u016f dovolen\u00e9, na kterou nebudete cht\u00edt odjet, a&nbsp;p\u011bt dn\u016f indispozi\u010dn\u00edho volna.<\/span><\/td>\r\n<\/tr>\r\n<tr>\r\n<td style=\"width: 361px; text-align: center;\">\r\n<p><img loading=\"lazy\" src=\"https:\/\/www.praha7.cz\/wp-content\/uploads\/2018\/11\/vzdelavani.jpg\" alt=\"\" width=\"142\" height=\"96\" class=\"alignnone size-full wp-image-21384\" \/><\/p>\r\n<span style=\"font-weight: normal !important; color: black !important;\">Mo\u017enost dal\u0161\u00edho vzd\u011bl\u00e1v\u00e1n\u00ed, abyste se <br \/>\r\nve sv\u011bt\u011b neztratili.<\/span><\/td>\r\n<td style=\"width: 363px; text-align: center;\">\r\n<p><img loading=\"lazy\" src=\"https:\/\/www.praha7.cz\/wp-content\/uploads\/2018\/11\/inspirace.jpg\" alt=\"\" width=\"99\" height=\"96\" class=\"alignnone size-full wp-image-21385\" \/><\/p>\r\n<span style=\"font-weight: normal !important; color: black !important;\">Pr\u00e1ci v&nbsp;inspirativn\u00edm kolektivu, kde se <br \/>\r\np\u0159ed n\u00e1pady nezav\u00edraj\u00ed o\u010di.<\/span><\/td>\r\n<td style=\"width: 363px; text-align: center;\">\r\n<p><img loading=\"lazy\" src=\"https:\/\/www.praha7.cz\/wp-content\/uploads\/2018\/11\/perspektiva.jpg\" alt=\"\" width=\"99\" height=\"96\" class=\"alignnone size-full wp-image-21386\" \/><\/p>\r\n<span style=\"font-weight: normal !important; color: black !important;\">Perspektivn\u00ed zam\u011bstn\u00e1n\u00ed, kde pom\u00e1h\u00e1te <br \/>\r\nm\u011bnit sv\u011bt kolem sebe.<\/span><\/td>\r\n<\/tr>\r\n<\/tbody>\r\n<\/table>\r\n<p>&nbsp;<\/p>\r\n<h3>Jak se k\u00a0n\u00e1m dostanete?<\/h3>\r\n<p>P\u0159ihl\u00e1\u0161ku a&nbsp;souhlas se zpracov\u00e1n\u00edm osobn\u00edch \u00fadaj\u016f\u00a0v\u010detn\u011b strukturovan\u00e9ho \u017eivotopisu, v\u00fdpisu z&nbsp;evidence Rejst\u0159\u00edku trest\u016f ne star\u0161\u00edho ne\u017e t\u0159i m\u011bs\u00edce a&nbsp;ov\u011b\u0159en\u00e9 kopie dokladu o&nbsp;nejvy\u0161\u0161\u00edm dosa\u017een\u00e9m vzd\u011bl\u00e1n\u00ed je mo\u017en\u00e9 osobn\u011b doru\u010dit v&nbsp;\u00fa\u0159edn\u00edch hodin\u00e1ch do podatelny \u00da\u0159adu M\u010c Praha&nbsp;7 nebo zaslat na n\u00ed\u017ee uvedenou adresu <strong><span style=\"color: #ff0000;\">nejpozd\u011bji do 30.&nbsp;kv\u011btna 2025<\/span><\/strong>.\u00a0<\/p>\r\n<p><strong>P\u0159edpokl\u00e1dan\u00fd vznik pracovn\u00edho pom\u011bru: dohodou.<\/strong><\/p>\r\n<p>&nbsp;<\/p>\r\n<p><strong>Formul\u00e1\u0159 ke sta\u017een\u00ed<\/strong><\/p>\r\n<p><a href=\"https:\/\/www.praha7.cz\/wp-content\/uploads\/2024\/11\/OPC-01-f02_Prihlaska_do_vyberoveho_poptavkoveho_rizeni_souhlas.pdf\">P\u0159ihl\u00e1\u0161ka a&nbsp;souhlas se zpracov\u00e1n\u00edm osobn\u00edch \u00fadaj\u016f<\/a><\/p>\r\n<p>&nbsp;<\/p>\r\n<p><em>M\u011bstsk\u00e1 \u010d\u00e1st Praha&nbsp;7<\/em><\/p>\r\n<p><em>\u00da\u0159ad m\u011bstsk\u00e9 \u010d\u00e1sti Praha&nbsp;7<\/em><\/p>\r\n<p><em>Odbor person\u00e1ln\u00edch \u010dinnost\u00ed<\/em><\/p>\r\n<p><em>U Pr\u016fhonu 1338\/38<\/em><\/p>\r\n<p><em>170&nbsp;00 Praha&nbsp;7<\/em><\/p>\r\n<p>&nbsp;<\/p>\r\n<p><strong>Ve\u0161ker\u00e9 pot\u0159ebn\u00e9 informace pro p\u0159ihl\u00e1\u0161en\u00ed do v\u00fdb\u011brov\u00e9ho \u0159\u00edzen\u00ed naleznete <a href=\"https:\/\/www.praha7.cz\/wp-content\/uploads\/2025\/04\/ODO_referent_SSU-IV.prodl_.pdf\">ZDE<\/a>.<\/strong><\/p>","protected":false},"excerpt":{"rendered":"[perex] \u00da\u0159ad Prahy&nbsp;7 p\u0159ijme do sv\u00e9ho t\u00fdmu kolegu\/kolegyni na pozici referent\/ka odd\u011blen\u00ed silni\u010dn\u00edho spr\u00e1vn\u00edho \u00fa\u0159adu na Odboru dopravy. Jste na silnic\u00edch jako doma a&nbsp;vyzn\u00e1te se v&nbsp;pravidlech provozu na komunikac\u00edch? Cht\u011bli byste se starat o&nbsp;dopravu v&nbsp;Praze 7? R\u00e1di byste pracovali v&nbsp;dynamicky se rozv\u00edjej\u00edc\u00ed m\u011bstsk\u00e9 \u010d\u00e1sti pro \u00fa\u0159ad s&nbsp;tak trochu jin\u00fdm p\u0159\u00edstupem? Nev\u00e1hejte a&nbsp;p\u0159ihlaste se do na\u0161eho [&hellip;]","protected":false},"author":5,"featured_media":24244,"comment_status":"closed","ping_status":"open","sticky":false,"template":"","format":"standard","meta":[],"categories":[34],"tags":[118],"_links":{"self":[{"href":"https:\/\/www.praha7.cz\/api\/wp\/v2\/posts\/80766"}],"collection":[{"href":"https:\/\/www.praha7.cz\/api\/wp\/v2\/posts"}],"about":[{"href":"https:\/\/www.praha7.cz\/api\/wp\/v2\/types\/post"}],"author":[{"embeddable":true,"href":"https:\/\/www.praha7.cz\/api\/wp\/v2\/users\/5"}],"replies":[{"embeddable":true,"href":"https:\/\/www.praha7.cz\/api\/wp\/v2\/comments?post=80766"}],"version-history":[{"count":12,"href":"https:\/\/www.praha7.cz\/api\/wp\/v2\/posts\/80766\/revisions"}],"predecessor-version":[{"id":83788,"href":"https:\/\/www.praha7.cz\/api\/wp\/v2\/posts\/80766\/revisions\/83788"}],"wp:featuredmedia":[{"embeddable":true,"href":"https:\/\/www.praha7.cz\/api\/wp\/v2\/media\/24244"}],"wp:attachment":[{"href":"https:\/\/www.praha7.cz\/api\/wp\/v2\/media?parent=80766"}],"wp:term":[{"taxonomy":"category","embeddable":true,"href":"https:\/\/www.praha7.cz\/api\/wp\/v2\/categories?post=80766"},{"taxonomy":"post_tag","embeddable":true,"href":"https:\/\/www.praha7.cz\/api\/wp\/v2\/tags?post=80766"}],"curies":[{"name":"wp","href":"https:\/\/api.w.org\/{rel}","templated":true}]}}