    
{"id":80718,"date":"2024-11-28T11:19:30","date_gmt":"2024-11-28T10:19:30","guid":{"rendered":"https:\/\/www.praha7.cz\/?p=80718"},"modified":"2024-12-09T13:18:15","modified_gmt":"2024-12-09T12:18:15","slug":"zmena-otviraci-doby-posty-v-delnicke","status":"publish","type":"post","link":"https:\/\/www.praha7.cz\/zmena-otviraci-doby-posty-v-delnicke\/","title":{"rendered":"Zm\u011bna otv\u00edrac\u00ed doby po\u0161ty v&nbsp;D\u011blnick\u00e9"},"content":{"rendered":"<p>[perex]<\/p>\r\n<p>Na z\u00e1klad\u011b informac\u00ed od \u010cesk\u00e9 po\u0161ty upozor\u0148ujeme ob\u010dany, \u017ee po\u0161tovn\u00ed pobo\u010dka v\u00a0ulici <a href=\"https:\/\/www.postaonline.cz\/detail-pobocky\/-\/pobocky\/detail\/17004\" target=\"_blank\" rel=\"noopener\">D\u011blnick\u00e1 213\/12<\/a> m\u011bn\u00ed otv\u00edrac\u00ed dobu. Od prosince ji\u017e nebude m\u00edt otev\u0159eno v\u00a0sobotu. V\u00a0tento den bude nad\u00e1le mo\u017en\u00e9 vyu\u017e\u00edvat slu\u017eeb pobo\u010dky v\u00a0ulici <a href=\"https:\/\/www.postaonline.cz\/detail-pobocky\/-\/pobocky\/detail\/17000\" target=\"_blank\" rel=\"noopener\">Milady Hor\u00e1kov\u00e9 383\/81<\/a>, kter\u00e1 m\u00e1 v\u00a0sobotu otev\u0159eno od 8.00 do 12.00 hodin.<\/p>\r\n<p>[\/perex]<\/p>\r\n<p>\u010cesk\u00e1 po\u0161ta z\u00e1rove\u0148 upozor\u0148uje na mo\u017enost odes\u00edl\u00e1n\u00ed a&nbsp;vyzved\u00e1v\u00e1n\u00ed bal\u00edk\u016f z&nbsp;box\u016f. V\u00edce informac\u00ed najdete <a href=\"https:\/\/www.ceskaposta.cz\/sluzby\/baliky\/cr\/balikovna-box\" target=\"_blank\" rel=\"noopener\">ZDE<\/a>.<\/p>\r\n<p>O dal\u0161\u00edch online slu\u017eb\u00e1ch \u010cesk\u00e9 po\u0161ty se do\u010dtete <a href=\"https:\/\/www.ceskaposta.cz\/sluzby\/ostatni-sluzby\/objednavka-na-pobocku\" target=\"_blank\" rel=\"noopener\">ZDE<\/a>.\u00a0<\/p>\r\n<p>&nbsp;<\/p>\r\n<p><a href=\"https:\/\/www.praha7.cz\/wp-content\/uploads\/2024\/11\/Posta-P74-zmena-otviraci-doby-scaled.jpg\"><img loading=\"lazy\" src=\"https:\/\/www.praha7.cz\/wp-content\/uploads\/2024\/11\/Posta-P74-zmena-otviraci-doby-1500x1000.jpg\" alt=\"\" width=\"640\" height=\"427\" class=\"alignnone size-large wp-image-80721\" srcset=\"https:\/\/www.praha7.cz\/wp-content\/uploads\/2024\/11\/Posta-P74-zmena-otviraci-doby-1500x1000.jpg 1500w, https:\/\/www.praha7.cz\/wp-content\/uploads\/2024\/11\/Posta-P74-zmena-otviraci-doby-600x400.jpg 600w, https:\/\/www.praha7.cz\/wp-content\/uploads\/2024\/11\/Posta-P74-zmena-otviraci-doby-768x512.jpg 768w, https:\/\/www.praha7.cz\/wp-content\/uploads\/2024\/11\/Posta-P74-zmena-otviraci-doby-1536x1024.jpg 1536w, https:\/\/www.praha7.cz\/wp-content\/uploads\/2024\/11\/Posta-P74-zmena-otviraci-doby-2048x1365.jpg 2048w\" sizes=\"(max-width: 640px) 100vw, 640px\" \/><\/a><\/p>","protected":false},"excerpt":{"rendered":"[perex] Na z\u00e1klad\u011b informac\u00ed od \u010cesk\u00e9 po\u0161ty upozor\u0148ujeme ob\u010dany, \u017ee po\u0161tovn\u00ed pobo\u010dka v\u00a0ulici D\u011blnick\u00e1 213\/12 m\u011bn\u00ed otv\u00edrac\u00ed dobu. Od prosince ji\u017e nebude m\u00edt otev\u0159eno v\u00a0sobotu. V\u00a0tento den bude nad\u00e1le mo\u017en\u00e9 vyu\u017e\u00edvat slu\u017eeb pobo\u010dky v\u00a0ulici Milady Hor\u00e1kov\u00e9 383\/81, kter\u00e1 m\u00e1 v\u00a0sobotu otev\u0159eno od 8.00 do 12.00 hodin. [\/perex] \u010cesk\u00e1 po\u0161ta z\u00e1rove\u0148 upozor\u0148uje na mo\u017enost odes\u00edl\u00e1n\u00ed a&nbsp;vyzved\u00e1v\u00e1n\u00ed [&hellip;]","protected":false},"author":5,"featured_media":80722,"comment_status":"closed","ping_status":"open","sticky":false,"template":"","format":"standard","meta":[],"categories":[34],"tags":[],"_links":{"self":[{"href":"https:\/\/www.praha7.cz\/api\/wp\/v2\/posts\/80718"}],"collection":[{"href":"https:\/\/www.praha7.cz\/api\/wp\/v2\/posts"}],"about":[{"href":"https:\/\/www.praha7.cz\/api\/wp\/v2\/types\/post"}],"author":[{"embeddable":true,"href":"https:\/\/www.praha7.cz\/api\/wp\/v2\/users\/5"}],"replies":[{"embeddable":true,"href":"https:\/\/www.praha7.cz\/api\/wp\/v2\/comments?post=80718"}],"version-history":[{"count":2,"href":"https:\/\/www.praha7.cz\/api\/wp\/v2\/posts\/80718\/revisions"}],"predecessor-version":[{"id":80724,"href":"https:\/\/www.praha7.cz\/api\/wp\/v2\/posts\/80718\/revisions\/80724"}],"wp:featuredmedia":[{"embeddable":true,"href":"https:\/\/www.praha7.cz\/api\/wp\/v2\/media\/80722"}],"wp:attachment":[{"href":"https:\/\/www.praha7.cz\/api\/wp\/v2\/media?parent=80718"}],"wp:term":[{"taxonomy":"category","embeddable":true,"href":"https:\/\/www.praha7.cz\/api\/wp\/v2\/categories?post=80718"},{"taxonomy":"post_tag","embeddable":true,"href":"https:\/\/www.praha7.cz\/api\/wp\/v2\/tags?post=80718"}],"curies":[{"name":"wp","href":"https:\/\/api.w.org\/{rel}","templated":true}]}}