    
{"id":80597,"date":"2024-11-20T13:13:13","date_gmt":"2024-11-20T12:13:13","guid":{"rendered":"https:\/\/www.praha7.cz\/?p=80597"},"modified":"2024-11-20T13:13:13","modified_gmt":"2024-11-20T12:13:13","slug":"advent-na-sedmicce-2024-brusleni-na-vystavisti-v-nedeli-1-12","status":"publish","type":"post","link":"https:\/\/www.praha7.cz\/advent-na-sedmicce-2024-brusleni-na-vystavisti-v-nedeli-1-12\/","title":{"rendered":"Advent na Sedmi\u010dce 2024: Bruslen\u00ed na V\u00fdstavi\u0161ti v&nbsp;ned\u011bli 1.&nbsp;12."},"content":{"rendered":"<p>[perex]<\/p>\r\n<p>M\u010c Praha&nbsp;7 p\u0159ipravila pro d\u011bti i&nbsp;dosp\u011bl\u00e9 adventn\u00ed program na V\u00fdstavi\u0161ti. V&nbsp;ned\u011bli 1.&nbsp;prosince 2024 od 15.15 do 17.15 si m\u016f\u017eete v&nbsp;Mal\u00e9 sportovn\u00ed hale na V\u00fdstavi\u0161ti Praha zdarma zabruslit. Sou\u010d\u00e1st\u00ed bude tak\u00e9 bezplatn\u00e1 p\u016fj\u010dovna brusl\u00ed a&nbsp;v&nbsp;prostor\u00e1ch St\u0159\u00edda\u010dky bude pro d\u011bti po dobu bruslen\u00ed p\u0159ipraven mal\u00fd program zdarma s&nbsp;mikul\u00e1\u0161skou tematikou \u2013 omalov\u00e1nky, tvo\u0159iv\u00e1 d\u00edlna, v&nbsp;n\u00ed\u017e si d\u011bti vyrob\u00ed masky \u010derta a&nbsp;Mikul\u00e1\u0161e, a&nbsp;fotobudka, kde na d\u011bti bude \u010dekat Mikul\u00e1\u0161 nebo and\u011bl.\u00a0<\/p>\r\n<p>[\/perex]<\/p>\r\n<p>&nbsp;<\/p>","protected":false},"excerpt":{"rendered":"[perex] M\u010c Praha&nbsp;7 p\u0159ipravila pro d\u011bti i&nbsp;dosp\u011bl\u00e9 adventn\u00ed program na V\u00fdstavi\u0161ti. V&nbsp;ned\u011bli 1.&nbsp;prosince 2024 od 15.15 do 17.15 si m\u016f\u017eete v&nbsp;Mal\u00e9 sportovn\u00ed hale na V\u00fdstavi\u0161ti Praha zdarma zabruslit. Sou\u010d\u00e1st\u00ed bude tak\u00e9 bezplatn\u00e1 p\u016fj\u010dovna brusl\u00ed a&nbsp;v&nbsp;prostor\u00e1ch St\u0159\u00edda\u010dky bude pro d\u011bti po dobu bruslen\u00ed p\u0159ipraven mal\u00fd program zdarma s&nbsp;mikul\u00e1\u0161skou tematikou \u2013 omalov\u00e1nky, tvo\u0159iv\u00e1 d\u00edlna, v&nbsp;n\u00ed\u017e si d\u011bti [&hellip;]","protected":false},"author":251,"featured_media":71636,"comment_status":"closed","ping_status":"open","sticky":false,"template":"","format":"standard","meta":[],"categories":[34],"tags":[122,110],"_links":{"self":[{"href":"https:\/\/www.praha7.cz\/api\/wp\/v2\/posts\/80597"}],"collection":[{"href":"https:\/\/www.praha7.cz\/api\/wp\/v2\/posts"}],"about":[{"href":"https:\/\/www.praha7.cz\/api\/wp\/v2\/types\/post"}],"author":[{"embeddable":true,"href":"https:\/\/www.praha7.cz\/api\/wp\/v2\/users\/251"}],"replies":[{"embeddable":true,"href":"https:\/\/www.praha7.cz\/api\/wp\/v2\/comments?post=80597"}],"version-history":[{"count":2,"href":"https:\/\/www.praha7.cz\/api\/wp\/v2\/posts\/80597\/revisions"}],"predecessor-version":[{"id":80604,"href":"https:\/\/www.praha7.cz\/api\/wp\/v2\/posts\/80597\/revisions\/80604"}],"wp:featuredmedia":[{"embeddable":true,"href":"https:\/\/www.praha7.cz\/api\/wp\/v2\/media\/71636"}],"wp:attachment":[{"href":"https:\/\/www.praha7.cz\/api\/wp\/v2\/media?parent=80597"}],"wp:term":[{"taxonomy":"category","embeddable":true,"href":"https:\/\/www.praha7.cz\/api\/wp\/v2\/categories?post=80597"},{"taxonomy":"post_tag","embeddable":true,"href":"https:\/\/www.praha7.cz\/api\/wp\/v2\/tags?post=80597"}],"curies":[{"name":"wp","href":"https:\/\/api.w.org\/{rel}","templated":true}]}}