    
{"id":80579,"date":"2024-11-19T13:42:07","date_gmt":"2024-11-19T12:42:07","guid":{"rendered":"https:\/\/www.praha7.cz\/?p=80579"},"modified":"2024-11-19T14:22:08","modified_gmt":"2024-11-19T13:22:08","slug":"advent-na-sedmicce-rozsviceni-vanocnich-stromu","status":"publish","type":"post","link":"https:\/\/www.praha7.cz\/advent-na-sedmicce-rozsviceni-vanocnich-stromu\/","title":{"rendered":"Advent na Sedmi\u010dce 2024: rozsv\u00edcen\u00ed v\u00e1no\u010dn\u00edch strom\u016f"},"content":{"rendered":"<p>[perex]<\/p>\r\n<p>Srde\u010dn\u011b v\u00e1s zveme na tradi\u010dn\u00ed rozsv\u00edcen\u00ed v\u00e1no\u010dn\u00edch strom\u016f.<\/p>\r\n<p>\ud83c\udf84 ve st\u0159edu 27.&nbsp;listopadu 2024 v&nbsp;16&nbsp;h rozsv\u00edt\u00edme v\u00e1no\u010dn\u00ed strom na Strossmayerov\u011b n\u00e1m\u011bst\u00ed, vystoup\u00ed Pra\u017esk\u00e9 \u017eest\u011b a&nbsp;d\u011btsk\u00fd p\u011bveck\u00fd sbor Radost Praha<br \/>\r\n\ud83c\udf84 ve st\u0159edu 4.&nbsp;prosince 2024 v&nbsp;16&nbsp;h rozsv\u00edt\u00edme v\u00e1no\u010dn\u00ed strom na Ortenov\u011b n\u00e1m\u011bst\u00ed, vystoup\u00ed K\u00fchn\u016fv d\u011btsk\u00fd sbor<\/p>\r\n<p>[\/perex]<\/p>\r\n<p>Na obou akc\u00edch bude pro p\u0159ipravena hork\u00e1 \u010dokol\u00e1da a&nbsp;sva\u0159en\u00e9 v\u00edno. Abychom omezili produkci jednor\u00e1zov\u00fdch plastov\u00fdch kel\u00edmk\u016f, pros\u00edme, p\u0159ineste si vlastn\u00ed hrne\u010dky.\u00a0<\/p>\r\n<p>V\u00e1no\u010dn\u00ed v\u00fdzdoba v&nbsp;ulic\u00edch Prahy&nbsp;7 a&nbsp;novinka leto\u0161n\u00edho sv\u00e1te\u010dn\u00edho roku, kdy si p\u0159ipom\u00edn\u00e1me 140.&nbsp;v\u00fdro\u010d\u00ed na\u0161\u00ed m\u011bstsk\u00e9 \u010d\u00e1sti, strom na Letensk\u00e9m n\u00e1m\u011bst\u00ed, se rozz\u00e1\u0159\u00ed ve st\u0159edu 27.&nbsp;listopadu v&nbsp;odpoledn\u00edch hodin\u00e1ch.<\/p>","protected":false},"excerpt":{"rendered":"[perex] Srde\u010dn\u011b v\u00e1s zveme na tradi\u010dn\u00ed rozsv\u00edcen\u00ed v\u00e1no\u010dn\u00edch strom\u016f. \ud83c\udf84 ve st\u0159edu 27.&nbsp;listopadu 2024 v&nbsp;16&nbsp;h rozsv\u00edt\u00edme v\u00e1no\u010dn\u00ed strom na Strossmayerov\u011b n\u00e1m\u011bst\u00ed, vystoup\u00ed Pra\u017esk\u00e9 \u017eest\u011b a&nbsp;d\u011btsk\u00fd p\u011bveck\u00fd sbor Radost Praha \ud83c\udf84 ve st\u0159edu 4.&nbsp;prosince 2024 v&nbsp;16&nbsp;h rozsv\u00edt\u00edme v\u00e1no\u010dn\u00ed strom na Ortenov\u011b n\u00e1m\u011bst\u00ed, vystoup\u00ed K\u00fchn\u016fv d\u011btsk\u00fd sbor [\/perex] Na obou akc\u00edch bude pro p\u0159ipravena hork\u00e1 \u010dokol\u00e1da a&nbsp;sva\u0159en\u00e9 [&hellip;]","protected":false},"author":251,"featured_media":80580,"comment_status":"closed","ping_status":"open","sticky":false,"template":"","format":"standard","meta":[],"categories":[34],"tags":[123,110],"_links":{"self":[{"href":"https:\/\/www.praha7.cz\/api\/wp\/v2\/posts\/80579"}],"collection":[{"href":"https:\/\/www.praha7.cz\/api\/wp\/v2\/posts"}],"about":[{"href":"https:\/\/www.praha7.cz\/api\/wp\/v2\/types\/post"}],"author":[{"embeddable":true,"href":"https:\/\/www.praha7.cz\/api\/wp\/v2\/users\/251"}],"replies":[{"embeddable":true,"href":"https:\/\/www.praha7.cz\/api\/wp\/v2\/comments?post=80579"}],"version-history":[{"count":4,"href":"https:\/\/www.praha7.cz\/api\/wp\/v2\/posts\/80579\/revisions"}],"predecessor-version":[{"id":80584,"href":"https:\/\/www.praha7.cz\/api\/wp\/v2\/posts\/80579\/revisions\/80584"}],"wp:featuredmedia":[{"embeddable":true,"href":"https:\/\/www.praha7.cz\/api\/wp\/v2\/media\/80580"}],"wp:attachment":[{"href":"https:\/\/www.praha7.cz\/api\/wp\/v2\/media?parent=80579"}],"wp:term":[{"taxonomy":"category","embeddable":true,"href":"https:\/\/www.praha7.cz\/api\/wp\/v2\/categories?post=80579"},{"taxonomy":"post_tag","embeddable":true,"href":"https:\/\/www.praha7.cz\/api\/wp\/v2\/tags?post=80579"}],"curies":[{"name":"wp","href":"https:\/\/api.w.org\/{rel}","templated":true}]}}