    
{"id":80542,"date":"2024-11-18T17:39:33","date_gmt":"2024-11-18T16:39:33","guid":{"rendered":"https:\/\/www.praha7.cz\/?p=80542"},"modified":"2024-11-28T13:23:45","modified_gmt":"2024-11-28T12:23:45","slug":"uprava-dopravniho-znaceni-v-dukelskych-hrdinu-a-prilehlych-ulicich","status":"publish","type":"post","link":"https:\/\/www.praha7.cz\/uprava-dopravniho-znaceni-v-dukelskych-hrdinu-a-prilehlych-ulicich\/","title":{"rendered":"\u00daprava dopravn\u00edho zna\u010den\u00ed v&nbsp;Dukelsk\u00fdch hrdin\u016f a&nbsp;p\u0159ilehl\u00fdch ulic\u00edch"},"content":{"rendered":"<p>[perex]<\/p>\r\n<p>Upozor\u0148ujeme, \u017ee ve dnech 26.&nbsp;a&nbsp;27.&nbsp;11.&nbsp;2024 prob\u011bhnou \u00fapravy svisl\u00e9ho i&nbsp;vodorovn\u00e9ho dopravn\u00edho zna\u010den\u00ed v\u00a0ul. Dukelsk\u00fdch hrdin\u016f a&nbsp;p\u0159ilehl\u00fdch ulic\u00edch Pplk. Sochora, He\u0159manova a&nbsp;\u0160ternberkova. Akce je realizov\u00e1na v\u00a0souvislosti s\u00a0finalizac\u00ed <a href=\"https:\/\/www.praha7.cz\/do-dukelskych-hrdinu-se-vraci-tramvaje-stross-bude-privetivejsi-pro-chodce-a-vstricnejsi-k-mhd\/\">stavebn\u00edch \u00faprav ul. Dukelsk\u00fdch hrdin\u016f v\u00a0\u00faseku Strossmayerovo n\u00e1m\u011bst\u00ed &#8211; Veletr\u017en\u00ed<\/a>.<\/p>\r\n<p>Upozor\u0148ujeme, \u017ee z&nbsp;d\u016fvodu prac\u00ed na komunikac\u00edch bude v&nbsp;uveden\u00fdch dnech v&nbsp;dot\u010den\u00fdch \u00fasec\u00edch ulic do\u010dasn\u011b omezeno parkov\u00e1n\u00ed. S&nbsp;ohledem na zm\u011bnu organizace dopravy v&nbsp;t\u00e9to lokalit\u011b dojde tak\u00e9 nov\u00e9mu vyzna\u010den\u00ed jednosm\u011brn\u00e9ho provozu v&nbsp;z\u00e1padn\u00ed \u010d\u00e1sti ulice Pplk. Sochora sm\u011brem k&nbsp;ulici Veverkova. Sou\u010d\u00e1st\u00ed realizace bude i&nbsp;vyzna\u010den\u00ed dal\u0161\u00edch rychloobr\u00e1tkov\u00fdch z\u00e1sobovac\u00edch st\u00e1n\u00ed, kter\u00e1 budou slou\u017eit k&nbsp;zaji\u0161t\u011bn\u00ed obsluhy okoln\u00edch dom\u016f a&nbsp;z\u00e1sobov\u00e1n\u00ed m\u00edstn\u00edch podnik\u016f. V\u011bnujte pros\u00edm pozornost dopravn\u00edmu zna\u010den\u00ed.<\/p>\r\n<p>D\u011bkujeme za pochopen\u00ed.<\/p>\r\n<p>[\/perex]<\/p>","protected":false},"excerpt":{"rendered":"[perex] Upozor\u0148ujeme, \u017ee ve dnech 26.&nbsp;a&nbsp;27.&nbsp;11.&nbsp;2024 prob\u011bhnou \u00fapravy svisl\u00e9ho i&nbsp;vodorovn\u00e9ho dopravn\u00edho zna\u010den\u00ed v\u00a0ul. Dukelsk\u00fdch hrdin\u016f a&nbsp;p\u0159ilehl\u00fdch ulic\u00edch Pplk. Sochora, He\u0159manova a&nbsp;\u0160ternberkova. Akce je realizov\u00e1na v\u00a0souvislosti s\u00a0finalizac\u00ed stavebn\u00edch \u00faprav ul. Dukelsk\u00fdch hrdin\u016f v\u00a0\u00faseku Strossmayerovo n\u00e1m\u011bst\u00ed &#8211; Veletr\u017en\u00ed. Upozor\u0148ujeme, \u017ee z&nbsp;d\u016fvodu prac\u00ed na komunikac\u00edch bude v&nbsp;uveden\u00fdch dnech v&nbsp;dot\u010den\u00fdch \u00fasec\u00edch ulic do\u010dasn\u011b omezeno parkov\u00e1n\u00ed. S&nbsp;ohledem na zm\u011bnu organizace [&hellip;]","protected":false},"author":5,"featured_media":80543,"comment_status":"closed","ping_status":"open","sticky":false,"template":"","format":"standard","meta":[],"categories":[34],"tags":[57],"_links":{"self":[{"href":"https:\/\/www.praha7.cz\/api\/wp\/v2\/posts\/80542"}],"collection":[{"href":"https:\/\/www.praha7.cz\/api\/wp\/v2\/posts"}],"about":[{"href":"https:\/\/www.praha7.cz\/api\/wp\/v2\/types\/post"}],"author":[{"embeddable":true,"href":"https:\/\/www.praha7.cz\/api\/wp\/v2\/users\/5"}],"replies":[{"embeddable":true,"href":"https:\/\/www.praha7.cz\/api\/wp\/v2\/comments?post=80542"}],"version-history":[{"count":4,"href":"https:\/\/www.praha7.cz\/api\/wp\/v2\/posts\/80542\/revisions"}],"predecessor-version":[{"id":80593,"href":"https:\/\/www.praha7.cz\/api\/wp\/v2\/posts\/80542\/revisions\/80593"}],"wp:featuredmedia":[{"embeddable":true,"href":"https:\/\/www.praha7.cz\/api\/wp\/v2\/media\/80543"}],"wp:attachment":[{"href":"https:\/\/www.praha7.cz\/api\/wp\/v2\/media?parent=80542"}],"wp:term":[{"taxonomy":"category","embeddable":true,"href":"https:\/\/www.praha7.cz\/api\/wp\/v2\/categories?post=80542"},{"taxonomy":"post_tag","embeddable":true,"href":"https:\/\/www.praha7.cz\/api\/wp\/v2\/tags?post=80542"}],"curies":[{"name":"wp","href":"https:\/\/api.w.org\/{rel}","templated":true}]}}