    
{"id":80530,"date":"2024-11-18T14:22:47","date_gmt":"2024-11-18T13:22:47","guid":{"rendered":"https:\/\/www.praha7.cz\/?p=80530"},"modified":"2024-11-26T10:55:48","modified_gmt":"2024-11-26T09:55:48","slug":"zveme-na-prednasku-holesovice-bubny-a-praha-snatek-z-rozumu","status":"publish","type":"post","link":"https:\/\/www.praha7.cz\/zveme-na-prednasku-holesovice-bubny-a-praha-snatek-z-rozumu\/","title":{"rendered":"Zveme na p\u0159edn\u00e1\u0161ku Hole\u0161ovice-Bubny a&nbsp;Praha \u2013 s\u0148atek z&nbsp;rozumu"},"content":{"rendered":"<p>[perex]<\/p>\r\n<p>V t\u011bchto dnech si p\u0159ipom\u00edn\u00e1me 140.&nbsp;v\u00fdro\u010d\u00ed p\u0159ipojen\u00ed spojen\u00fdch obc\u00ed Hole\u0161ovice-Bubny k&nbsp;Praze. Jak v&nbsp;onom slavn\u00e9m roce 1884 vypadaly a&nbsp;jak se \u017eilo v&nbsp;tehdej\u0161\u00edch Hole\u0161ovic\u00edch a&nbsp;Bubnech? Jak\u00e9 obt\u00ed\u017ee prov\u00e1zely vyjedn\u00e1v\u00e1n\u00ed o&nbsp;p\u0159ipojen\u00ed a&nbsp;jak prob\u011bhl cel\u00fd proces vzniku Prahy&nbsp;7? To a&nbsp;je\u0161t\u011b mnohem v\u00edce se dozv\u00edte v&nbsp;prezentaci doprov\u00e1zen\u00e9 mno\u017estv\u00edm obrazov\u00fdch materi\u00e1l\u016f. P\u0159edn\u00e1\u0161ka Stanislava V\u00e1clavovice se kon\u00e1 v&nbsp;pond\u011bl\u00ed 25.&nbsp;listopadu 2024 od 17 hodin na radnici (U&nbsp;Pr\u016fhonu 38), vstup zdarma, bez rezervace.<\/p>\r\n<p>[\/perex]<\/p>","protected":false},"excerpt":{"rendered":"[perex] V&nbsp;t\u011bchto dnech si p\u0159ipom\u00edn\u00e1me 140.&nbsp;v\u00fdro\u010d\u00ed p\u0159ipojen\u00ed spojen\u00fdch obc\u00ed Hole\u0161ovice-Bubny k&nbsp;Praze. Jak v&nbsp;onom slavn\u00e9m roce 1884 vypadaly a&nbsp;jak se \u017eilo v&nbsp;tehdej\u0161\u00edch Hole\u0161ovic\u00edch a&nbsp;Bubnech? Jak\u00e9 obt\u00ed\u017ee prov\u00e1zely vyjedn\u00e1v\u00e1n\u00ed o&nbsp;p\u0159ipojen\u00ed a&nbsp;jak prob\u011bhl cel\u00fd proces vzniku Prahy&nbsp;7? To a&nbsp;je\u0161t\u011b mnohem v\u00edce se dozv\u00edte v&nbsp;prezentaci doprov\u00e1zen\u00e9 mno\u017estv\u00edm obrazov\u00fdch materi\u00e1l\u016f. P\u0159edn\u00e1\u0161ka Stanislava V\u00e1clavovice se kon\u00e1 v&nbsp;pond\u011bl\u00ed 25.&nbsp;listopadu 2024 od [&hellip;]","protected":false},"author":251,"featured_media":80532,"comment_status":"closed","ping_status":"open","sticky":false,"template":"","format":"standard","meta":[],"categories":[34],"tags":[106,110],"_links":{"self":[{"href":"https:\/\/www.praha7.cz\/api\/wp\/v2\/posts\/80530"}],"collection":[{"href":"https:\/\/www.praha7.cz\/api\/wp\/v2\/posts"}],"about":[{"href":"https:\/\/www.praha7.cz\/api\/wp\/v2\/types\/post"}],"author":[{"embeddable":true,"href":"https:\/\/www.praha7.cz\/api\/wp\/v2\/users\/251"}],"replies":[{"embeddable":true,"href":"https:\/\/www.praha7.cz\/api\/wp\/v2\/comments?post=80530"}],"version-history":[{"count":1,"href":"https:\/\/www.praha7.cz\/api\/wp\/v2\/posts\/80530\/revisions"}],"predecessor-version":[{"id":80533,"href":"https:\/\/www.praha7.cz\/api\/wp\/v2\/posts\/80530\/revisions\/80533"}],"wp:featuredmedia":[{"embeddable":true,"href":"https:\/\/www.praha7.cz\/api\/wp\/v2\/media\/80532"}],"wp:attachment":[{"href":"https:\/\/www.praha7.cz\/api\/wp\/v2\/media?parent=80530"}],"wp:term":[{"taxonomy":"category","embeddable":true,"href":"https:\/\/www.praha7.cz\/api\/wp\/v2\/categories?post=80530"},{"taxonomy":"post_tag","embeddable":true,"href":"https:\/\/www.praha7.cz\/api\/wp\/v2\/tags?post=80530"}],"curies":[{"name":"wp","href":"https:\/\/api.w.org\/{rel}","templated":true}]}}