    
{"id":8050,"date":"2017-09-15T16:31:12","date_gmt":"2017-09-15T14:31:12","guid":{"rendered":"https:\/\/praha7.cz\/?p=8050"},"modified":"2017-10-18T00:02:27","modified_gmt":"2017-10-17T22:02:27","slug":"maly-berlin-ii","status":"publish","type":"post","link":"https:\/\/www.praha7.cz\/maly-berlin-ii\/","title":{"rendered":"Mal\u00fd Berl\u00edn II."},"content":{"rendered":"<p>[perex]<\/p>V\u00a0minul\u00e9m Hobuletu jsme se v\u011bnovali vzniku po\u010detn\u00e9 n\u011bmeckojazy\u010dn\u00e9 enkl\u00e1vy, je\u017e se v\u00a0severov\u00fdchodn\u00ed \u010d\u00e1sti Bubn\u016f \r\nvytvo\u0159ila ve 20.&nbsp;a&nbsp;30.&nbsp;letech minul\u00e9ho stolet\u00ed d\u00edky aktivit\u00e1m n\u011bmeck\u00fdch stavebn\u00edk\u016f. Sl\u00edben\u00fd druh\u00fd d\u00edl zah\u00e1j\u00edme \u010deskou reakc\u00ed na zdej\u0161\u00ed urbanistick\u00fd rozvoj a&nbsp;zam\u011b\u0159\u00edme se na stavbu, kter\u00e9 se v\u00a0dob\u011b jej\u00edho vzniku p\u0159ezd\u00edvalo Hn\u011bd\u00fd d\u016fm a&nbsp;dnes Mal\u00fd \r\nBerl\u00edn, i&nbsp;na v\u00e1le\u010dnou historii cel\u00e9 oblasti.<p>[\/perex]<\/p><p>O\u00a0tom, jak n\u011bmeck\u00fd stavebn\u00ed rozmach vn\u00edmala \u010d\u00e1st m\u00edstn\u00edch \u010cech\u016f, sv\u011bd\u010d\u00ed dva dopisy, kter\u00e9 v\u00a0roce 1933 dostal pra\u017esk\u00fd magistr\u00e1t, kdy\u017e projedn\u00e1val stavbu nov\u00e9 budovy pra\u017esk\u00e9 n\u011bmeck\u00e9 techniky. Ta m\u011bla st\u00e1t mezi Elektrick\u00fdmi podniky a\u00a0\u00darazovou poji\u0161\u0165ovnou, kde je dnes budova GSA a\u00a0n\u00e1jezd na magistr\u00e1lu.<\/p>\r\n<p>K\u00a0z\u00e1m\u011bru se 19.\u00a0kv\u011btna\u00a01933 vyj\u00e1d\u0159ila \u010ceskoslovensk\u00e1 n\u00e1rodn\u00ed demokracie v\u00a0Praze\u00a0VII. takto: \u201eMy ob\u010dan\u00e9 VII. \u010d\u00e1sti Prahy poukazujeme znovu na promy\u0161len\u011b prov\u00e1d\u011bnou germaniza\u010dn\u00ed \u010dinnost u\u00a0n\u00e1s, kde cel\u00e9 bloky dom\u016f jsou v\u00a0dr\u017een\u00ed N\u011bmc\u016f a\u00a0kde dal\u0161\u00ed rozp\u00ednavost znamen\u00e1 pon\u011bm\u010den\u00ed VII. \u010d\u00e1sti Prahy. (\u2026) Konstatujeme s\u00a0politov\u00e1n\u00edm, \u017ee v\u00a0Praze\u00a0VII. ji\u017e post\u00e1tn\u011bna byla obecn\u00e1 n\u011bmeck\u00e1 \u0161kola, a\u00a0se v\u0161\u00ed d\u016fraznost\u00ed protestujeme proti vybudov\u00e1n\u00ed dal\u0161\u00edch n\u011bmeck\u00fdch \u0161kol.\u201c (Typicky st\u0159edoevropskou ironi\u00ed je, \u017ee oba podepsan\u00ed \u010dinovn\u00edci maj\u00ed n\u011bmeck\u00e1 p\u0159\u00edjmen\u00ed.) Dopis Jednoty N\u00e1rodn\u00ed obce fa\u0161istick\u00e9 v\u00a0Praze\u00a0VII. z\u00a03.\u00a0dubna\u00a01933 pak varuje: \u201eM\u011bstsk\u00fd okres Praha-VII (sic) m\u00e1 cel\u00e9 ulice i\u00a0cel\u00e9 bloky dom\u016f \u00fapln\u011b n\u011bmeck\u00e9, tak\u017ee rozp\u00ednavost jejich ovl\u00e1dne tuto \u010dtvr\u0165 \u00fapln\u011b, bude-li se germanisace podporovati i\u00a0se strany m\u011bsta.\u201c Ke stavb\u011b nakonec nedo\u0161lo, t\u011b\u017eko \u0159\u00edci, zda pro odpor \u010desk\u00e9ho obyvatelstva, \u010di z\u00a0jin\u00fdch d\u016fvod\u016f.<\/p>\r\n<p>V\u00a0roce 1937 zah\u00e1jilo Stavebn\u00ed dru\u017estvo \u00fa\u0159edn\u00edk\u016f bank a\u00a0spo\u0159itelen v\u00a0Praze stavbu obytn\u00e9ho komplexu na rohu Bubensk\u00e9 a\u00a0Veletr\u017en\u00ed. Konstruktivistick\u00fd n\u00e1vrh domu vypracoval architekt Franz Hruschka (*1900 ve V\u00eddni; jeho osud po 2.&nbsp;sv\u011btov\u00e9 v\u00e1lce nen\u00ed zn\u00e1m), uv\u00e1d\u011bn\u00fd i\u00a0jako Hru\u0161ka, absolvent pra\u017esk\u00e9 n\u011bmeck\u00e9 techniky. Jako spoluautor b\u00fdv\u00e1 uv\u00e1d\u011bn Adolf Foehr, ve stavebn\u00ed dokumentaci se v\u0161ak jeho jm\u00e9no neobjevuje.<\/p>\r\n<p>Uzav\u0159en\u00fd \u0161esti- a\u017e osmipatrov\u00fd domovn\u00ed blok m\u00e1 dva vchody z\u00a0ulice U\u00a0Smaltovny s\u00a0vr\u00e1tnicemi. Ty vedou do atria, ze kter\u00e9ho se vstupuje do osmi obytn\u00fdch sekc\u00ed. V\u00a0atriu byla zahrada, d\u011btsk\u00e9 brouzdali\u0161t\u011b (v\u00a050.&nbsp;letech zasypan\u00e9), font\u00e1nka, p\u00edskovi\u0161t\u011b pro d\u011bti a\u00a0pergola s\u00a0lavi\u010dkami. Sou\u010d\u00e1st\u00ed komplexu byly tak\u00e9 obchody, skladi\u0161t\u011b a\u00a0ko\u010d\u00e1rk\u00e1rny, v\u00a0suter\u00e9nu modern\u00ed pr\u00e1delny s\u00a0kulisov\u00fdmi su\u0161\u00e1rnami a\u00a0d\u016fmysln\u00fdm za\u0159\u00edzen\u00edm na \u010di\u0161t\u011bn\u00ed koberc\u016f.<\/p>\r\n<p>Kolauda\u010dn\u00ed pl\u00e1ny domu nesou ironi\u00ed osudu datum 15.\u00a03.\u00a01939, tedy den, kdy byla republika obsazena n\u011bmeck\u00fdmi vojsky. Povolen\u00ed k\u00a0u\u017e\u00edv\u00e1n\u00ed vydal stavebn\u00ed \u00fa\u0159ad 14.\u00a04.&nbsp;a\u00a0d\u016fm byl dovybavov\u00e1n a\u017e do roku 1940. Novostavba dostala orienta\u010dn\u00ed \u010d\u00edsla U\u00a0Smaltovny 2 a\u00a04; ta j\u00ed dlouho nevydr\u017eela, o\u00a0rok pozd\u011bji byly p\u0159i p\u0159ejmenov\u00e1n\u00ed pra\u017esk\u00fdch ulic ulice U\u00a0Vozovky a\u00a0U\u00a0Smaltovny spojeny a\u00a0vznikl\u00e1 ulice Langemarck\u00e1 (pojmenovan\u00e1 po v\u00edt\u011bzn\u00e9 n\u011bmeck\u00e9 bitv\u011b v\u00a0Belgii na podzim 1914) byla p\u0159e\u010d\u00edslov\u00e1na.<\/p>\r\n<p>Okolnosti, za kter\u00fdch d\u016fm p\u0159i\u0161el k\u00a0p\u0159ezd\u00edvce \u201eBraunes Haus\u201c (Hn\u011bd\u00fd d\u016fm), jak ho N\u011bmci naz\u00fdvali i\u00a0v\u00a0\u00fa\u0159edn\u00edm styku, popsal v\u00a0roce 1941 p\u0159edv\u00e1le\u010dn\u00fd p\u0159edseda dru\u017estva Josef Rohm v\u00a0dopise \u0161\u00e9fovi kancel\u00e1\u0159e K. H. Franka dr. Robertu Giesovi. \u201eNejv\u011bt\u0161\u00ed stavebn\u00ed akce, jak\u00e1 kdy byla dru\u017estvem provedena, prob\u011bhla v\u00a0nejt\u011b\u017e\u0161\u00edm \u010dase pro stavebn\u00ed pr\u00e1ce. Kdy\u017e \u010desk\u00fd bulv\u00e1rn\u00ed tisk psal o\u00a0impozantn\u00ed dokon\u010den\u00e9 hrub\u00e9 stavb\u011b jako o\u00a0\u201aHenleinov\u011b hradu\u2018, vydal jsem p\u0159\u00edkaz prov\u00e9st fas\u00e1du v\u00a0hn\u011bd\u00e9 barv\u011b, aby \u201aHn\u011bd\u00fd d\u016fm\u2018 N\u011bmce p\u0159i p\u0159\u00edchodu p\u0159iv\u00edtal a\u00a0nab\u00eddl jim sv\u00fdch 177 byt\u016f jako kr\u00e1sn\u00fd domov. Navzdory nejt\u011b\u017e\u0161\u00edm pot\u00ed\u017e\u00edm (m\u00ed \u010de\u0161t\u00ed spolupracovn\u00edci z\u010d\u00e1sti uprchli, z\u010d\u00e1sti narukovali) se mi poda\u0159ilo v\u00a0dubnu 1939 tento a\u00a0dal\u0161\u00ed dva domy PVWV na posledn\u00ed chv\u00edli dokon\u010dit za n\u00edzk\u00e9 ceny, s\u00a0pou\u017eit\u00edm prvot\u0159\u00eddn\u00edch materi\u00e1l\u016f a\u00a0modern\u00edho vybaven\u00ed.\u201c<\/p>\r\n<p>Po vyhl\u00e1\u0161en\u00ed protektor\u00e1tu za\u010dali do Prahy proudit N\u011bmci obsazuj\u00edc\u00ed pozice v\u00a0org\u00e1nech \u0159\u00ed\u0161sk\u00e9 spr\u00e1vy, p\u0159\u00edslu\u0161n\u00edci gestapa, po\u0159\u00e1dkov\u00e9 policie atd. T\u011bm bylo nutn\u00e9 zajistit bydlen\u00ed. N\u011bmeck\u00fdm dru\u017estvem vlastn\u011bn\u00e1 a\u00a0z\u00a0v\u011bt\u0161\u00ed \u010d\u00e1sti dosud neobsazen\u00e1 novostavba se 177 byty a\u00a0s\u00a0vr\u00e1tnicemi, kter\u00e9 umo\u017e\u0148ovaly kontrolovat pohyb osob, nav\u00edc bl\u00edzko bubene\u010dsk\u00fdm vil\u00e1m, kde s\u00eddlili nejvy\u0161\u0161\u00ed nacisti\u010dt\u00ed \u010dinitel\u00e9 a\u00a0\u00fa\u0159ady, byla pro okupanty darem z\u00a0nebes.<\/p>\r\n<h3>Vykut\u00e1len\u00fd \u0161\u00e9f dru\u017estva<\/h3>\r\n<p>V\u00a0\u010dervnu 1939 \u0161\u00e9f pra\u017esk\u00e9ho gestapa Rasch pov\u011b\u0159il SS-Obersturmf\u00fchrera Jochena Tostmanna, bytem U\u00a0Smaltovny 1218, aby jako nucen\u00fd spr\u00e1vce p\u0159evzal \u0159\u00edzen\u00ed Stavebn\u00edho dru\u017estva \u00fa\u0159edn\u00edk\u016f bank a\u00a0spo\u0159itelen v\u00a0Praze (Baugenossenschaft f\u00fcr Bank- und Sparkassenbeamte in Prag, BGBSB), n\u011bmeck\u00e9 stavebn\u00ed spole\u010dnosti, kter\u00e1 se spolu s\u00a0Pra\u017esk\u00fdm spolkem pro lidov\u00e9 byty (Prager Volkswohnungsverein, PVWV) nejv\u00edce pod\u00edlela na z\u00e1stavb\u011b v\u00a0Bubnech. Tostmann m\u011bl zajistit byty pro gestapo a\u00a0dal\u0161\u00ed \u0159\u00ed\u0161sk\u00e9 org\u00e1ny (p\u0159edev\u0161\u00edm vyst\u011bhov\u00e1n\u00edm \u017eidovsk\u00fdch n\u00e1jemn\u00edk\u016f), arizaci \u017eidovsk\u00fdch pod\u00edl\u016f v\u00a0dru\u017estvu (ta tehdy je\u0161t\u011b prob\u00edhala za finan\u010dn\u00ed n\u00e1hradu) a\u00a0finan\u010dn\u00ed stabilizaci dru\u017estva, kter\u00e9 spl\u00e1celo \u00fav\u011bry, zat\u00edmco obsazov\u00e1n\u00ed byt\u016f n\u00e1jemn\u00edky vzhledem k\u00a0z\u00e1jm\u016fm \u0159\u00ed\u0161e v\u00e1zlo.<\/p>\r\n<p>Tostmann, kter\u00fd vedl tak\u00e9 obdobn\u00e1 dru\u017estva ve V\u00eddni a\u00a0v\u00a0Jihlav\u011b, p\u0159ejmenoval BGBSB na Obecn\u011b prosp\u011b\u0161n\u00e9 bytov\u00e9 dru\u017estvo v\u00a0Praze (Gemeinn\u00fctzige Siedlungsgenossenschaft in Prag) a\u00a0jeho s\u00eddlo p\u0159esunul do domu, kde bydlel (\u010d\u00edm\u017e se ocitlo na stejn\u00e9 adrese jako PVWV). Jinak se v\u0161ak jeho p\u016fsoben\u00ed vyzna\u010dovalo hlavn\u011b zam\u011bstn\u00e1v\u00e1n\u00edm kamar\u00e1d\u016f, podivn\u00fdmi p\u0159esuny majetku a\u00a0person\u00e1lu mezi Prahou, Jihlavou a\u00a0V\u00eddn\u00ed, koup\u00ed roadsteru Aero 30 za pen\u00edze dru\u017estva a\u00a0pos\u00edl\u00e1n\u00edm st\u00ed\u017enost\u00ed na spolupracovn\u00edky kancel\u00e1\u0159i K. H. Franka (co\u017e mu jeho kolegov\u00e9 zdatn\u011b opl\u00e1celi). Arizace prob\u00edhala pomalu, uvoln\u011bn\u00e9 byty z\u016fst\u00e1valy dlouho neobsazen\u00e9 a\u00a0finan\u010dn\u00ed pot\u00ed\u017ee dru\u017estva musel Frank\u016fv \u00fa\u0159ad koncem roku 1939 \u0159e\u0161it zvl\u00e1\u0161tn\u00ed p\u016fj\u010dkou ve v\u00fd\u0161i 5,5 milionu korun.<\/p>\r\n\r\n<figure id=\"attachment_8142\" aria-describedby=\"caption-attachment-8142\" style=\"width: 640px\" class=\"wp-caption alignnone\"><a href=\"https:\/\/praha7.cz\/wp-content\/uploads\/2017\/10\/2017-09-archiv-mapa.png\"><img loading=\"lazy\" src=\"https:\/\/praha7.cz\/wp-content\/uploads\/2017\/10\/2017-09-archiv-mapa-727x1000.png\" alt=\"\" width=\"640\" height=\"880\" class=\"size-large wp-image-8142\" srcset=\"https:\/\/www.praha7.cz\/wp-content\/uploads\/2017\/10\/2017-09-archiv-mapa-727x1000.png 727w, https:\/\/www.praha7.cz\/wp-content\/uploads\/2017\/10\/2017-09-archiv-mapa-291x400.png 291w, https:\/\/www.praha7.cz\/wp-content\/uploads\/2017\/10\/2017-09-archiv-mapa-768x1056.png 768w, https:\/\/www.praha7.cz\/wp-content\/uploads\/2017\/10\/2017-09-archiv-mapa.png 1440w\" sizes=\"(max-width: 640px) 100vw, 640px\" \/><\/a><figcaption id=\"caption-attachment-8142\" class=\"wp-caption-text\">Mapa dom\u016f v\u00a0oblasti Mal\u00e9ho Berl\u00edna, kter\u00e9 byly na konci v\u00e1lky ve vlastnictv\u00ed N\u011bmc\u016f nebo spole\u010dnost\u00ed s\u00a0rozhoduj\u00edc\u00edm n\u011bmeck\u00fdm vlivem. Hn\u011bdou barvou jsou vyzna\u010deny domy Pra\u017esk\u00e9ho spolku pro lidov\u00e9 byty (PVWV), \u010derven\u011b domy ostatn\u00edch vlastn\u00edk\u016f.<\/figcaption><\/figure>\r\n\r\n<p>Tostmannova \u010dinnost byla nakonec podrobena kontrole, jej\u00ed\u017e z\u00e1v\u011bry bez okolk\u016f ozna\u010dily jeho p\u016fsoben\u00ed za katastrofu. Tostmann byl v\u00a0\u010dervenci 1940 z\u00a0veden\u00ed dru\u017estva odvol\u00e1n a\u00a0nahrazen osv\u011bd\u010den\u00fdm p\u0159edv\u00e1le\u010dn\u00fdm funkcion\u00e1\u0159em PVWV i\u00a0BGBSB Josefem Rohmem, z\u00a0jeho\u017e dopisu o\u00a0dokon\u010den\u00ed Hn\u011bd\u00e9ho domu jsme ji\u017e citovali. Ten se jako \u010dlen prvorepublikov\u00e9 n\u011bmeck\u00e9 soci\u00e1ln\u00ed demokracie net\u011b\u0161il d\u016fv\u011b\u0159e \u0159\u00ed\u0161sk\u00fdch bezpe\u010dnostn\u00edch \u00fa\u0159ad\u016f, jeho mana\u017eersk\u00e9 schopnosti ale byly tak p\u0159esv\u011bd\u010div\u00e9, \u017ee snahy dos\u00e1hnout jeho odvol\u00e1n\u00ed kon\u010d\u00ed 18.\u00a0b\u0159ezna\u00a01942 lakonick\u00fdm z\u00e1znamem ve spisu: \u201ePan st\u00e1tn\u00ed tajemn\u00edk [K. H. Frank] rozhodl, \u017ee v\u00fdm\u011bna Rohma v\u00a0sou\u010dasn\u00e9 dob\u011b nep\u0159ich\u00e1z\u00ed v\u00a0\u00favahu.\u201c<\/p>\r\n<p>V\u00a0roce 1941 bylo rozhodnuto o\u00a0f\u00fazi b\u00fdval\u00e9ho BGBSB s\u00a0Pra\u017esk\u00fdm spolkem pro lidov\u00e9 byty, kter\u00fd se tak stal nejv\u011bt\u0161\u00edm majitelem dom\u016f v\u00a0Praze 7\u00a0\u2013 v\u00a0roce 1945, kdy jeho majetek p\u0159evzala n\u00e1rodn\u00ed spr\u00e1va, vlastnil 45 dom\u016f.<\/p>\r\n<h3>Pra\u017esk\u00e9 povst\u00e1n\u00ed a\u00a0konec \u201en\u011bmeck\u00fdch\u201c Bubn\u016f<\/h3>\r\n<p>V\u0161echny dochovan\u00e9 dokumenty a\u00a0sv\u011bdectv\u00ed potvrzuj\u00ed, \u017ee oblast Mal\u00e9ho Berl\u00edna byla na konci v\u00e1lky pln\u00e1 nacist\u016f, z\u00e1rove\u0148 v\u0161ak v\u00a0Praze 7 fungovalo siln\u00e9 odbojov\u00e9 hnut\u00ed. Ud\u00e1losti povst\u00e1n\u00ed v\u00a0na\u0161\u00ed \u010dtvrti zachycuje film Otakara V\u00e1vry N\u011bm\u00e1 barik\u00e1da, nato\u010den\u00fd v\u00a0roce 1949 podle stejnojmenn\u00e9 knihy Jana Drdy. Ta v\u00a0pov\u00eddce Z\u00e1ke\u0159n\u00edk reflektuje tak\u00e9 ud\u00e1lost z\u00a06.\u00a0kv\u011btna, kdy N\u011bmka zast\u0159elila z\u00a0okna Hn\u011bd\u00e9ho domu mal\u00e9 d\u011bv\u010de; trag\u00e9dii dosv\u011bd\u010duje i\u00a0kronika \u0161koly v\u00a0Um\u011bleck\u00e9 ulici. Ve filmu byl p\u0159\u00edb\u011bh pozm\u011bn\u011bn a\u00a0nato\u010den v\u00a0ulici U\u00a0Pergamenky.<\/p>\r\n<p>Zaj\u00edmavou kronikou povst\u00e1n\u00ed je i\u00a0publikace Praha&nbsp;7 v\u00a0kv\u011btnu 1945, vydan\u00e1 v\u00a0roce 1985. V\u00a0n\u00ed se mimo jin\u00e9 do\u010dteme, \u017ee 5.\u00a0kv\u011btna v\u00a015 hodin byly \u201ez\u00a0velitelstv\u00ed Stud\u00e1nka vysl\u00e1ny dv\u011b skupiny dobrovoln\u00edk\u016f do tzv. Mal\u00e9ho Berl\u00edna. \u00datok proti tzv. Hn\u011bd\u00e9mu domu. Je rychle dobyt.\u201c D\u00e1le byl 6.\u00a0kv\u011btna v\u00a09.30 hodin \u201eprov\u011b\u0159ov\u00e1n a\u00a0\u010di\u0161t\u011bn prostor ulic U\u00a0stud\u00e1nky, Veletr\u017en\u00ed, (\u2026), bloky a\u00a0domy v\u00a0tzv. Mal\u00e9m Berl\u00edn\u011b\u201c. Ob\u011b citace dokl\u00e1daj\u00ed, \u017ee pojmenov\u00e1n\u00ed Mal\u00fd Berl\u00edn se v\u00a0t\u00e9 dob\u011b u\u017e\u00edvalo pro celou oblast a\u00a0domu, kter\u00fd je jako Mal\u00fd Berl\u00edn naz\u00fdv\u00e1n dnes, se \u0159\u00edkalo Hn\u011bd\u00fd d\u016fm.<\/p>\r\n<p>Hn\u011bd\u00fd d\u016fm po osvobozen\u00ed Prahy obsadila Rud\u00e1 arm\u00e1da a\u00a0n\u011bmeck\u00e9 domy za\u010dali p\u0159eb\u00edrat \u010de\u0161t\u00ed n\u00e1rodn\u00ed spr\u00e1vci. Konfiskace a\u00a0odsun N\u011bmc\u016f ud\u011blaly za \u201en\u011bmeckou\u201c histori\u00ed Bubn\u016f definitivn\u00ed te\u010dku. Do uvoln\u011bn\u00fdch byt\u016f se st\u011bhovalo \u010desk\u00e9 obyvatelstvo odjinud a\u00a0s\u00a0jistou nads\u00e1zkou tak lze t\u00e9ma uzav\u0159\u00edt konstatov\u00e1n\u00edm, \u017ee Mal\u00fd Berl\u00edn se po v\u00e1lce prom\u011bnil v\u00a0mal\u00e9 Sudety uprost\u0159ed Prahy.<\/p>","protected":false},"excerpt":{"rendered":"[perex]V\u00a0minul\u00e9m Hobuletu jsme se v\u011bnovali vzniku po\u010detn\u00e9 n\u011bmeckojazy\u010dn\u00e9 enkl\u00e1vy, je\u017e se v\u00a0severov\u00fdchodn\u00ed \u010d\u00e1sti Bubn\u016f vytvo\u0159ila ve 20.&nbsp;a&nbsp;30.&nbsp;letech minul\u00e9ho stolet\u00ed d\u00edky aktivit\u00e1m n\u011bmeck\u00fdch stavebn\u00edk\u016f. Sl\u00edben\u00fd druh\u00fd d\u00edl zah\u00e1j\u00edme \u010deskou reakc\u00ed na zdej\u0161\u00ed urbanistick\u00fd rozvoj a&nbsp;zam\u011b\u0159\u00edme se na stavbu, kter\u00e9 se v\u00a0dob\u011b jej\u00edho vzniku p\u0159ezd\u00edvalo Hn\u011bd\u00fd d\u016fm a&nbsp;dnes Mal\u00fd Berl\u00edn, i&nbsp;na v\u00e1le\u010dnou historii cel\u00e9 oblasti.[\/perex]O\u00a0tom, jak n\u011bmeck\u00fd [&hellip;]","protected":false},"author":9,"featured_media":8140,"comment_status":"open","ping_status":"open","sticky":false,"template":"","format":"standard","meta":[],"categories":[37],"tags":[],"_links":{"self":[{"href":"https:\/\/www.praha7.cz\/api\/wp\/v2\/posts\/8050"}],"collection":[{"href":"https:\/\/www.praha7.cz\/api\/wp\/v2\/posts"}],"about":[{"href":"https:\/\/www.praha7.cz\/api\/wp\/v2\/types\/post"}],"author":[{"embeddable":true,"href":"https:\/\/www.praha7.cz\/api\/wp\/v2\/users\/9"}],"replies":[{"embeddable":true,"href":"https:\/\/www.praha7.cz\/api\/wp\/v2\/comments?post=8050"}],"version-history":[{"count":2,"href":"https:\/\/www.praha7.cz\/api\/wp\/v2\/posts\/8050\/revisions"}],"predecessor-version":[{"id":8143,"href":"https:\/\/www.praha7.cz\/api\/wp\/v2\/posts\/8050\/revisions\/8143"}],"wp:featuredmedia":[{"embeddable":true,"href":"https:\/\/www.praha7.cz\/api\/wp\/v2\/media\/8140"}],"wp:attachment":[{"href":"https:\/\/www.praha7.cz\/api\/wp\/v2\/media?parent=8050"}],"wp:term":[{"taxonomy":"category","embeddable":true,"href":"https:\/\/www.praha7.cz\/api\/wp\/v2\/categories?post=8050"},{"taxonomy":"post_tag","embeddable":true,"href":"https:\/\/www.praha7.cz\/api\/wp\/v2\/tags?post=8050"}],"curies":[{"name":"wp","href":"https:\/\/api.w.org\/{rel}","templated":true}]}}