    
{"id":8048,"date":"2017-10-15T16:09:59","date_gmt":"2017-10-15T14:09:59","guid":{"rendered":"https:\/\/praha7.cz\/?p=8048"},"modified":"2018-03-30T11:16:51","modified_gmt":"2018-03-30T09:16:51","slug":"konec-bloudeni-na-vltavske","status":"publish","type":"post","link":"https:\/\/www.praha7.cz\/konec-bloudeni-na-vltavske\/","title":{"rendered":"Konec bloud\u011bn\u00ed na Vltavsk\u00e9"},"content":{"rendered":"<p>[perex]<\/p>\r\n<p>V podchodech pod Vltavskou se u\u017e neztrat\u00edte. Od poloviny z\u00e1\u0159\u00ed 2017 v\u00e1s spletit\u00fdmi kouty zdej\u0161\u00edch chodeb, podchod\u016f a&nbsp;nadchod\u016f bezpe\u010dn\u011b provede nov\u00fd orienta\u010dn\u00ed syst\u00e9m, za kter\u00fdm stoj\u00ed spolek n\u011bkolika mlad\u00fdch architekt\u016f.<\/p>\r\n<p>[\/perex]<\/p>\r\n<p>Ji\u017e pot\u0159et\u00ed o\u017eily b\u011bhem sousedsk\u00fdch slavnost\u00ed Za\u017e\u00edt m\u011bsto jinak podchody kolem Vltavsk\u00e9. Krom\u011b pouli\u010dn\u00edho akustick\u00e9ho koncertu \u010di v\u00fdstavy zab\u00fdvaj\u00edc\u00ed se \u017eivotem na ulici byl hlavn\u00edm bodem programu pr\u00e1v\u011b k\u0159est nov\u00e9ho orienta\u010dn\u00edho syst\u00e9mu.<\/p>\r\n<p>\u201e\u010cas od \u010dasu jsme chodili do budovy b\u00fdval\u00fdch Elektrick\u00fdch podnik\u016f, kde m\u00e1 s\u00eddlo hodn\u011b architektonick\u00fdch ateli\u00e9r\u016f, a\u00a0fascinovalo n\u00e1s, jak jsou podchody spletit\u00e9 a\u00a0zanedban\u00e9 a\u00a0jak m\u00e1lo lid\u00ed tudy chod\u00ed. P\u0159itom je tohle m\u00edsto pom\u011brn\u011b v\u00a0centru a\u00a0nedaleko velk\u00e9ho dopravn\u00edho uzlu,\u201c popisuje za\u010d\u00e1tky n\u00e1padu architektka Karol\u00edna Kripnerov\u00e1, zakladatelka Architekt\u016f bez hranic. Spolek vznikl ofici\u00e1ln\u011b na ja\u0159e tohoto roku, ale ji\u017e od roku 2015 sdru\u017euje des\u00edtku architekt\u016f se z\u00e1jmem o\u00a0ve\u0159ejn\u00fd prostor. Jeho \u010dlenov\u00e9 stoj\u00ed nap\u0159\u00edklad za projektem Ve\u0159ejn\u00fdch \u0161atn\u00edch sk\u0159\u00edn\u00ed nebo Ve\u0159ejn\u00fdch sprch, jen\u017e dostal n\u00e1zev Sprchomat. \u201eZaj\u00edm\u00e1 n\u00e1s, jak vypad\u00e1 prost\u0159ed\u00ed, ve kter\u00e9m \u017eijeme, a\u00a0sna\u017e\u00edme se ho m\u011bnit k\u00a0lep\u0161\u00edmu. Nechceme jen \u010dekat na zak\u00e1zky, ale sp\u00ed\u0161e b\u00fdt hybateli v\u011bc\u00ed a\u00a0b\u00fdt spole\u010dnosti prosp\u011b\u0161n\u00ed,\u201c vysv\u011btluje motivace druh\u00fd ze zakladatel\u016f Vojt\u011bch Sigmund.<\/p>\r\n<p><a href=\"https:\/\/www.praha7.cz\/wp-content\/uploads\/2018\/03\/2017-10-rozvoj-04.jpg\"><img loading=\"lazy\" width=\"640\" height=\"427\" class=\"alignnone size-large wp-image-15218\" alt=\"\" src=\"https:\/\/www.praha7.cz\/wp-content\/uploads\/2018\/03\/2017-10-rozvoj-04-1500x1000.jpg\" srcset=\"https:\/\/www.praha7.cz\/wp-content\/uploads\/2018\/03\/2017-10-rozvoj-04-1500x1000.jpg 1500w, https:\/\/www.praha7.cz\/wp-content\/uploads\/2018\/03\/2017-10-rozvoj-04-600x400.jpg 600w, https:\/\/www.praha7.cz\/wp-content\/uploads\/2018\/03\/2017-10-rozvoj-04-768x512.jpg 768w, https:\/\/www.praha7.cz\/wp-content\/uploads\/2018\/03\/2017-10-rozvoj-04.jpg 2048w\" sizes=\"(max-width: 640px) 100vw, 640px\" \/><\/a><\/p>\r\n<p>Hl\u00e1vk\u016fv most, kter\u00fd u\u00a0stanice metra Vltavsk\u00e1 spojuje Florenc s\u00a0Hole\u0161ovicemi, byl postaven na po\u010d\u00e1tku dvac\u00e1t\u00e9ho stolet\u00ed. Kdy\u017e v\u0161ak do\u0161lo k\u00a0v\u00fdrazn\u00e9mu prosazen\u00ed automobilov\u00e9 dopravy a\u00a0za\u010dala se pl\u00e1novat stavba severoji\u017en\u00ed magistr\u00e1ly, most ji\u017e kapacitn\u011b nevyhovoval, a\u00a0proto byl roz\u0161\u00ed\u0159en. Vznikly mohutn\u00e9 br\u00fdle n\u00e1jezd\u016f a\u00a0sjezd\u016f bez lidsk\u00e9ho m\u011b\u0159\u00edtka. Pohyb p\u011b\u0161\u00edch zde m\u011bly vy\u0159e\u0161it mimo\u00farov\u0148ov\u00e9 podchody. Syst\u00e9m m\u00e1 celkem 12 vstup\u016f\u00a0\u2013 n\u011bkter\u00e9 po ramp\u011b, jin\u00e9 schodi\u0161t\u011bm. Podchody pod Vltavskou tak byly m\u00edstem, kde se v\u00a0minulosti spolehliv\u011b ztratil t\u00e9m\u011b\u0159 ka\u017ed\u00fd odv\u00e1\u017elivec, kter\u00fd se do t\u011bchto m\u00edst v\u016fbec vydal.<\/p>\r\n<p>\u201eReagovali jsme na pozn\u00e1mky m\u00edstn\u00edch, ale i\u00a0lid\u00ed, kte\u0159\u00ed tudy chod\u00ed do pr\u00e1ce. Ob\u011b skupiny p\u0159iznaly, \u017ee se dr\u017e\u00ed osv\u011bd\u010den\u00e9 trasy, aby se v\u00a0podchodech neztratily, nebo se m\u00edstu rovnou vyh\u00fdbaj\u00ed,\u201c vysv\u011btluje zdej\u0161\u00ed realitu Karol\u00edna Kripnerov\u00e1.<\/p>\r\n<h3>Rozpleten\u00fd labyrint<\/h3>\r\n<p>Prvn\u00ed n\u00e1st\u0159ely orienta\u010dn\u00edho syst\u00e9mu za\u010daly vznikat ji\u017e po\u010d\u00e1tkem lo\u0148sk\u00e9ho roku.\u00a0P\u016fvodn\u00ed n\u00e1vrh po\u010d\u00edtal s\u00a0liniemi a\u00a0\u0161ipkami um\u00edst\u011bn\u00fdmi na dla\u017ebu. Tohle \u0159e\u0161en\u00ed ale narazilo na regule Technick\u00e9 spr\u00e1vy komunikac\u00ed, nav\u00edc jeho tv\u016frci p\u0159i testov\u00e1n\u00ed zjistili malou odolnost n\u00e1t\u011br\u016f, a\u00a0tak se vym\u00fd\u0161lela jin\u00e1 varianta. \u201ePro cel\u00fd projekt byla velmi d\u016fle\u017eit\u00e1 podpora radnice Prahy&nbsp;7, kter\u00e1 projektu od jeho za\u010d\u00e1tku fandila a\u00a0pomohla n\u00e1m jej v\u00a0n\u011bkolika kl\u00ed\u010dov\u00fdch momentech udr\u017eet p\u0159i \u017eivot\u011b,\u201c podot\u00fdk\u00e1 \u010dlen spolku Martin Chud\u00ed\u010dek.<\/p>\r\n<p><a href=\"https:\/\/www.praha7.cz\/wp-content\/uploads\/2018\/03\/2017-10-rozvoj-01.jpg\"><img loading=\"lazy\" width=\"640\" height=\"360\" class=\"alignnone size-large wp-image-15221\" alt=\"\" src=\"https:\/\/www.praha7.cz\/wp-content\/uploads\/2018\/03\/2017-10-rozvoj-01-1500x844.jpg\" srcset=\"https:\/\/www.praha7.cz\/wp-content\/uploads\/2018\/03\/2017-10-rozvoj-01-1500x844.jpg 1500w, https:\/\/www.praha7.cz\/wp-content\/uploads\/2018\/03\/2017-10-rozvoj-01-600x338.jpg 600w, https:\/\/www.praha7.cz\/wp-content\/uploads\/2018\/03\/2017-10-rozvoj-01-768x432.jpg 768w, https:\/\/www.praha7.cz\/wp-content\/uploads\/2018\/03\/2017-10-rozvoj-01.jpg 2048w\" sizes=\"(max-width: 640px) 100vw, 640px\" \/><\/a><\/p>\r\n<p>Fin\u00e1ln\u00ed podoba tak sest\u00e1v\u00e1 ze s\u00e9rie barevn\u00fdch ploch, piktogram\u016f a\u00a0n\u00e1zv\u016f hlavn\u00edch sm\u011br\u016f um\u00edst\u011bn\u00fdch na betonov\u00fdch ploch\u00e1ch: \u010derven\u011b stanice Vltavsk\u00e1, \u017elut\u011b Strossmayerovo n\u00e1m\u011bst\u00ed, mod\u0159e n\u00e1b\u0159e\u017e\u00ed Kapit\u00e1na Jaro\u0161e a\u00a0zelen\u011b Bubensk\u00e9 n\u00e1b\u0159e\u017e\u00ed. Z\u00e1kladn\u00ed trasy dopl\u0148uje i\u00a0sm\u011br na \u0160tvanici.<\/p>\r\n<p>Projekt je v\u00fdjime\u010dn\u00fd t\u00edm, \u017ee jej skupina Architekti bez hranic iniciovala, navrhla a\u00a0prov\u00e1d\u00ed zcela bez n\u00e1roku na honor\u00e1\u0159. Ostatn\u011b cel\u00fd spolek zat\u00edm poh\u00e1n\u00ed pr\u00e1v\u011b velk\u00e9 nad\u0161en\u00ed a\u00a0jeho \u010dlenov\u00e9 na projektech pracuj\u00ed ve voln\u00e9m \u010dase\u00a0\u2013 ka\u017ed\u00fd dle sv\u00fdch mo\u017enost\u00ed. Pen\u00edze na proveden\u00ed revitalizace podchod\u016f pak na\u0161el v\u00a0rozpo\u010dtu pra\u017esk\u00fd magistr\u00e1t a\u00a0p\u0159isp\u011bla i\u00a0Nadace Prom\u011bny Karla Kom\u00e1rka.<\/p>\r\n<h3>Jen \u0161ipky nepom\u016f\u017eou<\/h3>\r\n<p>C\u00edlem Architekt\u016f bez hranic je prim\u00e1rn\u011b zlep\u0161en\u00ed kvality ve\u0159ejn\u00e9ho prostoru a\u00a0zv\u00fd\u0161en\u00ed bezpe\u010dnosti v\u00a0podchodech na Vltavsk\u00e9. \u201eCo se t\u00fd\u010de m\u00edstn\u00ed komunity lid\u00ed bez domova, na\u0161e prvotn\u00ed idea byla, \u017ee by se n\u011bkte\u0159\u00ed z\u00a0nich mohli pod\u00edlet na p\u0159em\u011bn\u011b podchod\u016f\u00a0\u2013 nap\u0159\u00edklad tam ukl\u00edzet. To se n\u00e1m do t\u00e9to chv\u00edle nepovedlo zrealizovat. Nicm\u00e9n\u011b t\u00e9to form\u011b spolupr\u00e1ce jsme st\u00e1le otev\u0159eni. Obecn\u011b se toti\u017e p\u0159ikl\u00e1n\u00edm k\u00a0n\u00e1zoru, \u017ee \u0159e\u0161en\u00ed viditeln\u00fdch probl\u00e9m\u016f spojen\u00fdch s\u00a0bezdomovectv\u00edm tkv\u00ed ve zlep\u0161ov\u00e1n\u00ed soci\u00e1ln\u00edch slu\u017eeb pro lidi v\u00a0nouzi,\u201c vysv\u011btluje Sigmund. To si mysl\u00ed i\u00a0radnice. \u201eSpolupracujeme nap\u0159\u00edklad s\u00a0Arm\u00e1dou sp\u00e1sy, kter\u00e1 se sama nab\u00eddla, \u017ee bude situaci v\u00a0t\u00e9to oblasti pravideln\u011b monitorovat,\u201c komentuje radn\u00ed pro soci\u00e1ln\u00ed oblast Prahy&nbsp;7 Jakob Hurrle.<\/p>\r\n<p><a href=\"https:\/\/www.praha7.cz\/wp-content\/uploads\/2018\/03\/2017-10-rozvoj-05.jpg\"><img loading=\"lazy\" width=\"640\" height=\"427\" class=\"alignnone size-large wp-image-15217\" alt=\"\" src=\"https:\/\/www.praha7.cz\/wp-content\/uploads\/2018\/03\/2017-10-rozvoj-05-1500x1000.jpg\" srcset=\"https:\/\/www.praha7.cz\/wp-content\/uploads\/2018\/03\/2017-10-rozvoj-05-1500x1000.jpg 1500w, https:\/\/www.praha7.cz\/wp-content\/uploads\/2018\/03\/2017-10-rozvoj-05-600x400.jpg 600w, https:\/\/www.praha7.cz\/wp-content\/uploads\/2018\/03\/2017-10-rozvoj-05-768x512.jpg 768w, https:\/\/www.praha7.cz\/wp-content\/uploads\/2018\/03\/2017-10-rozvoj-05.jpg 2048w\" sizes=\"(max-width: 640px) 100vw, 640px\" \/><\/a><\/p>\r\n<p>M\u00edstu by podle n\u00e1zoru architekt\u016f prosp\u011blo i\u00a0\u0159\u00e1dn\u00e9 osv\u011btlen\u00ed. \u201eZ\u00a0na\u0161eho \u0161et\u0159en\u00ed vyplynulo, \u017ee \u0161patn\u00e9 osv\u011btlen\u00ed je dal\u0161\u00edm d\u016fvodem, pro\u010d se lid\u00e9 do podchodu boj\u00ed chodit a\u00a0nam\u00edsto toho rad\u0161i riskuj\u00ed p\u0159eb\u00edh\u00e1n\u00edm magistr\u00e1ly,\u201c podot\u00fdk\u00e1 Kripnerov\u00e1. Dostatek sv\u011btla by mohl m\u00edt pozitivn\u00ed vliv i\u00a0na stav zdej\u0161\u00edho po\u0159\u00e1dku. \u201ePokud by byly podchody dostate\u010dn\u011b osv\u011btlen\u00e9, u\u0161et\u0159ilo by se i\u00a0na \u00faklidu t\u011bchto prostor. A\u010dkoliv se to nezd\u00e1, \u00faklid zde prob\u00edh\u00e1 \u010dast\u011bji ne\u017e jinde, ale bohu\u017eel se tak\u00e9 rychleji znovu zne\u010dist\u00ed. Proto je t\u0159eba podchody dostate\u010dn\u011b osv\u011btlit nejen v\u00a0noci, ale i\u00a0p\u0159es\u00a0den,\u201c mysl\u00ed si Vojt\u011bch Sigmund.\u00a0Ka\u017edop\u00e1dn\u011b vy\u0159e\u0161it dostate\u010dn\u00e9 osv\u011btlen\u00ed cel\u00e9ho m\u00edsta je u\u017e nad s\u00edly spolku. Tohoto \u00fakolu se tak zhost\u00ed radnice. \u201eV\u00a0sou\u010dasnosti byly z\u00a0magistr\u00e1tu uvoln\u011bny finan\u010dn\u00ed prost\u0159edky na v\u00fdstavbu nov\u00fdch sloup\u016f ve\u0159ejn\u00e9ho osv\u011btlen\u00ed, za\u010dneme tedy tuto ot\u00e1zku \u0159e\u0161it co nejd\u0159\u00edve,\u201c slibuje vedouc\u00ed odboru p\u00e9\u010de o\u00a0ve\u0159ejn\u00fd prostor Ji\u0159\u00ed Knitl. Stejn\u011b tak se radnice sna\u017e\u00ed, aby bylo v\u00a0tomto m\u00edst\u011b \u010disto. \u201eHon\u00edme Pra\u017esk\u00e9 slu\u017eby, kter\u00e9 zde maj\u00ed \u00faklid na starosti, aby ukl\u00edzely \u010dast\u011bji. N\u011bkdy se do \u00faklidu zapoj\u00ed i\u00a0na\u0161e firma 7U,\u201c dopl\u0148uje Knitl.<\/p>\r\n<p><a href=\"https:\/\/www.praha7.cz\/wp-content\/uploads\/2018\/03\/2017-10-rozvoj-02.jpg\"><img loading=\"lazy\" width=\"640\" height=\"427\" class=\"alignnone size-large wp-image-15219\" alt=\"\" src=\"https:\/\/www.praha7.cz\/wp-content\/uploads\/2018\/03\/2017-10-rozvoj-02-1500x1000.jpg\" srcset=\"https:\/\/www.praha7.cz\/wp-content\/uploads\/2018\/03\/2017-10-rozvoj-02-1500x1000.jpg 1500w, https:\/\/www.praha7.cz\/wp-content\/uploads\/2018\/03\/2017-10-rozvoj-02-600x400.jpg 600w, https:\/\/www.praha7.cz\/wp-content\/uploads\/2018\/03\/2017-10-rozvoj-02-768x512.jpg 768w, https:\/\/www.praha7.cz\/wp-content\/uploads\/2018\/03\/2017-10-rozvoj-02.jpg 2048w\" sizes=\"(max-width: 640px) 100vw, 640px\" \/><\/a><\/p>\r\n<p>Podchody ale nemus\u00ed fungovat jen jako spojnice z\u00a0m\u00edsta A\u00a0do m\u00edsta B a\u00a0sk\u00fdtaj\u00ed i\u00a0jin\u00fd potenci\u00e1l. \u201eZ\u00a0p\u0159\u00edklad\u016f ze zahrani\u010d\u00ed je patrn\u00e9, \u017ee tyto prostory mohou b\u00fdt \u00fasp\u011b\u0161n\u011b vyu\u017e\u00edv\u00e1ny jako street-artov\u00e9 galerie a\u00a0slou\u017eit k\u00a0prezentaci um\u011blc\u016f. Ka\u017edop\u00e1dn\u011b jak\u00e9koliv o\u017eiven\u00ed podchod\u016f zlep\u0161\u00ed kvalitu tohoto prostoru a\u00a0zv\u00fd\u0161\u00ed jeho bezpe\u010dnost,\u201c podot\u00fdk\u00e1 Sigmund, kter\u00fd stejn\u011b jako jeho kolegov\u00e9 z\u00a0Architekt\u016f bez hranic douf\u00e1, \u017ee orienta\u010dn\u00ed syst\u00e9m na Vltavsk\u00e9 podn\u00edt\u00ed i\u00a0dal\u0161\u00ed podobn\u00e9 projekty v\u00a0\u010cesku. Spolek s\u00e1m m\u00e1 n\u00e1pad\u016f dost a\u00a0v\u00a0budoucnosti by se r\u00e1d stal sou\u010d\u00e1st\u00ed celosv\u011btov\u011b p\u016fsob\u00edc\u00ed organizace Architectes Sans Fronti\u00e8res (Architekti bez hranic). Na bezhrani\u010dn\u00ed nadn\u00e1rodn\u00ed projekty zat\u00edm ale nepom\u00fd\u0161lej\u00ed. \u201ePova\u017eujeme za d\u016fle\u017eit\u00e9 nejprve se pokusit zam\u00e9st si p\u0159ed vlastn\u00edm prahem, ne\u017e se odv\u00e1\u017e\u00edme j\u00edt d\u00e1l,\u201c shrnuje Kripnerov\u00e1.<\/p>\r\n<h3>Nov\u00e1 Vltavsk\u00e1<\/h3>\r\n<p>Orienta\u010dn\u00ed syst\u00e9m z\u00a0d\u00edlny Architekt\u016f bez hranic ale nen\u00ed jedinou novinkou v\u00a0t\u00e9to oblasti. \u00daprav a\u00a0celkov\u00e9ho o\u017eiven\u00ed by se m\u011bl ji\u017e brzy do\u010dkat i\u00a0kompletn\u00ed prostor zast\u00e1vky MHD Vltavsk\u00e1, kudy b\u011bhem v\u0161edn\u00edho dne projde v\u00a0pr\u016fm\u011bru t\u00e9m\u011b\u0159 37 tis\u00edc lid\u00ed. Ostatn\u011b pr\u00e1v\u011b v\u00a0t\u011bchto m\u00edstech by m\u011bla v\u00a0budoucnu st\u00e1t i\u00a0\u017eelezni\u010dn\u00ed stanice Praha-Bubny na trase modernizovan\u00e9 trati na leti\u0161t\u011b, a\u00a0tak shonu v\u00a0t\u011bchto m\u00edstech ur\u010dit\u011b je\u0161t\u011b p\u0159ibude.<\/p>\r\n<p><a href=\"https:\/\/www.praha7.cz\/wp-content\/uploads\/2018\/03\/2017-10-rozvoj-03.jpg\"><img loading=\"lazy\" width=\"600\" height=\"338\" class=\"alignnone wp-image-15220 size-medium\" alt=\"\" src=\"https:\/\/www.praha7.cz\/wp-content\/uploads\/2018\/03\/2017-10-rozvoj-03-600x338.jpg\" srcset=\"https:\/\/www.praha7.cz\/wp-content\/uploads\/2018\/03\/2017-10-rozvoj-03-600x338.jpg 600w, https:\/\/www.praha7.cz\/wp-content\/uploads\/2018\/03\/2017-10-rozvoj-03-768x432.jpg 768w, https:\/\/www.praha7.cz\/wp-content\/uploads\/2018\/03\/2017-10-rozvoj-03.jpg 1200w\" sizes=\"(max-width: 600px) 100vw, 600px\" \/><\/a><\/p>\r\n<p>M\u011bstsk\u00e1 \u010d\u00e1st spolu s\u00a0Dopravn\u00edm podnikem navrhly drobn\u00e9 \u00fapravy na zlep\u0161en\u00ed st\u00e1vaj\u00edc\u00ed podoby prost\u0159ed\u00ed okol\u00ed metra. Ostatn\u011b n\u011bkter\u00fdch zm\u011bn jste si u\u017e mohli pov\u0161imnout. \u201eZ\u00a0bezpe\u010dnostn\u00edch a\u00a0estetick\u00fdch d\u016fvod\u016f do\u0161lo k\u00a0odstran\u011bn\u00ed sklen\u011bn\u00fdch tabul\u00ed na zast\u00e1vk\u00e1ch tramvaje. D\u00e1le do\u0161lo k\u00a0otev\u0159en\u00ed zadn\u00edho vchodu horn\u00edho vestibulu metra, co\u017e zrychluje p\u0159estup cestuj\u00edc\u00edm z\u00a0vlaku do metra a\u00a0naopak a\u00a0o\u017eivuje do t\u00e9to chv\u00edle nevyu\u017e\u00edvan\u00e1 m\u00edsta v\u00a0severn\u00ed \u010d\u00e1sti horn\u00edho objektu stanice metra,\u201c popisuje jeden z\u00a0tv\u016frc\u016f n\u00e1vrhu Tom\u00e1\u0161 Richtr z\u00a0Odboru rozvoje urbanismu, architektury a\u00a0ve\u0159ejn\u00e9ho prostoru Prahy&nbsp;7.<\/p>\r\n<p>Kompletn\u00ed rekonstrukc\u00ed projde i\u00a0budova stanice metra, dojde tak\u00e9 k\u00a0odstran\u011bn\u00ed l\u00e1vky pro p\u011b\u0161\u00ed, kter\u00e1 je v\u00a0sou\u010dasn\u00e9 dob\u011b nevyu\u017e\u00edvan\u00e1 a\u00a0ve \u0161patn\u00e9m technick\u00e9m stavu. Dopravn\u00ed podnik ve spolupr\u00e1ci s\u00a0Prahou 7 rovn\u011b\u017e po\u010d\u00edt\u00e1 s\u00a0opravou p\u0159ilehl\u00e9ho betonov\u00e9ho \u201epar\u010d\u00edku\u201c s\u00a0dnes nefunk\u010dn\u00ed font\u00e1nou.\u00a0Nad Vltavskou by mohla vzniknout kav\u00e1rna \u010di sportovi\u0161t\u011b nejen pro parkouristy, kte\u0159\u00ed si tohle m\u00edsto obl\u00edbili. P\u0159ib\u00fdt by m\u011bly tak\u00e9 nov\u00e9 lavi\u010dky, p\u00edtko nebo prostor pro kr\u00e1tkodob\u00e9 kulturn\u00ed akce. \u201eV\u0161e je ale zat\u00edm ve f\u00e1zi pl\u00e1n\u016f,\u201c upozor\u0148uje Ji\u0159\u00ed Knitl.<\/p>\r\n<hr \/>\r\n<p><a href=\"http:\/\/www.facebook.com\/architektibezhranic\">www.facebook.com\/architektibezhranic<\/a><br \/>\r\n <a href=\"http:\/\/www.architektibezhranic.eu\">www.architektibezhranic.eu<\/a><br \/>\r\n <a href=\"http:\/\/www.facebook.com\/podchodyvltavska\">www.facebook.com\/podchodyvltavska<\/a><\/p>","protected":false},"excerpt":{"rendered":"[perex] V&nbsp;podchodech pod Vltavskou se u\u017e neztrat\u00edte. Od poloviny z\u00e1\u0159\u00ed 2017 v\u00e1s spletit\u00fdmi kouty zdej\u0161\u00edch chodeb, podchod\u016f a&nbsp;nadchod\u016f bezpe\u010dn\u011b provede nov\u00fd orienta\u010dn\u00ed syst\u00e9m, za kter\u00fdm stoj\u00ed spolek n\u011bkolika mlad\u00fdch architekt\u016f. [\/perex] Ji\u017e pot\u0159et\u00ed o\u017eily b\u011bhem sousedsk\u00fdch slavnost\u00ed Za\u017e\u00edt m\u011bsto jinak podchody kolem Vltavsk\u00e9. Krom\u011b pouli\u010dn\u00edho akustick\u00e9ho koncertu \u010di v\u00fdstavy zab\u00fdvaj\u00edc\u00ed se \u017eivotem na ulici [&hellip;]","protected":false},"author":9,"featured_media":15222,"comment_status":"open","ping_status":"open","sticky":false,"template":"","format":"standard","meta":[],"categories":[37],"tags":[99,96,97],"_links":{"self":[{"href":"https:\/\/www.praha7.cz\/api\/wp\/v2\/posts\/8048"}],"collection":[{"href":"https:\/\/www.praha7.cz\/api\/wp\/v2\/posts"}],"about":[{"href":"https:\/\/www.praha7.cz\/api\/wp\/v2\/types\/post"}],"author":[{"embeddable":true,"href":"https:\/\/www.praha7.cz\/api\/wp\/v2\/users\/9"}],"replies":[{"embeddable":true,"href":"https:\/\/www.praha7.cz\/api\/wp\/v2\/comments?post=8048"}],"version-history":[{"count":3,"href":"https:\/\/www.praha7.cz\/api\/wp\/v2\/posts\/8048\/revisions"}],"predecessor-version":[{"id":15224,"href":"https:\/\/www.praha7.cz\/api\/wp\/v2\/posts\/8048\/revisions\/15224"}],"wp:featuredmedia":[{"embeddable":true,"href":"https:\/\/www.praha7.cz\/api\/wp\/v2\/media\/15222"}],"wp:attachment":[{"href":"https:\/\/www.praha7.cz\/api\/wp\/v2\/media?parent=8048"}],"wp:term":[{"taxonomy":"category","embeddable":true,"href":"https:\/\/www.praha7.cz\/api\/wp\/v2\/categories?post=8048"},{"taxonomy":"post_tag","embeddable":true,"href":"https:\/\/www.praha7.cz\/api\/wp\/v2\/tags?post=8048"}],"curies":[{"name":"wp","href":"https:\/\/api.w.org\/{rel}","templated":true}]}}