    
{"id":8042,"date":"2017-10-15T15:49:02","date_gmt":"2017-10-15T13:49:02","guid":{"rendered":"https:\/\/praha7.cz\/?p=8042"},"modified":"2017-10-18T12:45:48","modified_gmt":"2017-10-18T10:45:48","slug":"deti-mluvi-pramizerne","status":"publish","type":"post","link":"https:\/\/www.praha7.cz\/deti-mluvi-pramizerne\/","title":{"rendered":"D\u011bti mluv\u00ed pramizern\u011b"},"content":{"rendered":"<p>[perex]<\/p>\u201eD\u011bti mluv\u00ed \u010d\u00edm d\u00e1l t\u00edm h\u016f\u0159, chyb\u00ed jim p\u0159irozen\u00fd pohyb a&nbsp;pozornost rodi\u010d\u016f,\u201c hodnot\u00ed sou\u010dasn\u00fd v\u00fdvoj logopedka <strong>Dana Kut\u00e1lkov\u00e1<\/strong>, autorka \u0159ady publikac\u00ed, kter\u00e1 cel\u00fd \u017eivot pom\u00e1hala d\u011btem i&nbsp;dosp\u011bl\u00fdm nejen spr\u00e1vn\u011b vyslovovat, ale i&nbsp;rozum\u011bt, vn\u00edmat a&nbsp;ch\u00e1pat. Krom\u011b toho ji\u017e patn\u00e1ct let v\u011bnuje energii i&nbsp;odkazu sv\u00e9ho tch\u00e1na, keramika Jana Kut\u00e1lka, a&nbsp;jeho plivn\u00edk\u016fm s\u00a0legra\u010dn\u00edmi jm\u00e9ny.<p>[\/perex]<\/p><p><strong>Jak dlouho vlastn\u011b bydl\u00edte na Sedmi\u010dce?<\/strong><br \/>\r\n J\u00e1 jsem se narodila na \u0160tvanici a\u00a0do svatby jsem bydlela na Veletr\u017en\u00ed, v\u00a05.&nbsp;pat\u0159e s\u00a0Vacul\u00edkov\u00fdmi. Po svatb\u011b jsme bydleli s\u00a0mu\u017eem v\u00a0Dejvic\u00edch. Kdy\u017e dcery dosp\u011bly a\u00a0cht\u011bly se osamostatnit, p\u0159em\u00edstili jsme se v\u0161ichni zase zp\u011bt na Sedmi\u010dku. Je to dobr\u00e9 m\u00edsto pro \u017eivot. T\u011b\u0161\u00ed m\u011b sou\u010dasn\u00e9 veden\u00ed\u00a0\u2013 lidi sice po\u0159\u00e1d remcaj, asi z\u00a0principu, ale zm\u011bna je opravdu hodn\u011b zn\u00e1t. Na \u00fa\u0159ad\u011b jsou v\u0161ichni p\u0159\u00edjemn\u00ed a\u00a0ochotn\u00ed a\u00a0ten \u00faklid\u2026 Po ulic\u00edch po\u0159\u00e1d n\u011bkdo jezd\u00ed, zamet\u00e1. P\u0159edt\u00edm vid\u011bt ko\u0161t\u011b, to v\u016fbec. Zkr\u00e1tka bydl\u00ed se tu dob\u0159e.<\/p>\r\n<p><strong>M\u00e1te tady n\u011bjak\u00e9 obl\u00edben\u00e9 m\u00edsto?<\/strong><br \/>\r\n Chod\u00edm i\u00a0s\u00a0vnou\u010daty \u010dasto na Letnou, tam je kr\u00e1sn\u00fd pohled na Prahu. No a\u00a0Stromovka\u00a0\u2013 to je moje d\u011btstv\u00ed. Hrozn\u00e1 byla ta povode\u0148. Najednou tam nebyly m\u00e9 obl\u00edben\u00e9 stromy\u2026 Dodnes m\u00e1m n\u011bkdy slzy v\u00a0o\u010d\u00edch, chyb\u011bj\u00ed mi. Te\u010f m\u00e1m nejrad\u0161i tu l\u00edpu u\u00a0rybn\u00ed\u010dka.<\/p>\r\n<p><strong>Mnoho lid\u00ed si pod logopedi\u00ed p\u0159edstav\u00ed jen to spr\u00e1vn\u00e9 r a\u00a0\u0159, tak tomu ale asi nen\u00ed\u2026<\/strong><br \/>\r\n V\u00fdslovnost je jen jedna polo\u017eka\u00a0\u2013 \u0159e\u0161\u00edme i\u00a0koktavost, opo\u017ed\u011bn\u00fd v\u00fdvoj \u0159e\u010di, poruchy sluchu, ale tak\u00e9 af\u00e1zie\u00a0\u2013 poruchy \u0159e\u010di po mrtvic\u00edch a\u00a0\u00farazech hlavy. Pacienti n\u011bkdy nerozum\u011bj\u00ed \u0159e\u010di, nemohou mluvit, ps\u00e1t, \u010d\u00edst a\u00a0tak d\u00e1le. I\u00a0to byla \u010d\u00e1st m\u00e9 pr\u00e1ce na Homolce. Je to hodn\u011b n\u00e1ro\u010dn\u00e9.<\/p>\r\n<p><strong>Z\u00a0\u010deho jste m\u011bla v\u011bt\u0161\u00ed radost, kdy\u017e jste znovu rozmluvila \u010dlov\u011bka po \u00farazu, nebo kdy\u017e jste zbavila d\u00edt\u011b jeho vady \u0159e\u010di?<\/strong><br \/>\r\n V\u017edycky je p\u0159\u00edjemn\u00e9, kdy\u017e se n\u011bco poda\u0159\u00ed. U\u00a0d\u011bt\u00ed je nejlep\u0161\u00ed, kdy\u017e rodina pochop\u00ed, kde je probl\u00e9m, a\u00a0sna\u017e\u00ed se to zm\u011bnit. Kdy\u017e tohle ud\u011blaj\u00ed, tak jsem kolikr\u00e1t bez pr\u00e1ce (sm\u011bje se). Zm\u011bn\u00ed t\u0159eba n\u011bjak\u00e9 v\u00fdchovn\u00e9 postupy a\u00a0najednou se to pohne samo i\u00a0bez terapie.<\/p>\r\n<p><strong>To jste vlastn\u011b takov\u00fd rodinn\u00fd poradce\u2026<\/strong><br \/>\r\n Bez toho se absolutn\u011b neobejdeme. Probl\u00e9m\u016f je \u010d\u00edm d\u00e1l t\u00edm v\u00edc. Kdy\u017e jsem za\u010d\u00ednala, tak jsme tady \u0165ukli, tamhle \u0165ukli a\u00a0jeli podle metodiky. Dneska to nejde. V\u017edy mus\u00edm nejprve zjistit, <br \/>\r\n jak to v\u00a0t\u00e9 rodin\u011b vypad\u00e1, kde je probl\u00e9m, a\u00a0pak doplnit chyb\u011bj\u00edc\u00ed schopnosti d\u00edt\u011bte. V\u0161echny d\u011bti je maj\u00ed od p\u0159\u00edrody ur\u010dit\u00e9, n\u011bkdy ale nejsou rozvinut\u00e9\u00a0\u2013 ten software tam je, ale nen\u00ed funk\u010dn\u00ed\u2026<\/p>\r\n<p><strong>D\u00e1 se \u0159\u00edct, kdo za to m\u016f\u017ee?<\/strong><br \/>\r\n Asi zp\u016fsob \u017eivota a\u00a0celkov\u00e9 spole\u010densk\u00e9 klima. Rodi\u010de maj\u00ed objektivn\u011b stra\u0161n\u011b m\u00e1lo \u010dasu. N\u011bkdo se ale hon\u00ed za \u00fasp\u011bchem a\u00a0nev\u0161imne si, \u017ee mu st\u00e1rnou d\u011bti. Nav\u00edc si \u017eijeme n\u00e1ramn\u011b pohodln\u011b\u00a0\u2013 v\u0161ude se jezd\u00ed autem, d\u011bti se m\u00e1lo pohybuj\u00ed. Kdy\u017e se nud\u00ed, zapnou si tablet nebo televizi. Profesor Sov\u00e1k (zakladatel modern\u00ed \u010desk\u00e9 logopedie, pozn. red.) na to m\u011bl b\u00e1je\u010dn\u00e9 heslo, kter\u00e9 to p\u0159esn\u011b vystihuje\u00a0\u2013 d\u00edv\u00e1 se, ale nevid\u00ed, sly\u0161\u00ed, ale neposlouch\u00e1. V\u00a0p\u0159ed\u0161koln\u00edm v\u011bku si tak d\u011bti odvyknou rozv\u00edjet pot\u0159ebn\u00e9 schopnosti. Pak jdou do \u0161koly, vid\u00ed tvar p\u00edsmenka, ale u\u017e jim unik\u00e1, jestli je nalevo, nebo napravo, nahoru, nebo dol\u016f. A\u00a0m\u00e1me najednou spoustu dysgrafik\u016f, dyslektik\u016f, dys- nev\u00edm \u010deho dal\u0161\u00edho. P\u0159itom ofici\u00e1ln\u00ed v\u00fdskyt v\u00a0populaci je asi dv\u011b procenta, kde jsou p\u0159\u00edtomn\u00e9 zm\u011bny v\u00a0mozku, co\u017e je objektivn\u00ed p\u0159\u00ed\u010dina dyslexie.<\/p>\r\n<p><strong>D\u011btsk\u00e9 logopedii se v\u011bnujete velice dlouho, jak je na tom d\u011btsk\u00e1 mluva dnes?<\/strong><br \/>\r\n D\u011bti mluv\u00ed opravdu pramizern\u011b. J\u00e1 jsem celou svou praxi kladla d\u016fraz na prevenci. Pokud by fungovala, pak by se t\u0159etina d\u011bt\u00ed n\u011bkdy otravn\u00e9 terapii v\u00a0logopedick\u00e9 ordinaci vyhnula. V\u00fdslovnost se ale zhor\u0161uje plo\u0161n\u011b, nejen v\u00a0souhl\u00e1sk\u00e1ch, ale i\u00a0v\u00a0samohl\u00e1sk\u00e1ch. \u010ce\u0161tina m\u00e1 p\u0159es 40 procent samohl\u00e1sek a\u00a0v\u00a0moment\u011b, kdy nejsou kvalitn\u00ed, \u0159e\u010d nestoj\u00ed za nic. Sv\u00e1d\u00ed se to sice na Pra\u017e\u00e1ky, ale nen\u00ed to tak. Kdy\u017e si pust\u00edm n\u011bkter\u00e9 stanice TV nebo rozhlasu, a\u00a0to te\u010f nechme obsah stranou (sm\u011bje se), mluv\u00ed se tam tak, \u017ee se vrh\u00e1m na knofl\u00edky a\u00a0p\u0159ela\u010fuju. Mn\u011b to stra\u0161n\u011b vad\u00ed\u2026 Zhor\u0161uje se tak\u00e9 slovn\u00ed z\u00e1soba a\u00a0celkov\u00e1 \u00farove\u0148 vyjad\u0159ov\u00e1n\u00ed. D\u011bti neum\u011bj\u00ed vypr\u00e1v\u011bt poh\u00e1dku ani to, co za\u017eily o\u00a0v\u00edkendu.<\/p>\r\n<p><strong>Co zmohou v\u00a0t\u00e9to v\u011bci rodi\u010de?<\/strong><br \/>\r\n Je t\u0159eba si s\u00a0d\u011btmi od malinka pov\u00eddat, mluvit na n\u011b, i\u00a0kdy\u017e v\u00e1m zd\u00e1nliv\u011b nerozum\u011bj\u00ed. Popisovat, co d\u011bl\u00e1m, co jim d\u00e1v\u00e1m k\u00a0j\u00eddlu, popisovat v\u011bci kolem nich, se star\u0161\u00edmi pak listovat kn\u00ed\u017ekami, \u010d\u00edst b\u00e1sni\u010dky atd. \u0160kolky jsou sice prima, ale kontakty v\u00a0rodin\u011b se zhruba do p\u011bti \u0161esti let nedaj\u00ed nahradit. \u010cas, kter\u00fd d\u011btem v\u011bnujeme v\u00a0d\u011btstv\u00ed\u00a0\u2013 i\u00a0za cenu omezen\u00ed kari\u00e9ry \u2013, se n\u00e1m mockr\u00e1t vr\u00e1t\u00ed. Kdy\u017e se to zanedb\u00e1, p\u0159ijde \u0161kola a\u00a0l\u00edt\u00e1 se po poradn\u00e1ch. \u0158\u00edk\u00e1 se, \u017ee p\u016flhodina u\u0161et\u0159en\u00e1 v\u00a0p\u0159ed\u0161koln\u00edm v\u011bku n\u00e1s pak stoj\u00ed t\u0159i hodiny pr\u00e1ce ve v\u011bku \u0161koln\u00edm.<\/p>\r\n<p><strong>Jak moc je pro v\u00fdvoj \u0159e\u010di d\u016fle\u017eit\u00fd pohyb?<\/strong><br \/>\r\n Pohyb a\u00a0motorika obecn\u011b je naprosto kl\u00ed\u010dov\u00e1. D\u011bti by m\u011bly m\u00edt hodn\u011b pohybu. Sta\u010d\u00ed j\u00edt do lesa, do parku, l\u00e9zt p\u0159es v\u011btve, sk\u00e1kat z\u00a0pa\u0159ezu. Dobr\u00e9 je tak\u00e9 modelov\u00e1n\u00ed\u00a0\u2013 a\u00a0zase sta\u010d\u00ed oby\u010dejn\u00e9 t\u011bsto. Moje vnu\u010dka stra\u0161n\u011b r\u00e1da patl\u00e1 t\u011bsto, sice ta kuchy\u0148 potom vypad\u00e1 (sm\u011bje se), ale na motorice se to projev\u00ed. D\u00edt\u011b pak vyslovuje \u010d\u00edm d\u00e1l l\u00e9pe, i\u00a0tu\u017eku vezme do ruky spr\u00e1vn\u011b. Motorika rukou toti\u017e \u00fazce souvis\u00ed s\u00a0motorikou jazyka a\u00a0ta zase s\u00a0v\u00fdslovnost\u00ed. V\u00a0mozku se tyto oblasti p\u0159ekr\u00fdvaj\u00ed.<\/p>\r\n<p><strong>Tak\u017ee takov\u00fd n\u00e1vrat k\u00a0p\u0159irozenosti\u2026<\/strong><br \/>\r\n Ano. Dneska se v\u0161e studuje, nejl\u00e9pe na internetu, str\u00fd\u010dek Google porad\u00ed, p\u0159itom tam kdokoliv m\u016f\u017ee napsat \u00fapln\u011b cokoliv. D\u00edt\u011b do p\u011bti let pot\u0159ebuje pro v\u00fdvoj stejn\u00e9 v\u011bci jako ve st\u0159edov\u011bku a\u00a0dne\u0161n\u00ed sv\u011bt n\u00e1m to trochu komplikuje. Je jasn\u00e9, \u017ee doba se posunula, ale ty ma\u0161inky se mus\u00ed pou\u017e\u00edvat s\u00a0rozumem.<\/p>\r\n<p><strong>Kdy\u017e se i\u00a0p\u0159es p\u0159im\u011b\u0159enou p\u00e9\u010di rodi\u010d\u016f \u0159e\u010d nelep\u0161\u00ed, kdy je podle v\u00e1s vhodn\u00e9 dorazit k\u00a0odborn\u00edkovi?<\/strong><br \/>\r\n Kdy\u017e je to jen v\u00fdslovnost, tak kolem 3,5\u20134 let, m\u00e1me pak dost \u010dasu rozv\u00edjet t\u0159eba motoriku. D\u011bti doma s\u00a0rodi\u010di d\u011blaj\u00ed \u010dert\u00edky, kon\u00edky, olizuj\u00ed pusinku, l\u00ed\u017eou zmrzlinu, hraj\u00ed si se \u017ev\u00fdka\u010dkou\u2026 D\u011bti to bav\u00ed, mluvidla se rozh\u00fdbou a\u00a0a\u017e pak m\u016f\u017ee nastoupit terapie. Kdy\u017e ale d\u00edt\u011b mluv\u00ed n\u00e1padn\u011b m\u00e1lo, tak nejpozd\u011bji kolem t\u0159\u00ed let. P\u0159i zn\u00e1mk\u00e1ch koktavosti rad\u0161i hned, obecn\u011b kdykoli se objev\u00ed jak\u00fdkoli probl\u00e9m s\u00a0\u0159e\u010d\u00ed, je lep\u0161\u00ed se poradit.<\/p>\r\n<p><strong>M\u016f\u017ee b\u00fdt vada \u0159e\u010di naka\u017eliv\u00e1?<\/strong><br \/>\r\n Napodobov\u00e1n\u00ed je vlastn\u011b nejsiln\u011bj\u0161\u00ed a\u00a0nejefektivn\u011bj\u0161\u00ed zp\u016fsob u\u010den\u00ed. Co d\u011bl\u00e1me my, to d\u00edt\u011b okouk\u00e1v\u00e1. T\u0159eba moje vnu\u010dka, kter\u00e9 je rok a\u00a0p\u016fl, se mnou p\u00e1r dn\u00ed byla a\u00a0te\u010f soustavn\u011b ukl\u00edz\u00ed a\u00a0va\u0159\u00ed (sm\u011bje se). Pokud tedy n\u011bkdo mluv\u00ed \u0161patn\u011b a\u00a0d\u00edt\u011b ho m\u00e1 r\u00e1do\u00a0\u2013 m\u016f\u017ee to b\u00fdt i\u00a0figurka v\u00a0televizi, d\u00edt\u011b to napodob\u00ed. Jsou rodiny, kde maj\u00ed vadu \u0159e\u010di jako rodov\u00fd znak, ale \u010dasto se st\u00e1v\u00e1, \u017ee p\u0159ijdou rodi\u010de, \u017ee se cht\u011bj\u00ed vady \u0159e\u010di sami zbavit. Kolikr\u00e1t jsme se dostali do situace, kdy to mamince ne\u0161lo a\u00a0naopak chlape\u010dkovi ano, a\u00a0tak u\u010dil maminku a\u00a0kontroloval ji, zda to \u0159\u00edk\u00e1 dob\u0159e. Podstatn\u00fd nen\u00ed toti\u017e pap\u00edr se slov\u00ed\u010dky, ale z\u00e1bavn\u00fd n\u00e1cvik a\u00a0pak podpora sebekontroly. D\u011bti \u010dasto v\u00a0ordinaci od\u0159\u00edkaj\u00ed v\u0161echno spr\u00e1vn\u011b, ale jakmile se za nimi zav\u0159ou dve\u0159e, mluv\u00ed postaru. Kdy\u017e se n\u011bco nau\u010d\u00ed, mus\u00edm za\u0159\u00eddit, aby nov\u00e9 n\u00e1vyky cht\u011bly pou\u017e\u00edvat i\u00a0nad\u00e1le.<\/p>\r\n<p><strong>Jak to za\u0159\u00edd\u00edte?<\/strong><br \/>\r\n Na to jsou r\u016fzn\u00e9 hry, odm\u011bny, zji\u0161\u0165ujeme, o\u00a0co d\u00edt\u011b stoj\u00ed. Naj\u00edt dnes u\u00a0d\u011bt\u00ed motivaci je ale docela probl\u00e9m. Chlape\u010dek cht\u011bl t\u0159eba lego. Vysv\u011btlila jsem mu, \u017ee je to dost drah\u00e1 hra\u010dka, ale domluvili jsme se, \u017ee mu ji m\u00e1ma koup\u00ed\u00a0\u2013 za ka\u017ed\u00fdch deset poveden\u00fdch slov\u00ed\u010dek dostal jeden d\u00edlek. Jelo to jak po m\u00e1sle, pot\u0159eboval kostky, aby si hra\u010dku mohl slo\u017eit (sm\u011bje se). Dal\u0161\u00edho jsme ut\u00e1hli na uher\u00e1k. Byla to v\u00a0t\u00e9 rodin\u011b v\u011bc, kter\u00e1 se kupovala jen na V\u00e1noce, a\u00a0chlape\u010dek po n\u011bm moc tou\u017eil. Ne\u017e dokr\u00e1jeli malou \u0161i\u0161ku, tak se to nau\u010dil.<\/p>\r\n<p><a href=\"https:\/\/praha7.cz\/wp-content\/uploads\/2017\/10\/2017-09-rozhovor-kutalkova1.jpg\"><img loading=\"lazy\" src=\"https:\/\/praha7.cz\/wp-content\/uploads\/2017\/10\/2017-09-rozhovor-kutalkova1-667x1000.jpg\" alt=\"\" width=\"640\" height=\"960\" class=\"alignnone size-large wp-image-8145\" srcset=\"https:\/\/www.praha7.cz\/wp-content\/uploads\/2017\/10\/2017-09-rozhovor-kutalkova1-667x1000.jpg 667w, https:\/\/www.praha7.cz\/wp-content\/uploads\/2017\/10\/2017-09-rozhovor-kutalkova1-267x400.jpg 267w, https:\/\/www.praha7.cz\/wp-content\/uploads\/2017\/10\/2017-09-rozhovor-kutalkova1-768x1151.jpg 768w, https:\/\/www.praha7.cz\/wp-content\/uploads\/2017\/10\/2017-09-rozhovor-kutalkova1.jpg 1440w\" sizes=\"(max-width: 640px) 100vw, 640px\" \/><\/a><\/p>\r\n<p>&nbsp;<\/p>\r\n<p><strong>Nem\u00e1te pocit, \u017ee jsou dneska d\u011bti obecn\u011b p\u0159et\u011b\u017eov\u00e1ny?<\/strong><br \/>\r\n Prostor pro vlastn\u00ed kreativitu\u00a0\u2013 to dnes velmi m\u00f3dn\u00ed slovo\u00a0\u2013 je stra\u0161n\u011b d\u016fle\u017eit\u00fd. Ve sv\u00e9 praxi jsem se setkala s\u00a0hol\u010di\u010dkou, kter\u00e1 m\u011bla v\u0161echno. Taky m\u011bla ale t\u0159i ch\u016fvy na pln\u00fd \u00favazek, kter\u00e9 kdy\u017e ji nechaly jen tak si hr\u00e1t, dostaly vyhubov\u00e1no, \u017ee ji c\u00edlen\u011b nerozv\u00edjej\u00ed. \u0160la z\u00a0akce do akce. Tak\u017ee u\u00a0m\u011b si hr\u00e1la, s\u00a0\u010d\u00edm cht\u011bla, a\u00a0posledn\u00edch deset minut jsme d\u011blaly logopedii. P\u0159itom, kdy\u017e si uv\u011bdom\u00edm, jak\u00e9 to d\u00edt\u011b m\u011blo \u0161ance a\u00a0mo\u017enosti\u00a0\u2013 a\u00a0ud\u011blali z\u00a0n\u011bj neurotick\u00fd uzl\u00ed\u010dek. Podobn\u011b jsem m\u011bla p\u00e1r d\u011bt\u00ed s\u00a0koktavost\u00ed\u00a0\u2013 i\u00a0st\u0159edo\u0161kol\u00e1ky z\u00a0presti\u017en\u00ed \u0161koly. Sta\u010dilo omezit aktivity, zm\u011bnit \u0161kolu a\u00a0kokt\u00e1n\u00ed zmizelo. Ne v\u017edycky to ale jde tak snadno.<br \/>\r\n Vy jste se ale nev\u011bnovala jen logopedii. Na vysok\u00e9 \u0161kole jste se zab\u00fdvala tak\u00e9 textiln\u00ed tvorbou\u00a0\u2013 jak jste se k\u00a0tomu dostala?<br \/>\r\n Ten Google v\u0161echno v\u00ed (sm\u011bje se). Jezdila jsem k\u00a0babi\u010dce do Jind\u0159ichova Hradce a\u00a0m\u011bli jsme zn\u00e1mou, pan\u00ed Olgu Teinitzerovou, kter\u00e1 pracovala v\u00a0gobel\u00ednce. Dostala jsem p\u00e1r klubek a\u00a0za\u010dala jsem d\u011blat drhan\u00e9 tapiserie a\u00a0pak i\u00a0voskovou batiku. Dokonce jsem m\u011bla p\u00e1r v\u00fdstav, hlavn\u011b v\u00a0Divadle v\u00a0Nerudovce. Te\u010f tam prod\u00e1vaj\u00ed brou\u0161en\u00e9 suven\u00fdrov\u00e9 \u0161\u00edlenosti. M\u016fj mu\u017e Honza s\u00a0partou tam hr\u00e1l divadlo\u00a0\u2013 Hra se z\u00e1v\u011bt\u00ed, p\u0159\u00edb\u011bh F. Villona, byl to p\u0159\u00edjemn\u00fd \u010das. Pak se narodily d\u011bti a\u00a0j\u00e1 jsem uva\u017eovala, jestli se textilem budu \u017eivit. Vypadalo to, \u017ee by to i\u00a0\u0161lo, ale Honza byl na voln\u00e9 noze a\u00a0jeden z\u00a0n\u00e1s musel m\u00edt pravideln\u00e9 zam\u011bstn\u00e1n\u00ed, a\u00a0tak jsem pov\u011bsila \u0161pag\u00e1tky na h\u0159eb\u00ed\u010dek.<\/p>\r\n<p><strong>Byla va\u0161e textiln\u00ed tvorba tou cestou, jak jste se dostala do rodiny keramika Jana Kut\u00e1lka?<\/strong><br \/>\r\n Honza (syn Jana Kut\u00e1lka, pozn. red.) byl m\u016fj spolu\u017e\u00e1k na gymplu, kde jsme spolu za\u010dali chodit\u00a0\u2013 zl\u00ed jazykov\u00e9 tvrd\u00ed, \u017ee jsme se poznali u\u017e v\u00a0mate\u0159sk\u00e9 \u0161kolce (sm\u00edch). Jeho rodi\u010de byli \u00fa\u017easn\u00ed, b\u00e1je\u010dn\u00ed lid\u00e9. Po vysok\u00e9 \u0161kole jsme se vzali. D\u011bda (Jan Kut\u00e1lek, pozn. red.) m\u011bl ateli\u00e9r na \u017di\u017ekov\u011b v\u00a0b\u00fdval\u00e9 sl\u00e9va\u010dsk\u00e9 d\u00edln\u011b. Pak se tam bouralo a\u00a0stav\u011bly se panel\u00e1ky, tak se p\u0159esunul na Vinohrady. M\u011bl hodn\u011b v\u00fdstav, i\u00a0v\u00a0zahrani\u010d\u00ed. Ta nejslavn\u011bj\u0161\u00ed byla asi k\u00a0jeho \u0161edes\u00e1tin\u00e1m na Starom\u011bstsk\u00e9 radnici\u00a0\u2013 ta byla tak \u00fasp\u011b\u0161n\u00e1, \u017ee lidi tam st\u00e1li dlouh\u00e9 fronty. Pak ale p\u0159i\u0161la, jak to v\u00a0\u010cech\u00e1ch funguje, z\u00e1vist. A\u00a0tak k\u00a0sedmdes\u00e1tin\u00e1m se u\u017e jen tak tak poda\u0159ilo uspo\u0159\u00e1dat v\u00fdstavu v\u00a0Kram\u00e1\u0159ov\u011b galerii v\u00a0Dejvic\u00edch. D\u011bda m\u011bl strach, zda ho lidi najdou, zda p\u0159ijdou, nakonec tam bylo hotov\u00e9 srocen\u00ed dav\u016f. A\u00a0p\u0159\u00edslu\u0161n\u00edk\u016fm VB se dost ulevilo, \u017ee nejde o\u00a0demonstraci. Stres ale ud\u011blal sv\u00e9 a\u00a0po t\u00fddnu tch\u00e1n dostal infarkt a\u00a0v\u00a0ateli\u00e9ru um\u0159el.<\/p>\r\n<p><strong>Co se pak d\u011blo s\u00a0ateli\u00e9rem?<\/strong><br \/>\r\n Nakonec jsme ho museli zru\u0161it, i\u00a0kdy\u017e velmi neradi. Cht\u011bli jsme tam d\u011blat n\u011bjak\u00e9 workshopy a\u00a0d\u00edlny pro d\u011bti, ale pan\u00ed, kter\u00e9 d\u016fm pat\u0159il, o\u00a0tom necht\u011bla ani sly\u0161et. Jen\u017ee co te\u010f s\u00a0t\u00edm? P\u0159edstavte si 200 metr\u016f \u010dtvere\u010dn\u00edch narvan\u00fdch v\u011bcmi. Ty obrovsk\u00e9 pece a\u00a0tunu glazur jsme nakonec v\u011bnovali centru pro handicapovan\u00e9 v\u00a0Topolanech.<\/p>\r\n<p><strong>A\u00a0co se stalo s\u00a0jeho v\u00fdtvory\u00a0\u2013 pan\u00e1ky a\u00a0plivn\u00edky, jak jim \u0159\u00edk\u00e1te\u2026?<\/strong><br \/>\r\n D\u011bda v\u017edycky \u0159\u00edkal: \u201eNeboj se, plivn\u00edci to za\u0159\u00edd\u00ed.\u201c No tak to plivn\u00edci za\u0159\u00eddili. Nejprve se zabydleli na hrad\u011b Svojanov bl\u00edzko Poli\u010dky, tam byli asi 15 let. Pak ale v\u00a0roce 2006 p\u0159i\u0161el nov\u00fd kastel\u00e1n a\u00a0pan\u00e1ky tam u\u017e necht\u011bl. Bylo to zrovna v\u00a0dob\u011b, kdy jsem po\u0159\u00e1dala v\u00fdstavu k\u00a0d\u011bdov\u00fdm devades\u00e1tin\u00e1m v\u00a0letohr\u00e1dku Kinsk\u00fdch. Nev\u011bd\u011bla jsem, co si po\u010dnu, a\u00a0dala informaci na na\u0161e webov\u00e9 str\u00e1nky. No a\u00a0plivn\u00edci to zase za\u0159\u00eddili. Ozval se mi kastel\u00e1n z\u00a0Linhartov Jarda Hrub\u00fd, \u017ee to v\u0161echno bere. Od t\u00e9 doby jsou pan\u00e1ci na z\u00e1mku Linhartovy, kter\u00fd m\u011bl u\u017e demoli\u010dn\u00ed v\u00fdm\u011br, a\u00a0Jarda ho zachr\u00e1nil. Dneska je tam \u017eiv\u00e9 kulturn\u00ed centrum a\u00a0na d\u011bdovu keramiku tam dodnes jezd\u00ed pln\u00e9 autobusy.<\/p>\r\n<p><strong>Oni maj\u00ed i\u00a0neuv\u011b\u0159iteln\u011b vtipn\u00e9 n\u00e1zvy\u2026<\/strong><br \/>\r\n D\u011bda m\u011bl neskute\u010dnou jazykovou fantazii, psal d\u011btem r\u00fdmovan\u00e9 malovan\u00e9 dopisy, ver\u0161ov\u00e1nky p\u0159\u00e1tel\u016fm k\u00a0narozenin\u00e1m, v\u017edycky vtipn\u00e9. No a\u00a0ty n\u00e1zvy pan\u00e1k\u016f\u00a0\u2013 m\u00e1m dokonce \u010dl\u00e1nek od doktorky Hoffmanov\u00e9 z\u00a0\u00dastavu pro jazyk \u010desk\u00fd, kter\u00fd kdysi napsala a\u00a0d\u00edky n\u00ed se spousta t\u011bch n\u00e1zv\u016f zachr\u00e1nila. T\u0159eba vodn\u00edci\u00a0\u2013 Vasr\u0161tand, \u017dbr\u010fol, Decinka, Kalfas nebo Lokr\u00e1d. Plivn\u00edci <br \/>\r\n se jmenovali t\u0159eba Ra\u010diku\u0161, Pi\u0161l\u00edp, Lezeprcek nebo Dr\u017epalec. Je jich spousta.<\/p>\r\n<p><strong>M\u00e1te n\u011bjak\u00e9ho obl\u00edbence?<\/strong><br \/>\r\n To je stra\u0161n\u011b t\u011b\u017ek\u00e1 ot\u00e1zka, je jich moc. Kdybych si ale musela vybrat, byl by to asi betl\u00e9m. Nejrad\u0161i m\u00e1m ten s\u00a0men\u0161\u00edmi figurkami\u00a0\u2013 dostali jsme kdysi jeho z\u00e1klad a\u00a0pak ka\u017ed\u00fd rok jako v\u00e1no\u010dn\u00ed d\u00e1rek dal\u0161\u00ed figurky. Je jich skoro pades\u00e1t, ka\u017edoro\u010dn\u011b stoj\u00ed pod velk\u00fdm v\u00e1no\u010dn\u00edm reli\u00e9fem a\u00a0moc si ho u\u017e\u00edv\u00e1me.<\/p>\r\n<p><strong>V\u0161imla jsem si, \u017ee je na internetu hodn\u011b lid\u00ed, kte\u0159\u00ed sb\u00edraj\u00ed keramick\u00e9 novoro\u010denky va\u0161eho tch\u00e1na. A\u00a0napadlo m\u011b, jestli jste se nesetkala s\u00a0n\u011bjak\u00fdmi plagi\u00e1ty.<\/strong><br \/>\r\n Na Aukru jsem kdysi na\u0161la dva pan\u00e1ky z\u00a0posledn\u00ed v\u00fdstavy, kter\u00e9 jsme nikdy ned\u00e1vali do prodeje. Byl to naprosto jasn\u00fd plagi\u00e1t. Napsala jsem tam a\u00a0okam\u017eit\u011b je st\u00e1hli. Ned\u00e1vno jsem objevila plagi\u00e1ty v\u00a0jedn\u00e9 galerii\u00a0\u2013 j\u00e1 to pozn\u00e1m hlavn\u011b podle glazur. D\u011bda je d\u00e1val p\u0159es sebe a\u00a0to u\u017e se mus\u00ed setsakramentsky um\u011bt. Pak je je\u0161t\u011b jeden p\u00e1n, kter\u00fd tvrd\u00ed, \u017ee je jeho \u017e\u00e1k. Jen\u017ee jeho v\u00fdtvor\u016fm chyb\u00ed ta du\u0161e a\u00a0n\u011bkdy i\u00a0vkus\u2026 Ptala jsem se na to pr\u00e1vn\u00edk\u016f, ale pr\u00fd sta\u010d\u00ed, kdy\u017e m\u00e1 pan\u00e1k jen trochu jinak zvednutou ruku, a\u00a0u\u017e to neuhraju.<\/p>\r\n<p><strong>Jak\u00fd byl vlastn\u011b v\u00e1\u0161 tch\u00e1n?<\/strong><br \/>\r\n D\u011bda byl hrozn\u011b hodn\u00fd, laskav\u00fd a\u00a0m\u011bl b\u00e1je\u010dn\u00fd smysl pro humor, a\u00a0to je vid\u011bt i\u00a0v\u00a0jeho d\u00edle. Jednou dostal objedn\u00e1vku na zl\u00e9ho \u010derta a\u00a0vy\u0161el mu z\u00a0toho hrozn\u011b ne\u0161\u0165astnej pan\u00e1k\u00a0\u2013 p\u0159itom se poctiv\u011b sna\u017eil, ale on to zkr\u00e1tka neum\u011bl. Je podobn\u011b srozumiteln\u00fd v\u0161em generac\u00edm jako t\u0159eba Josef Lada. Dnes kdy\u017e jdete na v\u00fdstavu, tak jsou to v\u011bt\u0161inou sam\u00e9 nerv\u00e1ky a\u00a0stresy. Pro\u010d se na to m\u00e1m koukat i\u00a0na v\u00fdstav\u011b? A\u00a0lidi jsou za laskav\u00fd humor keramick\u00fdch pan\u00e1k\u016f vd\u011b\u010dn\u00ed.<\/p>\r\n<p><strong>V\u00fdstavy po\u0159\u00e1d\u00e1te i\u00a0nad\u00e1le, je to tak?<\/strong><br \/>\r\n Ano, sna\u017e\u00edm se. Je to takov\u00fd m\u016fj kon\u00ed\u010dek, i\u00a0kdy\u017e je to v\u017edycky fu\u0161ka. Kdy\u017e ale vid\u00edte reakce n\u00e1v\u0161t\u011bvn\u00edk\u016f, stoj\u00ed to za to. J\u00e1 si tam v\u017edycky n\u011bkam stoupnu do koutku a\u00a0pozoruju, jak t\u0159eba p\u0159it\u00e1hnou otr\u00e1ven\u00e9ho mu\u017esk\u00e9ho, kter\u00fd se teda jde pod\u00edvat na tu kulturu (sm\u00edch), a\u00a0najednou vid\u00edte, jak se mu pusa roztahuje do \u00fasm\u011bvu, jak se lidi vz\u00e1jemn\u011b upozor\u0148uj\u00ed na r\u016fzn\u00e9 pan\u00e1ky\u2026 N\u00e1v\u0161t\u011bvn\u00edci odch\u00e1zej\u00ed s\u00a0\u00fasm\u011bvem, co\u017e je dneska dar. Ned\u00e1vno jsem listovala v\u00a0n\u00e1v\u0161t\u011bvn\u00edch knih\u00e1ch a\u00a0tam nenajdete jedin\u00fd negativn\u00ed z\u00e1pis.<\/p>\r\n<p><strong>Moment\u00e1ln\u011b chyst\u00e1te v\u00fdstavu ke\u00a0st\u00e9mu v\u00fdro\u010d\u00ed narozen\u00ed\u2026<\/strong><br \/>\r\n Je to zase \u0161ance, jak d\u011bdovo d\u00edlo o\u017eivit. V\u00fdstava bude v\u00a0Lazarsk\u00e9 od listopadu a\u017e do ledna a\u00a0v\u0161echny \u010dten\u00e1\u0159e srde\u010dn\u011b zvu. Bude tam i\u00a0ten n\u00e1\u0161 obl\u00edben\u00fd betl\u00e9m.<\/p>\r\n<p><a href=\"https:\/\/praha7.cz\/wp-content\/uploads\/2017\/10\/2017-09-rozhovor-kutalkova3.jpg\"><img loading=\"lazy\" src=\"https:\/\/praha7.cz\/wp-content\/uploads\/2017\/10\/2017-09-rozhovor-kutalkova3-267x400.jpg\" alt=\"\" width=\"267\" height=\"400\" class=\"alignnone size-medium wp-image-8146\" srcset=\"https:\/\/www.praha7.cz\/wp-content\/uploads\/2017\/10\/2017-09-rozhovor-kutalkova3-267x400.jpg 267w, https:\/\/www.praha7.cz\/wp-content\/uploads\/2017\/10\/2017-09-rozhovor-kutalkova3-768x1151.jpg 768w, https:\/\/www.praha7.cz\/wp-content\/uploads\/2017\/10\/2017-09-rozhovor-kutalkova3-667x1000.jpg 667w, https:\/\/www.praha7.cz\/wp-content\/uploads\/2017\/10\/2017-09-rozhovor-kutalkova3.jpg 1440w\" sizes=\"(max-width: 267px) 100vw, 267px\" \/><\/a><\/p>\r\n<hr \/>\r\n<p><strong>PaedDr. Dana Kut\u00e1lkov\u00e1<\/strong> (*1951) vystudovala logopedii na Pedagogick\u00e9 fakult\u011b Univerzity Karlovy. Po studiu u\u010dila d\u011bti se zbytky sluchu v\u00a0pra\u017esk\u00fdch Radlic\u00edch. P\u0159es 30 let pracovala jako klinick\u00e1 logopedka, v\u00a0soukrom\u00e9 praxi a\u00a0pak v\u00a0Nemocnici na Homolce. Dlouhodob\u011b se v\u011bnovala prevenci poruch \u0159e\u010di, vlivu civilizace na v\u00fdvoj \u0159e\u010di a\u00a0takzvan\u00fdm beznad\u011bjn\u00fdm p\u0159\u00edpad\u016fm. Je autorkou \u0159ady publikac\u00ed na t\u00e9ma prevence poruch \u0159e\u010di a\u00a0u\u010den\u00ed. Ve voln\u00e9m \u010dase pe\u010duje o\u00a0d\u00edlo a\u00a0odkaz sv\u00e9ho tch\u00e1na, keramika Jana Kut\u00e1lka.<\/p>","protected":false},"excerpt":{"rendered":"[perex]\u201eD\u011bti mluv\u00ed \u010d\u00edm d\u00e1l t\u00edm h\u016f\u0159, chyb\u00ed jim p\u0159irozen\u00fd pohyb a&nbsp;pozornost rodi\u010d\u016f,\u201c hodnot\u00ed sou\u010dasn\u00fd v\u00fdvoj logopedka Dana Kut\u00e1lkov\u00e1, autorka \u0159ady publikac\u00ed, kter\u00e1 cel\u00fd \u017eivot pom\u00e1hala d\u011btem i&nbsp;dosp\u011bl\u00fdm nejen spr\u00e1vn\u011b vyslovovat, ale i&nbsp;rozum\u011bt, vn\u00edmat a&nbsp;ch\u00e1pat. Krom\u011b toho ji\u017e patn\u00e1ct let v\u011bnuje energii i&nbsp;odkazu sv\u00e9ho tch\u00e1na, keramika Jana Kut\u00e1lka, a&nbsp;jeho plivn\u00edk\u016fm s\u00a0legra\u010dn\u00edmi jm\u00e9ny.[\/perex]Jak dlouho vlastn\u011b bydl\u00edte na [&hellip;]","protected":false},"author":9,"featured_media":8147,"comment_status":"open","ping_status":"open","sticky":false,"template":"","format":"standard","meta":[],"categories":[37],"tags":[],"_links":{"self":[{"href":"https:\/\/www.praha7.cz\/api\/wp\/v2\/posts\/8042"}],"collection":[{"href":"https:\/\/www.praha7.cz\/api\/wp\/v2\/posts"}],"about":[{"href":"https:\/\/www.praha7.cz\/api\/wp\/v2\/types\/post"}],"author":[{"embeddable":true,"href":"https:\/\/www.praha7.cz\/api\/wp\/v2\/users\/9"}],"replies":[{"embeddable":true,"href":"https:\/\/www.praha7.cz\/api\/wp\/v2\/comments?post=8042"}],"version-history":[{"count":4,"href":"https:\/\/www.praha7.cz\/api\/wp\/v2\/posts\/8042\/revisions"}],"predecessor-version":[{"id":8148,"href":"https:\/\/www.praha7.cz\/api\/wp\/v2\/posts\/8042\/revisions\/8148"}],"wp:featuredmedia":[{"embeddable":true,"href":"https:\/\/www.praha7.cz\/api\/wp\/v2\/media\/8147"}],"wp:attachment":[{"href":"https:\/\/www.praha7.cz\/api\/wp\/v2\/media?parent=8042"}],"wp:term":[{"taxonomy":"category","embeddable":true,"href":"https:\/\/www.praha7.cz\/api\/wp\/v2\/categories?post=8042"},{"taxonomy":"post_tag","embeddable":true,"href":"https:\/\/www.praha7.cz\/api\/wp\/v2\/tags?post=8042"}],"curies":[{"name":"wp","href":"https:\/\/api.w.org\/{rel}","templated":true}]}}