    
{"id":80415,"date":"2024-11-13T11:44:39","date_gmt":"2024-11-13T10:44:39","guid":{"rendered":"https:\/\/www.praha7.cz\/?p=80415"},"modified":"2025-02-10T11:02:28","modified_gmt":"2025-02-10T10:02:28","slug":"k-oslavam-140-let-prahy-7-vychazi-kniha-o-historii-mestske-casti","status":"publish","type":"post","link":"https:\/\/www.praha7.cz\/k-oslavam-140-let-prahy-7-vychazi-kniha-o-historii-mestske-casti\/","title":{"rendered":"K oslav\u00e1m 140 let Prahy&nbsp;7 vych\u00e1z\u00ed kniha o&nbsp;historii m\u011bstsk\u00e9 \u010d\u00e1sti"},"content":{"rendered":"<p>[perex]<\/p>\r\n<p>Oslavy kulat\u00fdch narozenin Prahy&nbsp;7 vrchol\u00ed. Hlavn\u00edm d\u00e1rkem k\u00a0tomuto v\u00fdznamn\u00e9mu jubileu je kni\u017en\u00ed novinka 140 let Prahy&nbsp;7, kter\u00e1 p\u0159in\u00e1\u0161\u00ed jedine\u010dn\u00fd pohled do pestr\u00e9 historie sedm\u00e9 pra\u017esk\u00e9 \u010d\u00e1sti.<\/p>\r\n<p>[\/perex]<\/p>\r\n<p><em>\u201eZa 140 let historie Prahy&nbsp;7 se odehr\u00e1ly mnoh\u00e9 ur\u010duj\u00edc\u00ed ud\u00e1losti pra\u017esk\u00fdch a&nbsp;\u010desk\u00fdch d\u011bjin, od prvn\u00ed elektrick\u00e9 tramvaje p\u0159es velk\u00e9 celon\u00e1rodn\u00ed v\u00fdstavy, v\u00fdznamn\u00e9 boje v&nbsp;r\u00e1mci kv\u011btnov\u00e9ho povst\u00e1n\u00ed a\u017e po nejv\u011bt\u0161\u00ed demonstrace sametov\u00e9 revoluce. Nem\u00e9n\u011b v\u00fdznamn\u00e9 ud\u00e1losti se na Sedmi\u010dce odehr\u00e1valy v&nbsp;oblasti sportu, na Letn\u00e9 des\u00edtky let s\u00eddlily pobl\u00ed\u017e sebe fotbalov\u00e9 kluby Sparta i&nbsp;Slavia, na \u0160tvanici \u010deskoslovensk\u00fd n\u00e1rodn\u00ed t\u00fdm poprv\u00e9 vyhr\u00e1l mistrovstv\u00ed sv\u011bta v\u00a0hokeji a&nbsp;ze t\u0159\u00ed nejstar\u0161\u00edch tenisov\u00fdch klub\u016f s\u00eddl\u00ed na Sedmi\u010dce v\u0161echny t\u0159i. Na \u00fazem\u00ed Prahy&nbsp;7 tak\u00e9 prob\u011bhlo celkem p\u011bt sokolsk\u00fdch slet\u016f. Kniha 140 let Prahy&nbsp;7 si neklade za c\u00edl prozkoumat tyto na ud\u00e1losti bohat\u00e9 d\u011bjiny pod akademick\u00fdm drobnohledem. P\u0159in\u00e1\u0161\u00ed sp\u00ed\u0161e st\u0159\u00edpky z\u00a0mozaiky, kter\u00e1 Prahu 7 v\u00a0uplynul\u00fdch letech formovala a&nbsp;utv\u00e1\u0159ela jej\u00ed dne\u0161n\u00ed osobitost a&nbsp;jedine\u010dn\u00fd charakter,\u201c<\/em> uvedl <strong><em>starosta Prahy&nbsp;7 Jan \u010ci\u017einsk\u00fd<\/em><\/strong>.<\/p>\r\n<p><img loading=\"lazy\" src=\"https:\/\/www.praha7.cz\/wp-content\/uploads\/2024\/11\/kniha-140-let-P7-1-1500x987.jpeg\" alt=\"\" width=\"640\" height=\"421\" class=\"alignnone size-large wp-image-80416\" srcset=\"https:\/\/www.praha7.cz\/wp-content\/uploads\/2024\/11\/kniha-140-let-P7-1-1500x987.jpeg 1500w, https:\/\/www.praha7.cz\/wp-content\/uploads\/2024\/11\/kniha-140-let-P7-1-600x395.jpeg 600w, https:\/\/www.praha7.cz\/wp-content\/uploads\/2024\/11\/kniha-140-let-P7-1-768x505.jpeg 768w, https:\/\/www.praha7.cz\/wp-content\/uploads\/2024\/11\/kniha-140-let-P7-1-1536x1010.jpeg 1536w, https:\/\/www.praha7.cz\/wp-content\/uploads\/2024\/11\/kniha-140-let-P7-1.jpeg 1888w\" sizes=\"(max-width: 640px) 100vw, 640px\" \/><\/p>\r\n<p>Kniha 140 let Prahy&nbsp;7 p\u0159edstavuje vybran\u00e9 miln\u00edky, zaj\u00edmav\u00e9 ud\u00e1losti a&nbsp;zn\u00e1m\u00e9 i&nbsp;m\u00e9n\u011b zn\u00e1m\u00e9 osobnosti z\u00a0historie m\u011bstsk\u00e9 \u010d\u00e1sti. Ve 27 kapitol\u00e1ch na 380 stran\u00e1ch se krom jin\u00e9ho dozv\u00edme, jak se jezdilo prvn\u00ed elektrickou dr\u00e1hou, kolikr\u00e1t se p\u0159ejmenovala ulice Milady Hor\u00e1kov\u00e9, jak\u00e9 se v\u00a0Praze 7 vyr\u00e1b\u011bly automobily, kde se \u0159\u00edkalo Na \u010certou\u0161ku, kolik zaplatily d\u011bti z\u00a0centra, kdy\u017e si cht\u011bly j\u00edt hr\u00e1t na letensk\u00e9 rejdi\u0161t\u011b, pro\u010d dodnes n\u011bkte\u0159\u00ed starousedl\u00edci \u0159\u00edkaj\u00ed Ortenovu n\u00e1m\u011bst\u00ed Dimitr\u00e1k, jak sedmi\u010dkov\u00e9 biografy inspirovaly re\u017eis\u00e9ra slavn\u00e9ho filmu Extase Gustava Machat\u00e9ho a&nbsp;mnoho dal\u0161\u00edho.<\/p>\r\n<p>Editorem knihy je Stanislav Josef V\u00e1clavovic. N\u011bkter\u00e9 z\u00a0text\u016f, pod kter\u00fdmi je krom\u011b S. J. V\u00e1clavovice podeps\u00e1no dal\u0161\u00edch sedm autor\u016f, se ji\u017e objevily v\u00a0rubrice Archiv na str\u00e1nk\u00e1ch \u010dasopisu Prahy&nbsp;7 Hobulet, jin\u00e9 jsou zcela nov\u00e9. Dopl\u0148uje je v\u00edce ne\u017e sto dobov\u00fdch fotografi\u00ed a&nbsp;ilustrac\u00ed, z\u00a0nich\u017e n\u011bkter\u00e9 nebyly je\u0161t\u011b nikdy publikov\u00e1ny. Origin\u00e1ln\u00ed je tak\u00e9 grafick\u00e9 zpracov\u00e1n\u00ed knihy, o&nbsp;kter\u00e9 se postarali Mikul\u00e1\u0161 Mach\u00e1\u010dek a&nbsp;\u0160\u00e1rka Z\u00edkov\u00e1 ze studia zetzetzet. Kniha pout\u00e1 pozornost ji\u017e svou ob\u00e1lkou a&nbsp;poti\u0161t\u011bnou o\u0159\u00edzkou a&nbsp;p\u016fsob\u00ed, jako by byla zabalen\u00e1 do meziv\u00e1le\u010dn\u00e9 mapy Prahy&nbsp;7. \u00a0<\/p>\r\n<p><img loading=\"lazy\" src=\"https:\/\/www.praha7.cz\/wp-content\/uploads\/2024\/11\/kniha-140-let-P7-3-1500x844.jpeg\" alt=\"\" width=\"640\" height=\"360\" class=\"alignnone size-large wp-image-80418\" srcset=\"https:\/\/www.praha7.cz\/wp-content\/uploads\/2024\/11\/kniha-140-let-P7-3-1500x844.jpeg 1500w, https:\/\/www.praha7.cz\/wp-content\/uploads\/2024\/11\/kniha-140-let-P7-3-600x338.jpeg 600w, https:\/\/www.praha7.cz\/wp-content\/uploads\/2024\/11\/kniha-140-let-P7-3-768x432.jpeg 768w, https:\/\/www.praha7.cz\/wp-content\/uploads\/2024\/11\/kniha-140-let-P7-3-1536x864.jpeg 1536w, https:\/\/www.praha7.cz\/wp-content\/uploads\/2024\/11\/kniha-140-let-P7-3-2048x1153.jpeg 2048w\" sizes=\"(max-width: 640px) 100vw, 640px\" \/><\/p>\r\n<p>K\u0159est knihy se uskute\u010dn\u00ed v\u00a0r\u00e1mci vernis\u00e1\u017ee v\u00fdstavy <a href=\"https:\/\/www.praha7.cz\/praha-7-ve-sbirkach-ngp\/\">Praha&nbsp;7 ve sb\u00edrk\u00e1ch NGP<\/a> ve st\u0159edu 13.&nbsp;listopadu 2024 v\u00a019 hodin ve Veletr\u017en\u00edm pal\u00e1ci.<\/p>\r\n<p><strong>Od \u010dtvrtka 14.&nbsp;listopadu 2024 bude kniha 140 let Prahy&nbsp;7 v\u00a0prodeji na \u00da\u0159ad\u011b m\u011bstsk\u00e9 \u010d\u00e1sti Praha&nbsp;7 (U&nbsp;Pr\u016fhonu 38) a&nbsp;v\u00a0infocentru Milady Hor\u00e1kov\u00e9 2 za 490&nbsp;K\u010d.<\/strong><\/p>\r\n<p>Oslavy 140 let Prahy&nbsp;7 vyvrchol\u00ed v\u00a0pond\u011bl\u00ed 18.&nbsp;listopadu v\u00a016 hodin <a href=\"https:\/\/www.praha7.cz\/zveme-na-vysazeni-pamatecneho-stromu-18-11\/\">vysazen\u00edm pam\u00e1te\u010dn\u00e9ho stromu na Ortenov\u011b n\u00e1m\u011bst\u00ed<\/a>. Pr\u00e1v\u011b v&nbsp;tento den, 18.&nbsp;listopadu 1884, vstoupil v&nbsp;platnost z\u00e1kon, kter\u00fd ofici\u00e1ln\u011b potvrdil p\u0159ipojen\u00ed spojen\u00fdch obc\u00ed Hole\u0161ovice-Bubny k&nbsp;hlavn\u00edmu m\u011bstu Praze.<\/p>","protected":false},"excerpt":{"rendered":"[perex] Oslavy kulat\u00fdch narozenin Prahy&nbsp;7 vrchol\u00ed. Hlavn\u00edm d\u00e1rkem k\u00a0tomuto v\u00fdznamn\u00e9mu jubileu je kni\u017en\u00ed novinka 140 let Prahy&nbsp;7, kter\u00e1 p\u0159in\u00e1\u0161\u00ed jedine\u010dn\u00fd pohled do pestr\u00e9 historie sedm\u00e9 pra\u017esk\u00e9 \u010d\u00e1sti. [\/perex] \u201eZa 140 let historie Prahy&nbsp;7 se odehr\u00e1ly mnoh\u00e9 ur\u010duj\u00edc\u00ed ud\u00e1losti pra\u017esk\u00fdch a&nbsp;\u010desk\u00fdch d\u011bjin, od prvn\u00ed elektrick\u00e9 tramvaje p\u0159es velk\u00e9 celon\u00e1rodn\u00ed v\u00fdstavy, v\u00fdznamn\u00e9 boje v&nbsp;r\u00e1mci kv\u011btnov\u00e9ho povst\u00e1n\u00ed a\u017e [&hellip;]","protected":false},"author":5,"featured_media":80417,"comment_status":"closed","ping_status":"open","sticky":false,"template":"","format":"standard","meta":[],"categories":[36,74],"tags":[106,84,94],"_links":{"self":[{"href":"https:\/\/www.praha7.cz\/api\/wp\/v2\/posts\/80415"}],"collection":[{"href":"https:\/\/www.praha7.cz\/api\/wp\/v2\/posts"}],"about":[{"href":"https:\/\/www.praha7.cz\/api\/wp\/v2\/types\/post"}],"author":[{"embeddable":true,"href":"https:\/\/www.praha7.cz\/api\/wp\/v2\/users\/5"}],"replies":[{"embeddable":true,"href":"https:\/\/www.praha7.cz\/api\/wp\/v2\/comments?post=80415"}],"version-history":[{"count":2,"href":"https:\/\/www.praha7.cz\/api\/wp\/v2\/posts\/80415\/revisions"}],"predecessor-version":[{"id":80425,"href":"https:\/\/www.praha7.cz\/api\/wp\/v2\/posts\/80415\/revisions\/80425"}],"wp:featuredmedia":[{"embeddable":true,"href":"https:\/\/www.praha7.cz\/api\/wp\/v2\/media\/80417"}],"wp:attachment":[{"href":"https:\/\/www.praha7.cz\/api\/wp\/v2\/media?parent=80415"}],"wp:term":[{"taxonomy":"category","embeddable":true,"href":"https:\/\/www.praha7.cz\/api\/wp\/v2\/categories?post=80415"},{"taxonomy":"post_tag","embeddable":true,"href":"https:\/\/www.praha7.cz\/api\/wp\/v2\/tags?post=80415"}],"curies":[{"name":"wp","href":"https:\/\/api.w.org\/{rel}","templated":true}]}}