    
{"id":80281,"date":"2024-11-07T14:03:53","date_gmt":"2024-11-07T13:03:53","guid":{"rendered":"https:\/\/www.praha7.cz\/?p=80281"},"modified":"2024-11-13T11:45:10","modified_gmt":"2024-11-13T10:45:10","slug":"praha-7-udelila-cestna-obcanstvi-a-ceny-mestske-casti","status":"publish","type":"post","link":"https:\/\/www.praha7.cz\/praha-7-udelila-cestna-obcanstvi-a-ceny-mestske-casti\/","title":{"rendered":"Praha&nbsp;7 ud\u011blila \u010destn\u00e9 ob\u010danstv\u00ed a&nbsp;ceny m\u011bstsk\u00e9 \u010d\u00e1sti"},"content":{"rendered":"<p>[perex]<\/p>\r\n<p>Architekt Josef Pleskot se ve st\u0159edu 6.&nbsp;listopadu 2024 stal \u010destn\u00fdm ob\u010danem Prahy&nbsp;7. Sedm\u00e1 m\u011bstsk\u00e1 \u010d\u00e1st ud\u011blila tak\u00e9 ceny za p\u0159\u00ednos v&nbsp;oblasti kultury, sportu, soci\u00e1ln\u00edch a&nbsp;komunitn\u00edch aktivit. P\u0159ed\u00e1n\u00ed ocen\u011bn\u00ed se uskute\u010dnilo v\u00a0r\u00e1mci oslav <a href=\"https:\/\/www.praha7.cz\/volny-cas-prehled\/kultura\/140let\/\">140 let Prahy&nbsp;7<\/a>.<\/p>\r\n<p>[\/perex]<\/p>\r\n<p><em>\u201eV leto\u0161n\u00edm roce si p\u0159ipom\u00edn\u00e1me 140 let od p\u0159ipojen\u00ed spojen\u00fdch obc\u00ed Hole\u0161ovice-Bubny k\u00a0hlavn\u00edmu m\u011bstu Praze. V\u00fdznamn\u00e9 v\u00fdro\u010d\u00ed na\u0161\u00ed m\u011bstsk\u00e9 \u010d\u00e1sti vn\u00edm\u00e1me jako ide\u00e1ln\u00ed p\u0159\u00edle\u017eitost k&nbsp;ocen\u011bn\u00ed v\u00fdjime\u010dn\u00fdch osobnost\u00ed, kter\u00e9 jsou s\u00a0Prahou 7 spojeny. Zapojili jsme tak\u00e9 na\u0161e ob\u010dany, kte\u0159\u00ed n\u00e1m pos\u00edlali sv\u00e9 n\u00e1vrhy. D\u011bkujeme v\u0161em, kte\u0159\u00ed n\u00e1s inspirovali jm\u00e9ny zn\u00e1m\u00fdch osobnost\u00ed, ale t\u0159eba i&nbsp;zaj\u00edmav\u00fdmi p\u0159\u00edb\u011bhy lid\u00ed, o&nbsp;jejich\u017e z\u00e1slu\u017en\u00e9 \u010dinnosti se tolik nemluv\u00ed. Mohli jsme tak vyb\u00edrat z&nbsp;r\u016fzn\u00fdch odv\u011btv\u00ed, od architektury a&nbsp;kultury p\u0159es poskytovatele soci\u00e1ln\u00ed pomoci pot\u0159ebn\u00fdm po provozovatele restaurac\u00ed, kter\u00e9 d\u00e1vaj\u00ed lidem v\u00a0nouzi ob\u011bdy zdarma. Gratuluji v\u0161em ocen\u011bn\u00fdm i&nbsp;jejich t\u00fdm\u016fm, je pro m\u011b velkou ct\u00ed, \u017ee tento projev na\u0161\u00ed \u00facty a&nbsp;vd\u011b\u010dnosti p\u0159ijali,\u201c<\/em> uvedl <em><strong>starosta Prahy&nbsp;7 Jan \u010ci\u017einsk\u00fd<\/strong><\/em>.<\/p>\r\n<p>Ud\u00edlen\u00ed \u010destn\u00e9ho ob\u010danstv\u00ed a&nbsp;cen m\u011bstsk\u00e9 \u010d\u00e1sti Praha&nbsp;7 se uskute\u010dnilo ve st\u0159edu 6.&nbsp;listopadu 2024 v&nbsp;Letensk\u00e9m z\u00e1me\u010dku.<\/p>\r\n<p><img loading=\"lazy\" src=\"https:\/\/www.praha7.cz\/wp-content\/uploads\/2024\/11\/oceneni-MC-Praha-7-2024-1500x974.jpeg\" alt=\"\" width=\"640\" height=\"416\" class=\"alignnone size-large wp-image-80284\" srcset=\"https:\/\/www.praha7.cz\/wp-content\/uploads\/2024\/11\/oceneni-MC-Praha-7-2024-1500x974.jpeg 1500w, https:\/\/www.praha7.cz\/wp-content\/uploads\/2024\/11\/oceneni-MC-Praha-7-2024-600x390.jpeg 600w, https:\/\/www.praha7.cz\/wp-content\/uploads\/2024\/11\/oceneni-MC-Praha-7-2024-768x499.jpeg 768w, https:\/\/www.praha7.cz\/wp-content\/uploads\/2024\/11\/oceneni-MC-Praha-7-2024-1536x998.jpeg 1536w, https:\/\/www.praha7.cz\/wp-content\/uploads\/2024\/11\/oceneni-MC-Praha-7-2024.jpeg 1894w\" sizes=\"(max-width: 640px) 100vw, 640px\" \/><\/p>\r\n<p>&nbsp;<\/p>\r\n<h3><b>Ocen\u011bn\u00e9 osobnosti<\/b><\/h3>\r\n<p><strong>\u010cestn\u00e9 ob\u010danstv\u00ed za trval\u00fd p\u0159\u00ednos m\u011bstsk\u00e9 \u010d\u00e1sti Praha&nbsp;7<\/strong><\/p>\r\n<p>Josef Pleskot \u2013 jeden z\u00a0nejv\u00fdznamn\u011bj\u0161\u00edch sou\u010dasn\u00fdch \u010desk\u00fdch architekt\u016f<\/p>\r\n<p>&nbsp;<\/p>\r\n<p><strong>Cena m\u011bstsk\u00e9 \u010d\u00e1sti za p\u0159\u00ednos v\u00a0soci\u00e1ln\u00ed oblasti<\/strong><\/p>\r\n<p>Blanka a&nbsp;Michal Bart\u00e1kovi \u2013 podnikatel\u00e9 v\u00a0gastronomii poskytuj\u00edc\u00ed bezplatn\u00e9 stravov\u00e1n\u00ed lidem v\u00a0nouzi<\/p>\r\n<p>Nora Fridrichov\u00e1 \u2013 novin\u00e1\u0159ka, zakladatelka a&nbsp;p\u0159edsedkyn\u011b humanit\u00e1rn\u00edho centra \u0160atn\u00edk<\/p>\r\n<p>Jitka Krejc\u00e1rkov\u00e1 \u2013 zakladatelka organizace Pes pro tebe, zab\u00fdvaj\u00edc\u00ed se cvi\u010den\u00edm vodic\u00edch a&nbsp;asisten\u010dn\u00edch ps\u016f<\/p>\r\n<p>Jana Lesi\u010dkov\u00e1 \u2013 podnikatelka v\u00a0gastronomii poskytuj\u00edc\u00ed bezplatn\u00e9 stravov\u00e1n\u00ed lidem v\u00a0nouzi<\/p>\r\n<p>&nbsp;<\/p>\r\n<p><strong>Cena m\u011bstsk\u00e9 \u010d\u00e1sti za p\u0159\u00ednos v\u00a0oblasti komunitn\u00edch aktivit<\/strong><\/p>\r\n<p>Vladim\u00edr Dr\u00e1bek \u2013 prvn\u00ed porevolu\u010dn\u00ed starosta Prahy&nbsp;7, po\u0159adatel komunitn\u00edch aktivit, zakladatel a&nbsp;p\u0159edseda spolku Alt\u00e1n Art pro lidi s\u00a0ment\u00e1ln\u00edm a&nbsp;zdravotn\u00edm znev\u00fdhodn\u011bn\u00edm<\/p>\r\n<p>Silvie Je\u017ekov\u00e1 \u2013 klav\u00edristka a&nbsp;hudebn\u00ed pedago\u017eka, dlouholet\u00e1 p\u0159edsedkyn\u011b Rodinn\u00e9ho centra Letn\u00e1<\/p>\r\n<p>&nbsp;<\/p>\r\n<p><strong>Cena m\u011bstsk\u00e9 \u010d\u00e1sti za p\u0159\u00ednos v\u00a0oblasti kultury<\/strong><\/p>\r\n<p>Eli\u0161ka Hrub\u00e1 Toperczerov\u00e1 \u2013 opern\u00ed p\u011bvkyn\u011b, pedago\u017eka, re\u017eis\u00e9rka<\/p>\r\n<p>Marko Ivanovi\u0107 \u2013 dirigent, hudebn\u00ed skladatel<\/p>\r\n<p>Michael T\u0159e\u0161t\u00edk \u2013 spisovatel, publicista, dokumentarista<\/p>\r\n<p>Zuzana Zadrob\u00edlkov\u00e1 \u2013 nakladatelka, po\u0159adatelka kulturn\u00edch aktivit<\/p>\r\n<p>&nbsp;<\/p>\r\n<p><strong>Cena m\u011bstsk\u00e9 \u010d\u00e1sti za p\u0159\u00ednos v\u00a0oblasti sportu<\/strong><\/p>\r\n<p>Mat\u011bj Kozubek \u2013 d\u00e1lkov\u00fd plavec<\/p>\r\n<p>&nbsp;<\/p>\r\n        <div class=\"collapse-block\">\r\n            <div class=\"card-header\" role=\"tab\" id=\"headinga6f05aca740f68edb28b0605553be012412dc346\">\r\n                                    <h3 class=\"mb-0\">\r\n                        <a data-toggle=\"collapse\" href=\"#collapsea6f05aca740f68edb28b0605553be012412dc346\" aria-controls=\"collapsea6f05aca740f68edb28b0605553be012412dc346\">\r\n                            Medailonky ocen\u011bn\u00fdch                            <i class=\"fa fa-2x fa-angle-down\" aria-hidden=\"true\"><\/i>\r\n                        <\/a>\r\n                    <\/h3>\r\n                                \r\n            <\/div>\r\n\r\n            <div id=\"collapsea6f05aca740f68edb28b0605553be012412dc346\" class=\"collapse\" data-id=\"a6f05aca740f68edb28b0605553be012412dc346\" role=\"tabpanel\" aria-labelledby=\"headinga6f05aca740f68edb28b0605553be012412dc346\">\r\n                <div class=\"card-block\">\r\n    \r\n<p><strong>\u010cestn\u00e9 ob\u010danstv\u00ed za trval\u00fd p\u0159\u00ednos m\u011bstsk\u00e9 \u010d\u00e1sti Praha&nbsp;7<\/strong><\/p>\r\n<h3>Josef Pleskot<\/h3>\r\n<p>Pat\u0159\u00ed mezi nejv\u00fdznamn\u011bj\u0161\u00ed sou\u010dasn\u00e9 \u010desk\u00e9 architekty. Od roku 1991 vede vlastn\u00ed architektonickou kancel\u00e1\u0159 AP atelier. Josef Pleskot je dr\u017eitelem \u0159ady ocen\u011bn\u00ed v\u010detn\u011b Grand Prix Obce architekt\u016f. V\u00a0roce 2009 byl v\u00a0odborn\u00e9 anket\u011b organizovan\u00e9 \u010dasopisem Reflex zvolen nejv\u00fdznamn\u011bj\u0161\u00ed osobnost\u00ed \u010desk\u00e9 architektury dvacetilet\u00ed 1990\u20132009. V&nbsp;posledn\u00edch letech je vysoce hodnocena jeho rozs\u00e1hl\u00e1 konverze are\u00e1lu V\u00edtkovick\u00fdch \u017eelez\u00e1ren v&nbsp;Ostrav\u011b s&nbsp;multifunk\u010dn\u00ed aulou Gong, vysokou pec\u00ed Bolt Tower a&nbsp;Trojhal\u00edm Karolina. Za Sv\u011bt techniky z\u00edskal cenu Architekt roku 2014. Na sv\u00e9m kont\u011b m\u00e1 celou \u0159adu dal\u0161\u00edch v\u00fdznamn\u00fdch realizac\u00ed po cel\u00e9 \u010cesk\u00e9 republice. Je tak\u00e9 zn\u00e1m\u00fd sv\u00fdm zam\u011b\u0159en\u00edm na spole\u010denskou roli architektury.<\/p>\r\n<p>&nbsp;<\/p>\r\n<p><strong>Cena m\u011bstsk\u00e9 \u010d\u00e1sti Praha&nbsp;7 za p\u0159\u00ednos v\u00a0soci\u00e1ln\u00ed oblasti<\/strong><\/p>\r\n<h3>Blanka Bart\u00e1kov\u00e1 a&nbsp;Michal Bart\u00e1k<\/h3>\r\n<p>Oba jsou hole\u0161ovi\u010dt\u00ed rod\u00e1ci, p\u0159i\u0161li na sv\u011bt t\u0159i roky po sob\u011b v\u00a0ji\u017e neexistuj\u00edc\u00ed porodnici na \u0160tvanici a&nbsp;cel\u00fd sv\u016fj \u017eivot spojili s\u00a0Prahou 7. Letos spole\u010dn\u011b oslavili st\u0159\u00edbrnou svatbu. P\u0159esto\u017ee Blanka profesn\u011b za\u010d\u00ednala v\u00a0cestovn\u00edm ruchu a&nbsp;Michal sestavoval po\u010d\u00edta\u010dov\u00e9 s\u00edt\u011b a&nbsp;programoval, s\u00e9rie n\u00e1hod je nakonec dovedla k&nbsp;podnik\u00e1n\u00ed v\u00a0gastronomii. V\u0161e za\u010dalo otev\u0159en\u00edm zahradn\u00ed restaurace Gaston v\u00a0pra\u017esk\u00e9 zoo v\u00a0roce 2005, pozd\u011bji se man\u017eel\u00e9 Bart\u00e1kovi pod\u00edleli na rozjezdu dal\u0161\u00edch gastronomick\u00fdch provoz\u016f v\u00a0Praze 7. Nakonec u&nbsp;nich p\u0159ev\u00e1\u017eila touha otev\u0159\u00edt vlastn\u00ed podnik s\u00a0m\u00e9n\u011b po\u010detnou, ale o&nbsp;to st\u00e1lej\u0161\u00ed klientelou. A&nbsp;tak se v\u00a0roce 2013 zrodila restaurace Stereo na Letensk\u00e9m n\u00e1m\u011bst\u00ed. Man\u017eel\u00e9 Bart\u00e1kovi se p\u0159ed n\u011bkolika lety shodli, \u017ee je v\u00a0jejich sil\u00e1ch d\u011blat radost nejen b\u011b\u017en\u00fdm z\u00e1kazn\u00edk\u016fm, ale i&nbsp;t\u011bm obyvatel\u016fm Sedmi\u010dky, kte\u0159\u00ed by si jinak nemohli stravov\u00e1n\u00ed v\u00a0restauraci dovolit. Od t\u00e9 doby jejich restaurace poskytuje pomoc p\u0159edev\u0161\u00edm osam\u011bl\u00fdm senior\u016fm, kter\u00fdm vrac\u00ed do \u017eivota tepl\u00fd ob\u011bd a&nbsp;t\u00edm i&nbsp;d\u016fstojnost a&nbsp;sebed\u016fv\u011bru.<\/p>\r\n<p>&nbsp;<\/p>\r\n<p><strong>Cena m\u011bstsk\u00e9 \u010d\u00e1sti Praha&nbsp;7 za p\u0159\u00ednos v\u00a0oblasti komunitn\u00edch aktivit<\/strong><\/p>\r\n<h3>Vladim\u00edr Dr\u00e1bek<\/h3>\r\n<p>V Praze 7 \u017eije od roku 1954, tedy p\u0159esn\u011b polovinu existence m\u011bstsk\u00e9 \u010d\u00e1sti. V\u00a090.&nbsp;letech byl prvn\u00edm porevolu\u010dn\u00edm starostou Prahy&nbsp;7 a&nbsp;n\u00e1sledn\u011b tak\u00e9 n\u00e1m\u011bstkem prim\u00e1tora hlavn\u00edho m\u011bsta Prahy. V\u00a0Zastupitelstvu Prahy&nbsp;7 p\u016fsobil do roku 1998 a&nbsp;st\u00e1l tak\u00e9 u&nbsp;vzniku dodnes vych\u00e1zej\u00edc\u00edho radni\u010dn\u00edho \u010dasopisu Hobulet. Od roku 2012 do sou\u010dasnosti je \u010dlenem Sportovn\u00ed komise m\u011bstsk\u00e9 \u010d\u00e1sti. V\u00a0Praze 7 se \u0159adu let v\u011bnuje po\u0159\u00e1d\u00e1n\u00ed kulturn\u00edch a&nbsp;sportovn\u00edch aktivit. Je zakladatelem a&nbsp;p\u0159edsedou spolku ALT\u00c1N ART, kter\u00fd v&nbsp;ulici Nad Kr\u00e1lovskou oborou od roku 2013 provozuje kreativn\u00ed v\u00fdtvarn\u00fd Ateli\u00e9r radostn\u00e9 tvorby pro um\u011blce s&nbsp;ment\u00e1ln\u00edm handicapem a&nbsp;du\u0161evn\u00edm onemocn\u011bn\u00edm a&nbsp;od roku 2017 tak\u00e9 Kulturn\u011b komunitn\u00ed centrum ART pro seniory a&nbsp;lidi se zdravotn\u00edm znev\u00fdhodn\u011bn\u00edm.<\/p>\r\n<p>&nbsp;<\/p>\r\n<p><strong>Cena m\u011bstsk\u00e9 \u010d\u00e1sti Praha&nbsp;7 za p\u0159\u00ednos v\u00a0soci\u00e1ln\u00ed oblasti<\/strong><\/p>\r\n<h3>Nora Fridrichov\u00e1<\/h3>\r\n<p>Novin\u00e1\u0159ka a&nbsp;p\u0159edsedkyn\u011b spr\u00e1vn\u00ed rady organizace \u0160atn\u00edk \u2013 nejv\u011bt\u0161\u00edho humanit\u00e1rn\u00edho centra v&nbsp;\u010cR s&nbsp;p\u0159\u00edmou materi\u00e1ln\u00ed pomoc\u00ed. Prvn\u00ed sb\u00edrku \u0161atstva vyhl\u00e1sila v&nbsp;roce 2019 na recepci \u010cesk\u00e9 televize. V&nbsp;roce 2021 za covidov\u00e9 pandemie spustila velkou pra\u017eskou sb\u00edrku \u0161atstva pro rodiny samo\u017eivitel\u016f sti\u017een\u00e9 covidovou uz\u00e1v\u011brou zem\u011b a&nbsp;po\u0159\u00e1dala tak\u00e9 sb\u00edrky na n\u00e1kup potravin a&nbsp;notebook\u016f pro d\u011bti na distan\u010dn\u00ed v\u00fduce. Prvn\u00ed \u0160atn\u00edk Nora Fridrichov\u00e1 otev\u0159ela v&nbsp;karl\u00ednsk\u00fdch kas\u00e1rn\u00e1ch a&nbsp;z\u00e1hy zalo\u017eila sou\u010dasn\u00fd nada\u010dn\u00ed fond, kter\u00fd s\u00eddl\u00ed v&nbsp;Hole\u0161ovick\u00e9 tr\u017enici. V&nbsp;registraci m\u00e1 dnes \u0160atn\u00edk t\u00e9m\u011b\u0159 15 tis\u00edc pot\u0159ebn\u00fdch rodin, obl\u00e9k\u00e1 ale i&nbsp;\u017eeny a&nbsp;d\u011bti, kter\u00e9 zde na\u0161ly \u00fato\u010di\u0161t\u011b p\u0159ed v\u00e1lkou na Ukrajin\u011b, seniory v&nbsp;nouzi nebo nov\u011b tak\u00e9 pacienty psychiatrick\u00fdch l\u00e9\u010deben. Za svou charitativn\u00ed \u010dinnost obdr\u017eela Nora Fridrichov\u00e1 v&nbsp;roce 2021 St\u0159\u00edbrnou medaili p\u0159edsedy Sen\u00e1tu.<\/p>\r\n<p>&nbsp;<\/p>\r\n<p><strong>Cena m\u011bstsk\u00e9 \u010d\u00e1sti Praha&nbsp;7 za p\u0159\u00ednos v\u00a0oblasti kultury<\/strong><\/p>\r\n<h3>Eli\u0161ka Hrub\u00e1 Toperczerov\u00e1<\/h3>\r\n<p>Vystudovala op\u011brn\u00ed zp\u011bv na Pra\u017esk\u00e9 konzervato\u0159i a&nbsp;Hudebn\u00ed a&nbsp;tane\u010dn\u00ed fakult\u011b AMU v&nbsp;Praze. Je v\u00edt\u011bzkou mnoha p\u011bveck\u00fdch sout\u011b\u017e\u00ed. Od roku 1995 spolupracuje s&nbsp;K\u00fchnov\u00fdm d\u011btsk\u00fdm sborem jako hlasov\u00e1 pedago\u017eka a&nbsp;re\u017eis\u00e9rka. Je autorkou \u010di spoluautorkou libret k&nbsp;n\u011bkolika oper\u00e1m, kter\u00e9 byly naps\u00e1ny pr\u00e1v\u011b pro K\u00fchn\u016fv d\u011btsk\u00fd sbor, a&nbsp;pod\u00edlela se na cel\u00e9 \u0159ad\u011b dal\u0161\u00edch hudebn\u00edch projekt\u016f. Se sv\u00fdmi operami pravideln\u011b hostuje na Pra\u017esk\u00e9m jaru, Smetanov\u011b Litomy\u0161li a&nbsp;dal\u0161\u00edch festivalech. Od roku 2009 spolupracuje na p\u0159edstaven\u00ed W. Shakespeara Vesel\u00e9 pani\u010dky Windsdorsk\u00e9 v&nbsp;r\u00e1mci Letn\u00edch shakespearovsk\u00fdch slavnost\u00ed a&nbsp;p\u0159ipravuje tak\u00e9 vlastn\u00ed hudebn\u011b-dramatick\u00e9 po\u0159ady. P\u011bt let byla hlasovou pedago\u017ekou na Mezin\u00e1rodn\u00ed p\u011bveck\u00e9 sout\u011b\u017ei San Remo junior. V&nbsp;sou\u010dasn\u00e9 dob\u011b se v\u011bnuje rozvoji mlad\u00fdch talent\u016f.<\/p>\r\n<p>&nbsp;<\/p>\r\n<p><strong>Cena m\u011bstsk\u00e9 \u010d\u00e1sti Praha&nbsp;7 za p\u0159\u00ednos v\u00a0soci\u00e1ln\u00ed oblasti<\/strong><\/p>\r\n<h3>Jitka Krejc\u00e1rkov\u00e1<\/h3>\r\n<p>Ji\u017e \u0159adu let se v\u011bnuje v\u00fdcviku asisten\u010dn\u00edch ps\u016f. Od narozen\u00ed m\u00e1 pouze zbytky zraku, ale tento hendikep dok\u00e1zala ve sv\u00e9 profesy prom\u011bnit v&nbsp;p\u0159ednost. V&nbsp;roce 2001 vycvi\u010dila sv\u00e9ho prvn\u00edho vodic\u00edho psa a&nbsp;n\u00e1sledn\u011b se za\u010dala t\u00e9to \u010dinnosti v\u011bnovat na profesion\u00e1ln\u00ed \u00farovni. Nejprve psy tr\u00e9novala a&nbsp;skl\u00e1dala s&nbsp;nimi zkou\u0161ky pro r\u016fzn\u00e9 instituce, v&nbsp;roce 2005 se v\u0161ak osamostatnila a&nbsp;zalo\u017eila vlastn\u00ed organizaci Pes pro tebe, kter\u00e1 dosud klient\u016fm p\u0159edala 110 \u010dty\u0159noh\u00fdch pomocn\u00edk\u016f. V&nbsp;roce 2023 se spolku Pes pro tebe poda\u0159ilo splnit podm\u00ednky pro vstup do mezin\u00e1rodn\u00ed organizace Assistance Dogs International, kter\u00e1 sdru\u017euje v\u00fdcvikov\u00e9 \u0161koly asisten\u010dn\u00edch ps\u016f po cel\u00e9m sv\u011bt\u011b. P\u0159i v\u00fdcviku budouc\u00edch pr\u016fvodc\u016f nevidom\u00fdch a&nbsp;slabozrak\u00fdch klient\u016f vyu\u017e\u00edv\u00e1 Jitka Krejc\u00e1rkov\u00e1 sv\u00e9 vlastn\u00ed zku\u0161enosti a&nbsp;dok\u00e1\u017ee se n\u00e1le\u017eit\u011b vc\u00edtit do pocit\u016f a&nbsp;pot\u0159eb osob se zrakov\u00fdm hendikepem.<\/p>\r\n<p>&nbsp;<\/p>\r\n<p><strong>Cena m\u011bstsk\u00e9 \u010d\u00e1sti Praha&nbsp;7 za p\u0159\u00ednos v\u00a0oblasti kultury<\/strong><\/p>\r\n<h3>Marko Ivanovi\u0107<\/h3>\r\n<p>Jako dirigent za\u010d\u00ednal v\u00a0N\u00e1rodn\u00edm divadle v\u00a0Praze, byl \u0161\u00e9fdirigentem Komorn\u00ed filharmonie Pardubice a&nbsp;dodnes p\u016fsob\u00ed jako \u0161\u00e9fdirigent N\u00e1rodn\u00edho divadla Brno. Je v\u00edcen\u00e1sobn\u00fdm dr\u017eitelem Ceny Divadeln\u00edch novin za opern\u00ed inscenaci roku. V\u00a0roce 2023 obdr\u017eel cenu And\u011bl za nahr\u00e1vku symfonick\u00fdch skladeb Miloslava Kabel\u00e1\u010de. Pestr\u00e1 je tak\u00e9 jeho skladatelsk\u00e1 \u010dinnost. V\u00a0posledn\u00edch letech se soust\u0159ed\u00ed p\u0159edev\u0161\u00edm na hudebn\u011b jevi\u0161tn\u00ed d\u00edla. Je autorem \u010dty\u0159 div\u00e1cky \u00fasp\u011b\u0161n\u00fdch oper. Za posledn\u00ed z\u00a0nich, Monument, obdr\u017eel v\u00a0roce 2020 Cenu divadeln\u00ed kritiky. Je tak\u00e9 \u010dast\u00fdm autorem sc\u00e9nick\u00e9 a&nbsp;rozhlasov\u00e9 hudby. Od roku 2005 je spolupo\u0159adatelem a&nbsp;dirigentem cyklu komentovan\u00fdch koncert\u016f Kroky do nov\u00e9ho sv\u011bta, kter\u00fd produkuje \u010cesk\u00e1 filharmonie. V&nbsp;roce 2022 obdr\u017eel od Spole\u010dnosti pro hudebn\u00ed v\u00fdchovu Cenu Jaroslava Herdena.<\/p>\r\n<p>&nbsp;<\/p>\r\n<p><strong>Cena m\u011bstsk\u00e9 \u010d\u00e1sti Praha&nbsp;7 za p\u0159\u00ednos v\u00a0oblasti komunitn\u00edch aktivit<\/strong><\/p>\r\n<h3>Silvie Je\u017ekov\u00e1<\/h3>\r\n<p>Klav\u00edristka a&nbsp;hudebn\u00ed pedago\u017eka \u017eije cel\u00fd \u017eivot v&nbsp;Praze 7 a&nbsp;v\u017edy s&nbsp;radost\u00ed p\u0159isp\u00edvala svou r\u016fznorodou \u010dinnost\u00ed k&nbsp;jej\u00ed pestrosti. A\u0165 u\u017e se jednalo o&nbsp;p\u016fsoben\u00ed na tane\u010dn\u00edm odd\u011blen\u00ed m\u00edstn\u00ed ZU\u0160, po\u0159\u00e1d\u00e1n\u00ed hudebn\u00edch, pohybov\u00fdch a&nbsp;rukod\u011bln\u00fdch aktivit, veden\u00ed krou\u017ek\u016f b\u0159i\u0161n\u00edch tanc\u016f v\u00a0DDM \u010di dobrovolnickou \u010dinnost p\u0159i nejr\u016fzn\u011bj\u0161\u00edch akc\u00edch farnosti u&nbsp;kostela sv. Anton\u00edna, m\u011bstsk\u00e9 \u010d\u00e1sti Praha&nbsp;7 a&nbsp;dal\u0161\u00edch organizac\u00ed. Ji\u017e 16 let je p\u0159edsedkyn\u00ed Rodinn\u00e9ho centra Letn\u00e1, kter\u00e9 nab\u00edz\u00ed prostor pro setk\u00e1v\u00e1n\u00ed rodi\u010d\u016f s&nbsp;mal\u00fdmi d\u011btmi, organizuje celou \u0159adu krou\u017ek\u016f a&nbsp;pohybov\u00fdch aktivit, po\u0159\u00e1d\u00e1 osv\u011btov\u00e9 p\u0159edn\u00e1\u0161ky a&nbsp;semin\u00e1\u0159e a&nbsp;v\u011bnuje se rozs\u00e1hl\u00e9 charitativn\u00ed \u010dinnosti. Akce jako Masopust pro nejmen\u0161\u00ed, Draki\u00e1da \u010di Svatomartinsk\u00fd lampionkov\u00fd pr\u016fvod ve Stromovce se ji\u017e staly neopomenuteln\u00fdmi tradicemi pro mnoho rodin nejen z\u00a0Prahy&nbsp;7.<\/p>\r\n<p>&nbsp;<\/p>\r\n<p><strong>Cena m\u011bstsk\u00e9 \u010d\u00e1sti Praha&nbsp;7 za p\u0159\u00ednos v\u00a0oblasti sportu<\/strong><\/p>\r\n<h3>Mat\u011bj Kozubek<\/h3>\r\n<p>\u010cesk\u00fd reprezentant v&nbsp;d\u00e1lkov\u00e9m plav\u00e1n\u00ed se pravideln\u011b ji\u017e od roku 2013 \u00fa\u010dastn\u00ed vrcholn\u00fdch sout\u011b\u017e\u00ed, jako jsou mistrovstv\u00ed sv\u011bta a&nbsp;Evropy. Nejprve reprezentoval v&nbsp;juniorsk\u00fdch kategori\u00edch a&nbsp;od roku 2015 ji\u017e v&nbsp;kategorii Open. Nejlep\u0161\u00edho um\u00edst\u011bn\u00ed zat\u00edm dos\u00e1hl v&nbsp;roce 2019, kdy obsadil 4.&nbsp;m\u00edsto na 5 km v&nbsp;r\u00e1mci Mistrovstv\u00ed sv\u011bta v&nbsp;Ji\u017en\u00ed Koreji. V&nbsp;roce 2021 se Mat\u011bj Kozubek kvalifikoval na olympijsk\u00e9 hry v&nbsp;Tokiu. Na za\u010d\u00e1tku z\u00e1\u0159\u00ed 2024 se z\u00fa\u010dastnil sv\u00e9ho prvn\u00edho z\u00e1vodu, kter\u00fd se \u0159ad\u00ed do kategorie ultramaraton\u016f. Jednalo se o&nbsp;z\u00e1vod na 36 km z\u00a0ostrova Capri do Neapole. P\u0159i sv\u00e9 premi\u00e9\u0159e v\u00a0t\u00e9to nesm\u00edrn\u011b n\u00e1ro\u010dn\u00e9 discipl\u00edn\u011b se Mat\u011bj Kozubek um\u00edstil na 4.&nbsp;m\u00edst\u011b.<\/p>\r\n<p>&nbsp;<\/p>\r\n<p><strong>Cena m\u011bstsk\u00e9 \u010d\u00e1sti Praha&nbsp;7 za p\u0159\u00ednos v\u00a0soci\u00e1ln\u00ed oblasti<\/strong><\/p>\r\n<h3>Jana Lesi\u010dkov\u00e1<\/h3>\r\n<p>Narodila se na \u0160tvanici a&nbsp;cel\u00fd sv\u016fj \u017eivot \u017eije v\u00a0Praze 7. Ji\u017e 16 let podnik\u00e1 v\u00a0gastronomii a&nbsp;provozuje dnes ji\u017e tradi\u010dn\u00ed letenskou pivnici U&nbsp;Pivoje. Svou pr\u00e1ci vn\u00edm\u00e1 jako posl\u00e1n\u00ed, kter\u00e9 nen\u00ed jen o&nbsp;samotn\u00e9m pohostinstv\u00ed. Jeho ned\u00edlnou sou\u010d\u00e1st\u00ed je ka\u017edodenn\u00ed pozn\u00e1v\u00e1n\u00ed spletit\u00fdch cest lidsk\u00fdch osud\u016f, kter\u00e9 nejsou poka\u017ed\u00e9 jenom zalit\u00e9 sluncem. Tak\u00e9 proto Jana Lesi\u010dkov\u00e1 se sv\u00fdm podnik\u00e1n\u00edm spojila dlouhodobou nezi\u0161tnou pomoc pot\u0159ebn\u00fdm z\u00a0Prahy&nbsp;7. Ze sv\u00e9 iniciativy nav\u00e1zala spolupr\u00e1ci se soci\u00e1ln\u00edm odborem m\u011bstsk\u00e9 \u010d\u00e1sti a&nbsp;anga\u017euje se v&nbsp;poskytov\u00e1n\u00ed ob\u011bd\u016f senior\u016fm a&nbsp;dal\u0161\u00edm lidem z\u00a0Prahy&nbsp;7, kte\u0159\u00ed se dostali do obt\u00ed\u017en\u00fdch \u017eivotn\u00edch situac\u00ed. D\u00edky pomoci Jany Lesi\u010dkov\u00e9 a&nbsp;jej\u00edho t\u00fdmu tak maj\u00ed pravideln\u011b tepl\u00fd ob\u011bd v&nbsp;p\u0159\u00edjemn\u00e9m prost\u0159ed\u00ed, kde nejsou izolovan\u00ed od ostatn\u00edch lid\u00ed a&nbsp;b\u011b\u017en\u00e9ho \u017eivota.<\/p>\r\n<p>&nbsp;<\/p>\r\n<p><strong>Cena m\u011bstsk\u00e9 \u010d\u00e1sti Praha&nbsp;7 za p\u0159\u00ednos v\u00a0oblasti kultury<\/strong><\/p>\r\n<h3>Michael T\u0159e\u0161t\u00edk<\/h3>\r\n<p>S v\u00fdjimkou n\u011bkolika let po svatb\u011b, kdy hostoval v&nbsp;byt\u011b u&nbsp;rodi\u010d\u016f sv\u00e9 \u017eeny, \u017eije cel\u00fd \u017eivot v&nbsp;Praze 7, konkr\u00e9tn\u011b na Letn\u00e9. Vystudoval architekturu na \u010cVUT a&nbsp;pozd\u011bji postgradu\u00e1l stavebn\u00ed fyziky. Asi patn\u00e1ct let projektoval a&nbsp;vykon\u00e1val expertn\u00ed \u010dinnost v&nbsp;oboru urbanistick\u00e9 akustiky, ale v&nbsp;polovin\u011b osmdes\u00e1t\u00fdch let se za\u010dal v\u011bnovat literatu\u0159e, a&nbsp;to mu ji\u017e z\u016fstalo. Napsal v\u00edce ne\u017e dvacet knih beletrie a&nbsp;populariza\u010dn\u00edch knih o&nbsp;um\u011bn\u00ed a&nbsp;architektu\u0159e. Je sb\u011bratelem sou\u010dasn\u00e9ho v\u00fdtvarn\u00e9ho um\u011bn\u00ed, jeho sb\u00edrky keramiky jsou z\u00e1kladem dvou muzejn\u00edch expozic. V&nbsp;prvn\u00edm volebn\u00edm obdob\u00ed po sametov\u00e9 revoluci byl radn\u00edm Prahy&nbsp;7 a&nbsp;dv\u011b volebn\u00ed obdob\u00ed byl \u010dlenem rady Obce spisovatel\u016f. Jako dramaturg spolupracoval na mnoha filmech sv\u00e9 \u017eeny, dokumentaristky Heleny T\u0159e\u0161t\u00edkov\u00e9.<\/p>\r\n<p>&nbsp;<\/p>\r\n<p><strong>Cena m\u011bstsk\u00e9 \u010d\u00e1sti Praha&nbsp;7 za p\u0159\u00ednos v\u00a0oblasti kultury<\/strong><\/p>\r\n<h3>Zuzana Zadrob\u00edlkov\u00e1<\/h3>\r\n<p>Narodila se v\u00a0Praze 7 v\u00a0rodin\u011b v\u00fdtvarn\u00edka, hudebn\u00edk, b\u00e1sn\u00edka a&nbsp;spisovatele Vladislava Zadrob\u00edlka. Prost\u0159ed\u00ed pln\u00e9 knih m\u011blo na Zuzanu ur\u010duj\u00edc\u00ed vliv. Kdy\u017e po roce 1989 prom\u011bnil Vladislav Zadrob\u00edlek svou samizdatovou d\u00edlnu v&nbsp;ofici\u00e1ln\u00ed nakladatelstv\u00ed Trigon, zapojil do sv\u00e9 \u010dinnosti celou rodinu. Zuzana b\u011bhem studia pom\u00e1hala s&nbsp;korekturami a&nbsp;jazykovou redakc\u00ed knih, posl\u00e9ze za\u010dala pracovat tak\u00e9 v\u00a0rodinn\u00e9m knihkupectv\u00ed a&nbsp;antikvari\u00e1tu. V&nbsp;roce 2010 p\u0159evzala Zuzana Zadrob\u00edlkov\u00e1 veden\u00ed nakladatelstv\u00ed. Za jej\u00edho p\u016fsoben\u00ed vy\u0161lo n\u011bkolik des\u00edtek oce\u0148ovan\u00fdch titul\u016f. Prodejna Trigonu se stala azylem nejen pro v\u0161echny milovn\u00edky knih, ale p\u016fsob\u00ed tak\u00e9 jako mal\u00e9, ov\u0161em \u017eiv\u00e9 kulturn\u00ed centrum. V&nbsp;r\u00e1mci cyklu OBRAZ &amp; KNIHA zde prob\u00edhaj\u00ed komorn\u00ed v\u00fdstavy sou\u010dasn\u00fdch v\u00fdtvarn\u00fdch um\u011blc\u016f, hudebn\u00ed produkce a&nbsp;setk\u00e1n\u00ed s&nbsp;autory. Trigon po\u0159\u00e1d\u00e1 rovn\u011b\u017e autorsk\u00e1 \u010dten\u00ed, p\u0159edn\u00e1\u0161ky, koncerty a&nbsp;nov\u011b tak\u00e9 b\u00e1snick\u00fd festival 3D poezie.<\/p>\r\n                <\/div>\r\n            <\/div>\r\n        <\/div>\r\n    \r\n<p>&nbsp;<\/p>\r\n<p><a href=\"https:\/\/www.praha7.cz\/wp-content\/uploads\/2024\/11\/Josef-Pleskot.jpeg\"><img loading=\"lazy\" src=\"https:\/\/www.praha7.cz\/wp-content\/uploads\/2024\/11\/Josef-Pleskot-200x200.jpeg\" alt=\"\" width=\"200\" height=\"200\" class=\"alignnone size-thumbnail wp-image-80294\" \/><\/a> <a href=\"https:\/\/www.praha7.cz\/wp-content\/uploads\/2024\/11\/Nora-Fridrichova.jpeg\"><img loading=\"lazy\" src=\"https:\/\/www.praha7.cz\/wp-content\/uploads\/2024\/11\/Nora-Fridrichova-200x200.jpeg\" alt=\"\" width=\"200\" height=\"200\" class=\"alignnone size-thumbnail wp-image-80299\" \/><\/a> <a href=\"https:\/\/www.praha7.cz\/wp-content\/uploads\/2024\/11\/Michael-Trestik.jpg\"><img loading=\"lazy\" src=\"https:\/\/www.praha7.cz\/wp-content\/uploads\/2024\/11\/Michael-Trestik-200x200.jpg\" alt=\"\" width=\"200\" height=\"200\" class=\"alignnone size-thumbnail wp-image-80298\" \/><\/a><\/p>\r\n<p><em>Josef Pleskot, Nora Fridrichov\u00e1, Michael T\u0159e\u0161t\u00edk<\/em><\/p>\r\n<p><em><a href=\"https:\/\/www.praha7.cz\/wp-content\/uploads\/2024\/11\/Matej-Kozubek.jpeg\"> <img loading=\"lazy\" src=\"https:\/\/www.praha7.cz\/wp-content\/uploads\/2024\/11\/Matej-Kozubek-200x200.jpeg\" alt=\"\" width=\"200\" height=\"200\" class=\"alignnone size-thumbnail wp-image-80297\" \/><\/a> <a href=\"https:\/\/www.praha7.cz\/wp-content\/uploads\/2024\/11\/Marko-Ivanovic.jpeg\"><img loading=\"lazy\" src=\"https:\/\/www.praha7.cz\/wp-content\/uploads\/2024\/11\/Marko-Ivanovic-200x200.jpeg\" alt=\"\" width=\"200\" height=\"200\" class=\"alignnone size-thumbnail wp-image-80296\" \/><\/a> <a href=\"https:\/\/www.praha7.cz\/wp-content\/uploads\/2024\/11\/Jitka-Krejcarkova.jpeg\"><img loading=\"lazy\" src=\"https:\/\/www.praha7.cz\/wp-content\/uploads\/2024\/11\/Jitka-Krejcarkova-200x200.jpeg\" alt=\"\" width=\"200\" height=\"200\" class=\"alignnone size-thumbnail wp-image-80293\" \/><\/a><\/em><\/p>\r\n<p><em>Mat\u011bj Kozubek, Marko Ivanovi\u0107, Jitka Krejc\u00e1rkov\u00e1<\/em><\/p>\r\n<p><a href=\"https:\/\/www.praha7.cz\/wp-content\/uploads\/2024\/11\/Jana-Lesickova.jpeg\"><img loading=\"lazy\" src=\"https:\/\/www.praha7.cz\/wp-content\/uploads\/2024\/11\/Jana-Lesickova-200x200.jpeg\" alt=\"\" width=\"200\" height=\"200\" class=\"alignnone size-thumbnail wp-image-80292\" \/><\/a> <a href=\"https:\/\/www.praha7.cz\/wp-content\/uploads\/2024\/11\/Eliska-Hruba-Toperczerova.jpg\"><img loading=\"lazy\" src=\"https:\/\/www.praha7.cz\/wp-content\/uploads\/2024\/11\/Eliska-Hruba-Toperczerova-200x200.jpg\" alt=\"\" width=\"200\" height=\"200\" class=\"alignnone size-thumbnail wp-image-80291\" \/><\/a> <a href=\"https:\/\/www.praha7.cz\/wp-content\/uploads\/2024\/11\/Blanka-a-Michal-Bartakovi.jpeg\"><img loading=\"lazy\" src=\"https:\/\/www.praha7.cz\/wp-content\/uploads\/2024\/11\/Blanka-a-Michal-Bartakovi-200x200.jpeg\" alt=\"\" width=\"200\" height=\"200\" class=\"alignnone size-thumbnail wp-image-80289\" \/><\/a><\/p>\r\n<p><em>Jana Lesi\u010dkov\u00e1, Eli\u0161ka Hrub\u00e1 Toperczerov\u00e1, Blanka a&nbsp;Michal Bart\u00e1kovi\u00a0<\/em><\/p>\r\n<p><a href=\"https:\/\/www.praha7.cz\/wp-content\/uploads\/2024\/11\/Zuzana-Zadrobilkova.jpeg\"> <img loading=\"lazy\" src=\"https:\/\/www.praha7.cz\/wp-content\/uploads\/2024\/11\/Zuzana-Zadrobilkova-200x200.jpeg\" alt=\"\" width=\"200\" height=\"200\" class=\"alignnone size-thumbnail wp-image-80287\" \/><\/a> <a href=\"https:\/\/www.praha7.cz\/wp-content\/uploads\/2024\/11\/Vladimir-Drabek.jpeg\"><img loading=\"lazy\" src=\"https:\/\/www.praha7.cz\/wp-content\/uploads\/2024\/11\/Vladimir-Drabek-200x200.jpeg\" alt=\"\" width=\"200\" height=\"200\" class=\"alignnone size-thumbnail wp-image-80286\" \/><\/a>\u00a0<a href=\"https:\/\/www.praha7.cz\/wp-content\/uploads\/2024\/11\/Silvie-Jezkova.jpg\"><img loading=\"lazy\" src=\"https:\/\/www.praha7.cz\/wp-content\/uploads\/2024\/11\/Silvie-Jezkova-200x200.jpg\" alt=\"\" width=\"200\" height=\"200\" class=\"alignnone size-thumbnail wp-image-80285\" \/><\/a><\/p>\r\n<p><em>Zuzana Zadrob\u00edlkov\u00e1, Vladim\u00edr Dr\u00e1bek, Silvie Je\u017ekov\u00e1<\/em><\/p>\r\n<p><a href=\"https:\/\/www.praha7.cz\/wp-content\/uploads\/2024\/11\/Barbora-de-Nunes-Cambraia-Jan-Kalfus.jpeg\"><img loading=\"lazy\" src=\"https:\/\/www.praha7.cz\/wp-content\/uploads\/2024\/11\/Barbora-de-Nunes-Cambraia-Jan-Kalfus-200x200.jpeg\" alt=\"\" width=\"200\" height=\"200\" class=\"alignnone size-thumbnail wp-image-80288\" \/><\/a>\u00a0<a href=\"https:\/\/www.praha7.cz\/wp-content\/uploads\/2024\/11\/oceneni-2024.jpeg\"><img loading=\"lazy\" src=\"https:\/\/www.praha7.cz\/wp-content\/uploads\/2024\/11\/oceneni-2024-200x200.jpeg\" alt=\"\" width=\"200\" height=\"200\" class=\"alignnone size-thumbnail wp-image-80282\" \/><\/a><\/p>\r\n<p><em>Barbora de Nunes-Cambraia, Jan Kalfus (zp\u011bv a&nbsp;hra na klav\u00edr)<\/em><\/p>\r\n<p>&nbsp;<\/p>\r\n<p>&nbsp;<\/p>","protected":false},"excerpt":{"rendered":"[perex] Architekt Josef Pleskot se ve st\u0159edu 6.&nbsp;listopadu 2024 stal \u010destn\u00fdm ob\u010danem Prahy&nbsp;7. Sedm\u00e1 m\u011bstsk\u00e1 \u010d\u00e1st ud\u011blila tak\u00e9 ceny za p\u0159\u00ednos v&nbsp;oblasti kultury, sportu, soci\u00e1ln\u00edch a&nbsp;komunitn\u00edch aktivit. P\u0159ed\u00e1n\u00ed ocen\u011bn\u00ed se uskute\u010dnilo v\u00a0r\u00e1mci oslav 140 let Prahy&nbsp;7. [\/perex] \u201eV leto\u0161n\u00edm roce si p\u0159ipom\u00edn\u00e1me 140 let od p\u0159ipojen\u00ed spojen\u00fdch obc\u00ed Hole\u0161ovice-Bubny k\u00a0hlavn\u00edmu m\u011bstu Praze. V\u00fdznamn\u00e9 v\u00fdro\u010d\u00ed na\u0161\u00ed [&hellip;]","protected":false},"author":5,"featured_media":80283,"comment_status":"closed","ping_status":"open","sticky":false,"template":"","format":"standard","meta":[],"categories":[34,74],"tags":[84,110],"_links":{"self":[{"href":"https:\/\/www.praha7.cz\/api\/wp\/v2\/posts\/80281"}],"collection":[{"href":"https:\/\/www.praha7.cz\/api\/wp\/v2\/posts"}],"about":[{"href":"https:\/\/www.praha7.cz\/api\/wp\/v2\/types\/post"}],"author":[{"embeddable":true,"href":"https:\/\/www.praha7.cz\/api\/wp\/v2\/users\/5"}],"replies":[{"embeddable":true,"href":"https:\/\/www.praha7.cz\/api\/wp\/v2\/comments?post=80281"}],"version-history":[{"count":17,"href":"https:\/\/www.praha7.cz\/api\/wp\/v2\/posts\/80281\/revisions"}],"predecessor-version":[{"id":80424,"href":"https:\/\/www.praha7.cz\/api\/wp\/v2\/posts\/80281\/revisions\/80424"}],"wp:featuredmedia":[{"embeddable":true,"href":"https:\/\/www.praha7.cz\/api\/wp\/v2\/media\/80283"}],"wp:attachment":[{"href":"https:\/\/www.praha7.cz\/api\/wp\/v2\/media?parent=80281"}],"wp:term":[{"taxonomy":"category","embeddable":true,"href":"https:\/\/www.praha7.cz\/api\/wp\/v2\/categories?post=80281"},{"taxonomy":"post_tag","embeddable":true,"href":"https:\/\/www.praha7.cz\/api\/wp\/v2\/tags?post=80281"}],"curies":[{"name":"wp","href":"https:\/\/api.w.org\/{rel}","templated":true}]}}