    
{"id":80275,"date":"2024-11-07T12:31:57","date_gmt":"2024-11-07T11:31:57","guid":{"rendered":"https:\/\/www.praha7.cz\/?p=80275"},"modified":"2024-11-11T11:27:25","modified_gmt":"2024-11-11T10:27:25","slug":"vikendove-preruseni-provozu-metra-linky-c-2","status":"publish","type":"post","link":"https:\/\/www.praha7.cz\/vikendove-preruseni-provozu-metra-linky-c-2\/","title":{"rendered":"V\u00edkendov\u00e9 p\u0159eru\u0161en\u00ed provozu metra linky C"},"content":{"rendered":"<p>[perex]<\/p>\r\n<p>Z d\u016fvodu rekonstrukce stropn\u00ed desky ve stanici Florenc doch\u00e1z\u00ed od soboty 9.&nbsp;listopadu 2024 (od zah\u00e1jen\u00ed provozu) do ned\u011ble 10.&nbsp;listopadu 2024 (do ukon\u010den\u00ed provozu) k&nbsp;do\u010dasn\u00e9mu p\u0159eru\u0161en\u00ed provozu metra v&nbsp;\u00faseku Hlavn\u00ed n\u00e1dra\u017e\u00ed \u2013 Vltavsk\u00e1.<\/p>\r\n<p>[\/perex]<\/p>\r\n<h3>N\u00e1hradn\u00ed tramvajov\u00e1 doprava (v&nbsp;denn\u00edm provozu)<\/h3>\r\n<p><strong>Zavedeny jsou linky:<\/strong><\/p>\r\n<p><strong>XC<\/strong> v&nbsp;trase Hlavn\u00ed n\u00e1dra\u017e\u00ed (v&nbsp;Opletalov\u011b ulici) \u2013 Masarykovo n\u00e1dra\u017e\u00ed \u2013 B\u00edl\u00e1 labu\u0165 \u2013 T\u011b\u0161nov \u2013 \u0160tvanice \u2013 Vltavsk\u00e1 (na p\u0159edmost\u00ed Hl\u00e1vkova mostu) \u2013 Strossmayerovo n\u00e1m\u011bst\u00ed \u2013 Letensk\u00e9 n\u00e1m\u011bst\u00ed \u2013 \u0160pejchar.<\/p>\r\n<p>Linka \u010d\u00edslo 36 v&nbsp;trase Zvona\u0159ka \u2013 I. P. Pavlova \u2013 Karlovo n\u00e1m\u011bst\u00ed \u2013 V\u00e1clavsk\u00e9 n\u00e1m\u011bst\u00ed \u2013 Masarykovo n\u00e1dra\u017e\u00ed \u2013 Florenc \u2013 K\u0159i\u017e\u00edkova \u2013 Invalidovna \u2013 Palmovka \u2013 Bulovka \u2013 Kobylisy \u2013 Vozovna Kobylisy.<\/p>\r\n<p>&nbsp;<\/p>\r\n<h3>Zm\u011bny tras tramvajov\u00fdch linek<\/h3>\r\n<p><strong>Linka \u010d\u00edslo 23<\/strong> je ve sm\u011bru od Kr\u00e1lovky ze zast\u00e1vky Bruselsk\u00e1 odklon\u011bna p\u0159es zast\u00e1vku Nuselsk\u00e9 schody do obrati\u0161t\u011b N\u00e1m\u011bst\u00ed Brat\u0159\u00ed Synk\u016f (v\u00fdstupn\u00ed zast\u00e1vka v&nbsp;ulici Na Z\u00e1meck\u00e9, n\u00e1stupn\u00ed zast\u00e1vka v&nbsp;obrati\u0161ti).<\/p>\r\n<p><a href=\"https:\/\/www.praha7.cz\/wp-content\/uploads\/2024\/11\/schema-provozu-mhd-090111.jpg\"><img src=\"https:\/\/www.praha7.cz\/wp-content\/uploads\/2024\/11\/schema-provozu-mhd-090111.jpg\" \/><\/a><\/p>\r\n<p>&nbsp;<\/p>","protected":false},"excerpt":{"rendered":"[perex] Z&nbsp;d\u016fvodu rekonstrukce stropn\u00ed desky ve stanici Florenc doch\u00e1z\u00ed od soboty 9.&nbsp;listopadu 2024 (od zah\u00e1jen\u00ed provozu) do ned\u011ble 10.&nbsp;listopadu 2024 (do ukon\u010den\u00ed provozu) k&nbsp;do\u010dasn\u00e9mu p\u0159eru\u0161en\u00ed provozu metra v&nbsp;\u00faseku Hlavn\u00ed n\u00e1dra\u017e\u00ed \u2013 Vltavsk\u00e1. [\/perex] N\u00e1hradn\u00ed tramvajov\u00e1 doprava (v&nbsp;denn\u00edm provozu) Zavedeny jsou linky: XC v&nbsp;trase Hlavn\u00ed n\u00e1dra\u017e\u00ed (v&nbsp;Opletalov\u011b ulici) \u2013 Masarykovo n\u00e1dra\u017e\u00ed \u2013 B\u00edl\u00e1 labu\u0165 \u2013 [&hellip;]","protected":false},"author":5,"featured_media":63301,"comment_status":"closed","ping_status":"open","sticky":false,"template":"","format":"standard","meta":[],"categories":[34],"tags":[57],"_links":{"self":[{"href":"https:\/\/www.praha7.cz\/api\/wp\/v2\/posts\/80275"}],"collection":[{"href":"https:\/\/www.praha7.cz\/api\/wp\/v2\/posts"}],"about":[{"href":"https:\/\/www.praha7.cz\/api\/wp\/v2\/types\/post"}],"author":[{"embeddable":true,"href":"https:\/\/www.praha7.cz\/api\/wp\/v2\/users\/5"}],"replies":[{"embeddable":true,"href":"https:\/\/www.praha7.cz\/api\/wp\/v2\/comments?post=80275"}],"version-history":[{"count":1,"href":"https:\/\/www.praha7.cz\/api\/wp\/v2\/posts\/80275\/revisions"}],"predecessor-version":[{"id":80277,"href":"https:\/\/www.praha7.cz\/api\/wp\/v2\/posts\/80275\/revisions\/80277"}],"wp:featuredmedia":[{"embeddable":true,"href":"https:\/\/www.praha7.cz\/api\/wp\/v2\/media\/63301"}],"wp:attachment":[{"href":"https:\/\/www.praha7.cz\/api\/wp\/v2\/media?parent=80275"}],"wp:term":[{"taxonomy":"category","embeddable":true,"href":"https:\/\/www.praha7.cz\/api\/wp\/v2\/categories?post=80275"},{"taxonomy":"post_tag","embeddable":true,"href":"https:\/\/www.praha7.cz\/api\/wp\/v2\/tags?post=80275"}],"curies":[{"name":"wp","href":"https:\/\/api.w.org\/{rel}","templated":true}]}}