    
{"id":80154,"date":"2024-11-01T14:11:24","date_gmt":"2024-11-01T13:11:24","guid":{"rendered":"https:\/\/www.praha7.cz\/?p=80154"},"modified":"2024-11-12T05:10:26","modified_gmt":"2024-11-12T04:10:26","slug":"pozvanka-na-9-radne-jednani-zastupitelstva-mc-praha-7-3","status":"publish","type":"post","link":"https:\/\/www.praha7.cz\/pozvanka-na-9-radne-jednani-zastupitelstva-mc-praha-7-3\/","title":{"rendered":"Pozv\u00e1nka na 9.&nbsp;\u0159\u00e1dn\u00e9 jedn\u00e1n\u00ed Zastupitelstva M\u010c Praha&nbsp;7"},"content":{"rendered":"<p style=\"text-align: justify;\">[perex]<\/p>\r\n<p style=\"text-align: justify;\">Dev\u00e1t\u00e9 \u0159\u00e1dn\u00e9 jedn\u00e1n\u00ed Zastupitelstva M\u010c Praha&nbsp;7 se kon\u00e1 v&nbsp;pond\u011bl\u00ed 11.&nbsp;listopadu 2024 od 17.00 hodin.<\/p>\r\n<p style=\"text-align: justify;\">P\u0159enos jedn\u00e1n\u00ed m\u016f\u017eete sledovat\u00a0<a href=\"https:\/\/youtube.com\/live\/mjlbtNCKxH4?feature=share\" target=\"_blank\" rel=\"noopener\">ZDE<\/a>.\u00a0<\/p>\r\n<p style=\"text-align: justify;\">Materi\u00e1ly k&nbsp;9.&nbsp;\u0159\u00e1dn\u00e9mu jedn\u00e1n\u00ed Zastupitelstva M\u010c Praha&nbsp;7 najdete <a href=\"https:\/\/usneseni.praha7.cz\/usneseni\/jednani\/664\">ZDE<\/a>.<\/p>\r\n<p style=\"text-align: justify;\">[\/perex]<\/p>\r\n<p style=\"text-align: justify;\"><strong>Program 9.&nbsp;\u0159\u00e1dn\u00e9ho jedn\u00e1n\u00ed Zastupitelstva M\u010c Praha&nbsp;7\u00a0<\/strong><\/p>\r\n<ul style=\"text-align: justify;\">\r\n\t<li>Pravideln\u00fd bod programu za\u0159azen\u00fd za bod \u010d. 2 \u2013 Dotazy a&nbsp;p\u0159ipom\u00ednky ob\u010dan\u016f 1<\/li>\r\n\t<li>Pravideln\u00fd bod programu za\u0159azen\u00fd pevn\u011b na 18.&nbsp;hodinu \u2013 Dotazy a&nbsp;p\u0159ipom\u00ednky ob\u010dan\u016f 2<\/li>\r\n<\/ul>\r\n<p style=\"text-align: justify;\"><strong>1.\u00a0<\/strong> Zah\u00e1jen\u00ed, volba n\u00e1vrhov\u00e9ho a&nbsp;volebn\u00edho v\u00fdboru<\/p>\r\n<p style=\"text-align: justify;\"><strong>2.\u00a0<\/strong> Schv\u00e1len\u00ed programu jedn\u00e1n\u00ed Zastupitelstva M\u010c Praha&nbsp;7<\/p>\r\n<p style=\"text-align: justify;\"><strong>3.\u00a0<\/strong> INFORMACE o&nbsp;prohl\u00e1\u0161en\u00ed n\u00e1hradnice z&nbsp;kandid\u00e1tn\u00ed listiny PRAHA&nbsp;7 SOB\u011a pan\u00ed Alice Velkov\u00e9 za \u010dlenku Zastupitelstva M\u010c Praha&nbsp;7 na upr\u00e1zdn\u011bn\u00fd mand\u00e1t z&nbsp;d\u016fvodu rezignace pana Pavla \u0160kareck\u00e9ho ve volebn\u00edm obdob\u00ed 2022 \u2013 2026<\/p>\r\n<p style=\"text-align: justify;\"><strong>4.\u00a0<\/strong> Slo\u017een\u00ed slibu \u010dlena Zastupitelstva M\u010c Praha&nbsp;7<\/p>\r\n<p style=\"text-align: justify;\"><strong>5.<\/strong>\u00a0 N\u00c1VRH k&nbsp;pov\u011b\u0159en\u00ed \u010dlenky Zastupitelstva M\u010c Praha&nbsp;7 pan\u00ed Alice Velkov\u00e9 k&nbsp;podpisu listin a&nbsp;odd\u00e1v\u00e1n\u00ed s&nbsp;\u00fa\u010dinnost\u00ed od 11.11.2024 do z\u00e1niku mand\u00e1tu ve volebn\u00ed obdob\u00ed 2022 &#8211; 2026<\/p>\r\n<p style=\"text-align: justify;\"><strong>6.\u00a0<\/strong> N\u00c1VRH ke zm\u011bn\u011b \u010dlenstv\u00ed Finan\u010dn\u00edho v\u00fdboru Zastupitelstva M\u010c Praha&nbsp;7 ve volebn\u00edm obdob\u00ed 2022 \u2013 2026<\/p>\r\n<p style=\"text-align: justify;\"><strong>7.\u00a0<\/strong> N\u00c1VRH k&nbsp;volb\u011b p\u0159\u00edsed\u00edc\u00edch Obvodn\u00edho soudu pro Prahu 7<\/p>\r\n<p style=\"text-align: justify;\"><strong>8.\u00a0<\/strong> N\u00c1VRH k&nbsp;\u017e\u00e1dostem o&nbsp;poskytnut\u00ed finan\u010dn\u00ed podpory z&nbsp;programu Dostupn\u00e9 n\u00e1jemn\u00ed bydlen\u00ed v&nbsp;roce 2024 (v\u00fdzva \u010d. 1\/DB\/2024) na v\u00fdstavbu bytov\u00e9ho domu Za Pap\u00edrnou a&nbsp;rekonstrukci bytov\u00e9ho domu Tusarova 54<\/p>\r\n<p style=\"text-align: justify;\"><strong>9.\u00a0<\/strong> N\u00c1VRH k&nbsp;pod\u00e1n\u00ed \u017e\u00e1dosti o&nbsp;sv\u011b\u0159en\u00ed nov\u00e9 p\u011b\u0161\u00ed komunikace um\u00edst\u011bn\u00e9 na pozemc\u00edch ve sv\u011b\u0159en\u00e9 spr\u00e1v\u011b nemovitost\u00ed M\u010c Praha&nbsp;7 parceln\u00ed \u010d\u00edsla 2281\/102, 2410\/12, 2410\/2, 2410\/16 a&nbsp;2410\/54 a&nbsp;d\u00e1le na pozemc\u00edch st\u00e1tn\u00edho podniku Povod\u00ed Vltavy, I\u010cO 70889953 parceln\u00ed \u010d\u00edsla 2408\/2 a&nbsp;2410\/15 a&nbsp;na pozemku hl. m. Prahy parceln\u00ed \u010d\u00edslo 2281\/2, v\u0161e v&nbsp;k.\u00fa. Hole\u0161ovice do spr\u00e1vy nemovitost\u00ed M\u010c Praha&nbsp;7<\/p>\r\n<p style=\"text-align: justify;\"><strong>10.<\/strong> N\u00c1VRH k&nbsp;dodatku \u010d. 1 ke smlouv\u011b o&nbsp;spolupr\u00e1ci mezi M\u010c Praha&nbsp;7 a&nbsp;spole\u010dnost\u00ed Office Center Vltava a.s., I\u010cO: 27911594 se z\u00e1vazkem budouc\u00edho nabyt\u00ed ve\u0159ejn\u00e9ho schodi\u0161t\u011b pl\u00e1novan\u00e9ho s&nbsp;v\u00fdstavbou administrativn\u00ed budovy \u201eOffice Center Vltava\u201c a&nbsp;p\u0159\u00edslu\u0161n\u00e9 \u010d\u00e1sti pozemku do majetku hl. m. Prahy, do sv\u011b\u0159en\u00e9 spr\u00e1vy nemovitost\u00ed M\u010c Praha<\/p>\r\n<p style=\"text-align: justify;\"><strong>11.<\/strong> INFORMACE o&nbsp;projedn\u00e1n\u00ed rozboru hospoda\u0159en\u00ed spole\u010dnosti 7U s.r.o. za 1.&nbsp;pololet\u00ed 2024 v&nbsp;p\u016fsobnosti valn\u00e9 hromady spole\u010dnosti<\/p>\r\n<p style=\"text-align: justify;\"><strong>12.<\/strong> INFORMACE o&nbsp;\u010derp\u00e1n\u00ed finan\u010dn\u00edch prost\u0159edk\u016f z&nbsp;Humanitn\u00edho fondu v&nbsp;1.&nbsp;pololet\u00ed 2024\u00a0 \u00a0<\/p>\r\n<p style=\"text-align: justify;\"><strong>13.<\/strong> INFORMACE o&nbsp;\u010dinnosti Rady M\u010c Praha&nbsp;7 a&nbsp;pln\u011bn\u00ed \u00fakol\u016f ulo\u017een\u00fdch Rad\u011b M\u010c Praha&nbsp;7 Zastupitelstvem\u00a0 M\u010c Praha&nbsp;7 v\u00a0obdob\u00ed mezi 8.&nbsp;a&nbsp;9.&nbsp;jedn\u00e1n\u00edm Zastupitelstva v\u00a0roce 2024<\/p>\r\n<p style=\"text-align: justify;\"><strong>14.<\/strong> N\u00c1VRH k\u00a0n\u00e1lezu Kontroln\u00edho v\u00fdboru \u2013 poru\u0161en\u00ed pravidel \u010d. 1 ze dne 27.&nbsp;02.&nbsp;2024 s\u00a0\u00fa\u010dinnost\u00ed od 01.&nbsp;03.&nbsp;2024 pro zad\u00e1v\u00e1n\u00ed ve\u0159ejn\u00fdch zak\u00e1zek M\u010c Praha&nbsp;7, str. 22, bod \u010d. 9<\/p>\r\n<p style=\"text-align: justify;\"><strong>15.<\/strong> INFORMACE o&nbsp;\u010dinnosti Kontroln\u00edho v\u00fdboru Zastupitelstva M\u010c Praha&nbsp;7 v\u00a0obdob\u00ed mezi 8.&nbsp;a&nbsp;9.&nbsp;jedn\u00e1n\u00edm Zastupitelstva v\u00a0roce 2024<\/p>\r\n<p style=\"text-align: justify;\"><strong>16.<\/strong> INFORMACE o&nbsp;\u010dinnosti Finan\u010dn\u00edho v\u00fdboru Zastupitelstva M\u010c Praha&nbsp;7 v\u00a0obdob\u00ed mezi 8.&nbsp;a&nbsp;9.&nbsp;jedn\u00e1n\u00edm Zastupitelstva v\u00a0roce 2024<\/p>\r\n<p style=\"text-align: justify;\"><strong>17.<\/strong> INFORMACE o&nbsp;\u010dinnosti V\u00fdboru pro vzd\u011bl\u00e1v\u00e1n\u00ed, soci\u00e1ln\u00ed politiku a&nbsp;zdravotnictv\u00ed Zastupitelstva M\u010c Praha&nbsp;7 v\u00a0obdob\u00ed mezi 8.&nbsp;a&nbsp;9.&nbsp;jedn\u00e1n\u00edm Zastupitelstva v\u00a0roce 2024<\/p>\r\n<p style=\"text-align: justify;\"><strong>18.<\/strong> Dopisy, adresovan\u00e9 Z\u00a0M\u010c P7<\/p>\r\n<p style=\"text-align: justify;\"><strong>19.<\/strong> R\u016fzn\u00e9 \u2013 dotazy \u010dlen\u016f Zastupitelstva M\u010c P7<\/p>\r\n<p style=\"text-align: justify;\"><strong>20.<\/strong> Z\u00e1v\u011br<\/p>\r\n<p style=\"text-align: justify;\">Mgr. Jan \u010ci\u017einsk\u00fd<br \/>\r\nStarosta m\u011bstsk\u00e9 \u010d\u00e1sti Praha&nbsp;7<\/p>\r\n<p style=\"text-align: justify;\"><em>Ve v\u00fdjime\u010dn\u00fdch p\u0159\u00edpadech, kdy mimo\u0159\u00e1dn\u00e9 okolnosti br\u00e1n\u00ed \u010dlenu Zastupitelstva fyzick\u00e9 \u00fa\u010dasti na jedn\u00e1n\u00ed Zastupitelstva, bude \u00fa\u010dast umo\u017en\u011bna prost\u0159ednictv\u00edm prost\u0159edku d\u00e1lkov\u00e9 komunikace. Tuto skute\u010dnost je nutn\u00e9 sd\u011blit s&nbsp;od\u016fvodn\u011bn\u00edm p\u00edsemn\u011b na e-mail <a href=\"mailto:FreundV@Praha7.cz\">FreundV@Praha7.cz<\/a>, a&nbsp;to minim\u00e1ln\u011b 3 dny p\u0159ed jedn\u00e1n\u00edm Zastupitelstva.<\/em><\/p>","protected":false},"excerpt":{"rendered":"[perex] Dev\u00e1t\u00e9 \u0159\u00e1dn\u00e9 jedn\u00e1n\u00ed Zastupitelstva M\u010c Praha&nbsp;7 se kon\u00e1 v&nbsp;pond\u011bl\u00ed 11.&nbsp;listopadu 2024 od 17.00 hodin. P\u0159enos jedn\u00e1n\u00ed m\u016f\u017eete sledovat\u00a0ZDE.\u00a0 Materi\u00e1ly k&nbsp;9.&nbsp;\u0159\u00e1dn\u00e9mu jedn\u00e1n\u00ed Zastupitelstva M\u010c Praha&nbsp;7 najdete ZDE. [\/perex] Program 9.&nbsp;\u0159\u00e1dn\u00e9ho jedn\u00e1n\u00ed Zastupitelstva M\u010c Praha&nbsp;7\u00a0 Pravideln\u00fd bod programu za\u0159azen\u00fd za bod \u010d. 2 \u2013 Dotazy a&nbsp;p\u0159ipom\u00ednky ob\u010dan\u016f 1 Pravideln\u00fd bod programu za\u0159azen\u00fd pevn\u011b na 18.&nbsp;hodinu \u2013 [&hellip;]","protected":false},"author":14,"featured_media":52415,"comment_status":"closed","ping_status":"open","sticky":false,"template":"","format":"standard","meta":[],"categories":[34],"tags":[84],"_links":{"self":[{"href":"https:\/\/www.praha7.cz\/api\/wp\/v2\/posts\/80154"}],"collection":[{"href":"https:\/\/www.praha7.cz\/api\/wp\/v2\/posts"}],"about":[{"href":"https:\/\/www.praha7.cz\/api\/wp\/v2\/types\/post"}],"author":[{"embeddable":true,"href":"https:\/\/www.praha7.cz\/api\/wp\/v2\/users\/14"}],"replies":[{"embeddable":true,"href":"https:\/\/www.praha7.cz\/api\/wp\/v2\/comments?post=80154"}],"version-history":[{"count":2,"href":"https:\/\/www.praha7.cz\/api\/wp\/v2\/posts\/80154\/revisions"}],"predecessor-version":[{"id":80368,"href":"https:\/\/www.praha7.cz\/api\/wp\/v2\/posts\/80154\/revisions\/80368"}],"wp:featuredmedia":[{"embeddable":true,"href":"https:\/\/www.praha7.cz\/api\/wp\/v2\/media\/52415"}],"wp:attachment":[{"href":"https:\/\/www.praha7.cz\/api\/wp\/v2\/media?parent=80154"}],"wp:term":[{"taxonomy":"category","embeddable":true,"href":"https:\/\/www.praha7.cz\/api\/wp\/v2\/categories?post=80154"},{"taxonomy":"post_tag","embeddable":true,"href":"https:\/\/www.praha7.cz\/api\/wp\/v2\/tags?post=80154"}],"curies":[{"name":"wp","href":"https:\/\/api.w.org\/{rel}","templated":true}]}}