    
{"id":80127,"date":"2024-11-05T13:58:17","date_gmt":"2024-11-05T12:58:17","guid":{"rendered":"https:\/\/www.praha7.cz\/?p=80127"},"modified":"2024-11-15T12:28:04","modified_gmt":"2024-11-15T11:28:04","slug":"umelci-po-skole-v-korzu-veletrzniho-palace","status":"publish","type":"post","link":"https:\/\/www.praha7.cz\/umelci-po-skole-v-korzu-veletrzniho-palace\/","title":{"rendered":"Um\u011blci po \u0161kole v&nbsp;Korzu Veletr\u017en\u00edho pal\u00e1ce"},"content":{"rendered":"<p>[perex]<\/p>\r\n<p>V\u00fdstava Um\u011blci po \u0161kole, kter\u00e1 prob\u011bhne v&nbsp;Korzu Veletr\u017en\u00edho pal\u00e1ce od 14.&nbsp;od do 23.&nbsp;listopadu 2024, p\u0159edstav\u00ed spole\u010dn\u00e9 pr\u00e1ce d\u011bt\u00ed ze Z\u0160 na Sedmi\u010dce a&nbsp;um\u011blc\u016f a&nbsp;um\u011blky\u0148. Ud\u00e1lost prob\u011bhne v&nbsp;r\u00e1mci oslav 140.&nbsp;v\u00fdro\u010d\u00ed Prahy&nbsp;7.<\/p>\r\n<p>[\/perex]<\/p>\r\n<p>Smyslem UP\u0160 je zapojovat do hodin v\u00fdtvarn\u00e9 v\u00fdchovy (i&nbsp;jin\u00fdch p\u0159edm\u011bt\u016f) um\u011blkyn\u011b a&nbsp;um\u011blce, aby spole\u010dn\u011b s&nbsp;d\u011btmi a&nbsp;jejich vyu\u010duj\u00edc\u00edmi vedli vz\u00e1jemn\u011b inspirativn\u00ed dialog nad \u0161koln\u00edm um\u011bleck\u00fdm projektem. N\u011bkolik m\u011bs\u00edc\u016f trvaj\u00edc\u00ed spolupr\u00e1ce um\u011blc\u016f a&nbsp;um\u011blky\u0148 s&nbsp;vyu\u010duj\u00edc\u00edmi je oboustrann\u011b p\u0159\u00ednosn\u00e1 a&nbsp;profesn\u011b obohacuj\u00edc\u00ed. Platforma M\u00e1\u0161 um\u011bleck\u00e9 st\u0159evo? tento projekt realizuje ji\u017e od roku 2021 v&nbsp;r\u016fzn\u00fdch \u0161kol\u00e1ch Prahy a&nbsp;dal\u0161\u00edch krajsk\u00fdch m\u011bstech jako Plze\u0148 \u010di \u00dast\u00ed nad Labem.<\/p>\r\n<p><strong><em>Vystavuj\u00edc\u00ed:<\/em><\/strong><\/p>\r\n<p>D\u011bti ze z\u00e1kladn\u00edch \u0161kol v&nbsp;Praze 7 a&nbsp;um\u011blci a&nbsp;um\u011blkyn\u011b Timur Aloev, Olivia Fant\u00farov\u00e1 a&nbsp;Jakub R\u016f\u017ei\u010dka, Klaudie Hlavat\u00e1, Matou\u0161 Hrbek, Eva Ji\u0159i\u010dka, Mariia Khositashvili, Olga Krykun, Lucie Michnov\u00e1, Nikola R\u00e1cov\u00e1, Viktorie Sou\u010dkov\u00e1, Lenka \u0160t\u011bp\u00e1nkov\u00e1, Vladim\u00edr Turner a&nbsp;V\u00e1clav Wortner<\/p>\r\n<p><em><strong>Kur\u00e1to\u0159i v\u00fdstavy:<\/strong><\/em><\/p>\r\n<p>Ond\u0159ej Hor\u00e1k, Romana Bart\u016f\u0148kov\u00e1, Tereza Beranov\u00e1<\/p>\r\n<p>&nbsp;<\/p>\r\n<p><img loading=\"lazy\" src=\"https:\/\/www.praha7.cz\/wp-content\/uploads\/2024\/11\/umelci-po-skole_NGP.png\" alt=\"\" width=\"1200\" height=\"630\" class=\"alignnone size-full wp-image-80215\" srcset=\"https:\/\/www.praha7.cz\/wp-content\/uploads\/2024\/11\/umelci-po-skole_NGP.png 1200w, https:\/\/www.praha7.cz\/wp-content\/uploads\/2024\/11\/umelci-po-skole_NGP-600x315.png 600w, https:\/\/www.praha7.cz\/wp-content\/uploads\/2024\/11\/umelci-po-skole_NGP-768x403.png 768w\" sizes=\"(max-width: 1200px) 100vw, 1200px\" \/><\/p>\r\n<p>&nbsp;<\/p>\r\n<p>Vernis\u00e1\u017e v\u00fdstavy se kon\u00e1 13.&nbsp;listopadu od 17 hodin, kapacita je omezena. V\u00fdstavu je mo\u017en\u00e9 nav\u0161t\u00edvit i&nbsp;v&nbsp;r\u00e1mci vernis\u00e1\u017ee <a href=\"https:\/\/www.praha7.cz\/praha-7-ve-sbirkach-ngp\/\">Praha&nbsp;7 ve sb\u00edrk\u00e1ch NGP<\/a> 13.&nbsp;listopadu, 19\u201322 hodin.<\/p>\r\n<p><a href=\"https:\/\/www.facebook.com\/events\/2244427172623195\" target=\"_blank\" rel=\"noopener\">FB ud\u00e1lost<\/a><\/p>\r\n<hr \/>\r\n<p>V\u00fdstava p\u0159edstavuje projekt <a href=\"https:\/\/umeleckestrevo.cz\/platforma-mus\/umelci-po-skole\/\" target=\"_blank\" rel=\"noopener\">Um\u011blci po \u0161kole<\/a> (UP\u0160), kter\u00fd v&nbsp;Praze 7 realizuje ji\u017e od roku 2021 vzd\u011bl\u00e1vac\u00ed platforma M\u00e1\u0161 um\u011bleck\u00e9 st\u0159evo? jako sou\u010d\u00e1st \u0161ir\u0161\u00ed verze, j\u00ed\u017e se ka\u017edoro\u010dn\u011b \u00fa\u010dastn\u00ed kolem 30 \u0161kol z&nbsp;cel\u00e9 \u010cR.<\/p>\r\n<p>Smyslem UP\u0160 je zapojovat do hodin v\u00fdtvarn\u00e9 v\u00fdchovy (i&nbsp;jin\u00fdch p\u0159edm\u011bt\u016f) um\u011blkyn\u011b a&nbsp;um\u011blce, aby spole\u010dn\u011b s&nbsp;d\u011btmi a&nbsp;jejich vyu\u010duj\u00edc\u00edmi vedli vz\u00e1jemn\u011b inspirativn\u00ed dialog nad \u0161koln\u00edm um\u011bleck\u00fdm projektem.<\/p>\r\n<p>N\u011bkolik m\u011bs\u00edc\u016f trvaj\u00edc\u00ed spolupr\u00e1ce um\u011blc\u016f a&nbsp;um\u011blky\u0148 s&nbsp;vyu\u010duj\u00edc\u00edmi je podle v\u011bt\u0161iny z&nbsp;nich oboustrann\u011b p\u0159\u00ednosn\u00e1 a&nbsp;profesn\u011b obohacuj\u00edc\u00ed. Pokud se jim poda\u0159\u00ed vytvo\u0159it funk\u010dn\u00ed tandem, pak je to i&nbsp;pro n\u011b i&nbsp;pro d\u011bti velmi motivuj\u00edc\u00ed a&nbsp;v\u0161ichni si to u\u017eij\u00ed.<\/p>\r\n<p>Projekt UP\u0160 pracuje s&nbsp;aktu\u00e1ln\u00edmi t\u00e9maty, kter\u00e1 u&nbsp;\u017e\u00e1k\u016f rozv\u00edj\u00ed uva\u017eov\u00e1n\u00ed o&nbsp;tom, co je pr\u00e1v\u011b zaj\u00edm\u00e1, o&nbsp;m\u00edst\u011b, kde \u017eij\u00ed nebo s&nbsp;obecn\u011bj\u0161\u00edmi kulturn\u011b-spole\u010densk\u00fdmi t\u00e9maty. T\u00e9ma ro\u010dn\u00edku vyb\u00edraj\u00ed spole\u010dn\u011b vyu\u010duj\u00edc\u00ed a&nbsp;um\u011blci. T\u0159i ro\u010dn\u00edky UP\u0160 tak m\u011bly v&nbsp;hlavi\u010dce zast\u0159e\u0161uj\u00edc\u00ed t\u00e9mata Komunikace (2021\/22), Zm\u011bna (2022\/23) a&nbsp;Hranice (2023\/24).<\/p>\r\n<p>Podpora skupinov\u00e9 pr\u00e1ce a&nbsp;kooperace d\u011bt\u00ed, um\u011blc\u016f a&nbsp;um\u011blky\u0148, z\u00e1jem na cel\u00e9m procesu a&nbsp;spole\u010dn\u00e9m v\u00fdstupu je to, o\u010d v&nbsp;projektu UP\u0160 jde p\u0159edev\u0161\u00edm. Samotn\u00fd v\u00fdsledek, kter\u00fd m\u016f\u017eete vid\u011bt na v\u00fdstav\u011b, nen\u00ed t\u00edm, na co je kladen hlavn\u00ed d\u016fraz. T\u00edm je proces samotn\u00fd.<\/p>\r\n<p>Z\u00e1v\u011bre\u010dn\u00fdm v\u00fdstupem projektu Um\u011blci po \u0161kole je\u00a0v\u017edy spole\u010dn\u00e1 v\u00fdstava\u00a0vznikl\u00fdch realizac\u00ed nebo z\u00e1znam\u016f z&nbsp;procesu spole\u010dn\u00e9 pr\u00e1ce. Prezentace ve Veletr\u017en\u00edm pal\u00e1ci m\u00e1 p\u0159edstavit samotn\u00fd projekt, proces pr\u00e1ce i&nbsp;vybran\u00e1 d\u00edla, kter\u00e1 b\u011bhem projektu vznikla. Na v\u00fdstav\u011b se p\u0159edstav\u00ed tak\u00e9 d\u00edla samotn\u00fdch um\u011blc\u016f a&nbsp;um\u011blky\u0148, kte\u0159\u00ed s\u00a0d\u011btmi pracovali.<\/p>\r\n<p><em>V\u00fdstava vznikla k&nbsp;oslav\u00e1m 140.&nbsp;v\u00fdro\u010d\u00ed M\u010c Praha&nbsp;7 za podpory M\u010c Praha&nbsp;7, N\u00e1rodn\u00ed galerie Praha a&nbsp;M\u00e1\u0161 um\u011bleck\u00e9 st\u0159evo?, z. s.<\/em><\/p>","protected":false},"excerpt":{"rendered":"[perex] V\u00fdstava Um\u011blci po \u0161kole, kter\u00e1 prob\u011bhne v&nbsp;Korzu Veletr\u017en\u00edho pal\u00e1ce od 14.&nbsp;od do 23.&nbsp;listopadu 2024, p\u0159edstav\u00ed spole\u010dn\u00e9 pr\u00e1ce d\u011bt\u00ed ze Z\u0160 na Sedmi\u010dce a&nbsp;um\u011blc\u016f a&nbsp;um\u011blky\u0148. Ud\u00e1lost prob\u011bhne v&nbsp;r\u00e1mci oslav 140.&nbsp;v\u00fdro\u010d\u00ed Prahy&nbsp;7. [\/perex] Smyslem UP\u0160 je zapojovat do hodin v\u00fdtvarn\u00e9 v\u00fdchovy (i&nbsp;jin\u00fdch p\u0159edm\u011bt\u016f) um\u011blkyn\u011b a&nbsp;um\u011blce, aby spole\u010dn\u011b s&nbsp;d\u011btmi a&nbsp;jejich vyu\u010duj\u00edc\u00edmi vedli vz\u00e1jemn\u011b inspirativn\u00ed dialog nad \u0161koln\u00edm [&hellip;]","protected":false},"author":251,"featured_media":80128,"comment_status":"closed","ping_status":"open","sticky":false,"template":"","format":"standard","meta":[],"categories":[34],"tags":[106,83],"_links":{"self":[{"href":"https:\/\/www.praha7.cz\/api\/wp\/v2\/posts\/80127"}],"collection":[{"href":"https:\/\/www.praha7.cz\/api\/wp\/v2\/posts"}],"about":[{"href":"https:\/\/www.praha7.cz\/api\/wp\/v2\/types\/post"}],"author":[{"embeddable":true,"href":"https:\/\/www.praha7.cz\/api\/wp\/v2\/users\/251"}],"replies":[{"embeddable":true,"href":"https:\/\/www.praha7.cz\/api\/wp\/v2\/comments?post=80127"}],"version-history":[{"count":5,"href":"https:\/\/www.praha7.cz\/api\/wp\/v2\/posts\/80127\/revisions"}],"predecessor-version":[{"id":80227,"href":"https:\/\/www.praha7.cz\/api\/wp\/v2\/posts\/80127\/revisions\/80227"}],"wp:featuredmedia":[{"embeddable":true,"href":"https:\/\/www.praha7.cz\/api\/wp\/v2\/media\/80128"}],"wp:attachment":[{"href":"https:\/\/www.praha7.cz\/api\/wp\/v2\/media?parent=80127"}],"wp:term":[{"taxonomy":"category","embeddable":true,"href":"https:\/\/www.praha7.cz\/api\/wp\/v2\/categories?post=80127"},{"taxonomy":"post_tag","embeddable":true,"href":"https:\/\/www.praha7.cz\/api\/wp\/v2\/tags?post=80127"}],"curies":[{"name":"wp","href":"https:\/\/api.w.org\/{rel}","templated":true}]}}