    
{"id":80101,"date":"2024-10-30T13:13:18","date_gmt":"2024-10-30T12:13:18","guid":{"rendered":"https:\/\/www.praha7.cz\/?p=80101"},"modified":"2025-05-21T18:06:29","modified_gmt":"2025-05-21T16:06:29","slug":"praha-7-ve-sbirkach-ngp","status":"publish","type":"post","link":"https:\/\/www.praha7.cz\/praha-7-ve-sbirkach-ngp\/","title":{"rendered":"Zveme do Veletr\u017en\u00edho pal\u00e1ce na v\u00fdstavu Praha&nbsp;7 ve sb\u00edrk\u00e1ch NGP"},"content":{"rendered":"<p>[perex]<\/p>\r\n<p>Dne 18.&nbsp;listopadu 2024 uplyne 140 let od vyd\u00e1n\u00ed z\u00e1kona, kter\u00fdm byly spojen\u00e9 obce Hole\u0161ovice-Bubny p\u0159ipojeny k&nbsp;Praze jako jej\u00ed VII. \u010d\u00e1st. N\u00e1rodn\u00ed galerie v&nbsp;Praze ve spolupr\u00e1ci s&nbsp;na\u0161\u00ed m\u011bstskou \u010d\u00e1st\u00ed k&nbsp;t\u00e9to p\u0159\u00edle\u017eitosti p\u0159ipravila v\u00fdstavu s&nbsp;n\u00e1zvem Praha&nbsp;7 ve sb\u00edrk\u00e1ch NGP. M\u016f\u017eete se t\u011b\u0161it na v\u00edce ne\u017e sto obraz\u016f, grafik, kreseb, plastik a&nbsp;architektonick\u00fdch pl\u00e1n\u016f, kter\u00e9 p\u0159edstav\u00ed podoby Prahy&nbsp;7 v&nbsp;pr\u016fb\u011bhu 19.&nbsp;a&nbsp;20.&nbsp;stolet\u00ed. Kur\u00e1torkou v\u00fdstavy je Veronika Hul\u00edkov\u00e1. Vernis\u00e1\u017e prob\u011bhla ve st\u0159edu 13.&nbsp;listopadu od 19 hodin ve Veletr\u017en\u00edm pal\u00e1ci a&nbsp;doprovodil ji k\u0159est knihy <a href=\"https:\/\/www.praha7.cz\/volny-cas-prehled\/kultura\/140let\/kniha\/\">140 let Prahy&nbsp;7.<\/a> V\u00fdstavu je mo\u017en\u00e9 nav\u0161t\u00edvit do 3.&nbsp;srpna 2025.<\/p>\r\n<p>[\/perex]<\/p>\r\n<p>Srdcem v\u00fdstavy je soubor d\u011bl Anton\u00edna Slav\u00ed\u010dka (1870\u20131910), kter\u00fd bydlel v&nbsp;Dobrovsk\u00e9ho ulici a&nbsp;podobu Letn\u00e9 a&nbsp;Hole\u0161ovic na po\u010d\u00e1tku 20.&nbsp;stolet\u00ed zachytil na \u0159ad\u011b studi\u00ed, obraz\u016f i&nbsp;na monument\u00e1ln\u00edm pohledu na Prahu z&nbsp;Letn\u00e9 (185,5 x 390 cm), kter\u00e9 pat\u0159\u00ed ke kl\u00ed\u010dov\u00fdm d\u00edl\u016fm \u010desk\u00e9ho modern\u00edho um\u011bn\u00ed. Vystavena budou i&nbsp;ikonick\u00e1 d\u00edla um\u011bn\u00ed 19.&nbsp;stolet\u00ed jako je nap\u0159\u00edklad \u010ctvrtek ve Stromovce od Viktora Barvitia, ale tak\u00e9 m\u00e9n\u011b zn\u00e1m\u00e1 d\u00edla Anton\u00edna Karla Balzera, Jana Mina\u0159\u00edka, Milo\u0161e Jir\u00e1nka, Karla Boh\u00e1\u010dka, Miloslava Hol\u00e9ho, Arno Naumanna, Karla M\u00fcllera, Herm\u00edny Melicharov\u00e9, Linky Proch\u00e1zkov\u00e9-Scheithauerov\u00e9 a&nbsp;dal\u0161\u00edch autor\u016f, kter\u00e1 zachycuj\u00ed zmizelou tv\u00e1\u0159 Hole\u0161ovic-Buben.<\/p>\r\n<hr \/>\r\n<p><a href=\"https:\/\/www.ngprague.cz\/udalost\/4148\/140-vyroci-prahy-7\" target=\"_blank\" rel=\"noopener\"><strong><span style=\"font-size: 24px;\">Praha&nbsp;7 ve sb\u00edrk\u00e1ch NGP<\/span><\/strong><\/a><br \/>\r\n<br \/>\r\n<strong>14.&nbsp;11.&nbsp;2024 \u2013 3.&nbsp;8.&nbsp;2025<\/strong><br \/>\r\nV\u00fdstava je sou\u010d\u00e1st\u00ed st\u00e1l\u00e9 expozice 1796\u20131918: Um\u011bn\u00ed dlouh\u00e9ho stolet\u00ed ve 4.&nbsp;pat\u0159e Veletr\u017en\u00edho pal\u00e1ce<br \/>\r\n<em><\/em><\/p>\r\n<p><em>dny voln\u00e9ho vstupu:\u00a0<\/em><br \/>\r\n13.&nbsp;11.&nbsp;24, v&nbsp;r\u00e1mci vernis\u00e1\u017ee v&nbsp;\u010dase 19\u201322 hodin, sou\u010d\u00e1st\u00ed vernis\u00e1\u017ee bude tak\u00e9 k\u0159est knihy <a href=\"https:\/\/www.praha7.cz\/volny-cas-prehled\/kultura\/140let\/kniha\/\">140 let Prahy&nbsp;7<\/a>; tent\u00fd\u017e ve\u010der m\u016f\u017eete zhl\u00e9dnout i&nbsp;v\u00fdstavu <a href=\"https:\/\/www.praha7.cz\/umelci-po-skole-v-korzu-veletrzniho-palace\/\">Um\u011blci po \u0161kole<\/a> v&nbsp;Korzu<br \/>\r\n17.&nbsp;11.&nbsp;24<br \/>\r\n1.&nbsp;a&nbsp;2.&nbsp;2.&nbsp;25<br \/>\r\n27.&nbsp;3.&nbsp;25<br \/>\r\n18.&nbsp;5.&nbsp;25\u00a0<\/p>\r\n<hr \/>\r\n<p>Praha&nbsp;7 se tak\u00e9 stala domovem dvou unik\u00e1t\u016f v&nbsp;oblasti socha\u0159stv\u00ed a&nbsp;mal\u00ed\u0159stv\u00ed, jejich\u017e p\u0159\u00edpravn\u00e9 studie jsou rovn\u011b\u017e dochov\u00e1ny ve sb\u00edrk\u00e1ch NGP:\u00a0pomn\u00edku Josifa Vissarionovi\u010de Stalina\u00a0od Otakara \u0160vece, kter\u00fd st\u00e1l na Letn\u00e9 v&nbsp;letech 1955\u20131962, a&nbsp;st\u00e1le existuj\u00edc\u00edho ale zapomenut\u00e9ho\u00a0panor\u00e1matu bitvy u&nbsp;Lipan\u00a0vytvo\u0159en\u00e9ho Lu\u010fkem Maroldem pro V\u00fdstavu architektury a&nbsp;in\u017een\u00fdrstv\u00ed v&nbsp;roce 1898. Propojen\u00ed Prahy&nbsp;7 se sb\u00edrkami NGP je tedy v&nbsp;porovn\u00e1n\u00ed s&nbsp;ostatn\u00edmi pra\u017esk\u00fdmi \u010d\u00e1stmi zcela v\u00fdjime\u010dn\u00e9 a&nbsp;\u017e\u00e1dn\u00e9 jin\u00e9 pra\u017esk\u00e9 \u010dtvrti by nebylo mo\u017en\u00e9 takovou v\u00fdstavu p\u0159ipravit.<\/p>","protected":false},"excerpt":{"rendered":"[perex] Dne 18.&nbsp;listopadu 2024 uplyne 140 let od vyd\u00e1n\u00ed z\u00e1kona, kter\u00fdm byly spojen\u00e9 obce Hole\u0161ovice-Bubny p\u0159ipojeny k&nbsp;Praze jako jej\u00ed VII. \u010d\u00e1st. N\u00e1rodn\u00ed galerie v&nbsp;Praze ve spolupr\u00e1ci s&nbsp;na\u0161\u00ed m\u011bstskou \u010d\u00e1st\u00ed k&nbsp;t\u00e9to p\u0159\u00edle\u017eitosti p\u0159ipravila v\u00fdstavu s&nbsp;n\u00e1zvem Praha&nbsp;7 ve sb\u00edrk\u00e1ch NGP. M\u016f\u017eete se t\u011b\u0161it na v\u00edce ne\u017e sto obraz\u016f, grafik, kreseb, plastik a&nbsp;architektonick\u00fdch pl\u00e1n\u016f, kter\u00e9 p\u0159edstav\u00ed podoby Prahy&nbsp;7 [&hellip;]","protected":false},"author":251,"featured_media":80102,"comment_status":"closed","ping_status":"open","sticky":false,"template":"","format":"standard","meta":[],"categories":[36],"tags":[106],"_links":{"self":[{"href":"https:\/\/www.praha7.cz\/api\/wp\/v2\/posts\/80101"}],"collection":[{"href":"https:\/\/www.praha7.cz\/api\/wp\/v2\/posts"}],"about":[{"href":"https:\/\/www.praha7.cz\/api\/wp\/v2\/types\/post"}],"author":[{"embeddable":true,"href":"https:\/\/www.praha7.cz\/api\/wp\/v2\/users\/251"}],"replies":[{"embeddable":true,"href":"https:\/\/www.praha7.cz\/api\/wp\/v2\/comments?post=80101"}],"version-history":[{"count":8,"href":"https:\/\/www.praha7.cz\/api\/wp\/v2\/posts\/80101\/revisions"}],"predecessor-version":[{"id":84321,"href":"https:\/\/www.praha7.cz\/api\/wp\/v2\/posts\/80101\/revisions\/84321"}],"wp:featuredmedia":[{"embeddable":true,"href":"https:\/\/www.praha7.cz\/api\/wp\/v2\/media\/80102"}],"wp:attachment":[{"href":"https:\/\/www.praha7.cz\/api\/wp\/v2\/media?parent=80101"}],"wp:term":[{"taxonomy":"category","embeddable":true,"href":"https:\/\/www.praha7.cz\/api\/wp\/v2\/categories?post=80101"},{"taxonomy":"post_tag","embeddable":true,"href":"https:\/\/www.praha7.cz\/api\/wp\/v2\/tags?post=80101"}],"curies":[{"name":"wp","href":"https:\/\/api.w.org\/{rel}","templated":true}]}}