    
{"id":80066,"date":"2024-10-29T11:37:37","date_gmt":"2024-10-29T10:37:37","guid":{"rendered":"https:\/\/www.praha7.cz\/?p=80066"},"modified":"2024-10-31T12:52:28","modified_gmt":"2024-10-31T11:52:28","slug":"statni-vyznamenani-pro-reziserku-helenu-trestikovou","status":"publish","type":"post","link":"https:\/\/www.praha7.cz\/statni-vyznamenani-pro-reziserku-helenu-trestikovou\/","title":{"rendered":"St\u00e1tn\u00ed vyznamen\u00e1n\u00ed pro re\u017eis\u00e9rku Helenu T\u0159e\u0161t\u00edkovou"},"content":{"rendered":"<p>[perex]<\/p>\r\n<p>Ud\u00edlen\u00ed st\u00e1tn\u00edch vyznamen\u00e1n\u00ed dne 28.&nbsp;\u0159\u00edjna 2024 m\u011blo op\u011bt sedmi\u010dkovou stopu. Po lo\u0148sk\u00e9m ocen\u011bn\u00ed hudebn\u00edka <a href=\"https:\/\/www.praha7.cz\/statni-vyznamenani-pro-hudebnika-vladimira-misika\/\">Vladim\u00edra Mi\u0161\u00edka<\/a> a&nbsp;sbormistra <a href=\"https:\/\/www.praha7.cz\/statni-vyznamenani-pro-profesora-jiriho-chvalu\/\">Ji\u0159\u00edho Chv\u00e1ly<\/a> se letos do\u010dkala dal\u0161\u00ed dlouholet\u00e1 obyvatelka Prahy&nbsp;7 a&nbsp;v\u00fdrazn\u00e1 osobnost \u010desk\u00e9 kulturn\u00ed sc\u00e9ny Helena T\u0159e\u0161t\u00edkov\u00e1. Re\u017eis\u00e9rka a&nbsp;pedago\u017eka, jedna z\u00a0nejv\u00fdznamn\u011bj\u0161\u00edch sou\u010dasn\u00fdch dokumentaristek, obdr\u017eela medaili 1.&nbsp;stupn\u011b za z\u00e1sluhy v&nbsp;oblasti kultury. Gratulujeme a&nbsp;p\u0159ejeme mnoho tv\u016fr\u010d\u00edho el\u00e1nu do dal\u0161\u00edch let.<\/p>\r\n<p>[\/perex]<\/p>","protected":false},"excerpt":{"rendered":"[perex] Ud\u00edlen\u00ed st\u00e1tn\u00edch vyznamen\u00e1n\u00ed dne 28.&nbsp;\u0159\u00edjna 2024 m\u011blo op\u011bt sedmi\u010dkovou stopu. Po lo\u0148sk\u00e9m ocen\u011bn\u00ed hudebn\u00edka Vladim\u00edra Mi\u0161\u00edka a&nbsp;sbormistra Ji\u0159\u00edho Chv\u00e1ly se letos do\u010dkala dal\u0161\u00ed dlouholet\u00e1 obyvatelka Prahy&nbsp;7 a&nbsp;v\u00fdrazn\u00e1 osobnost \u010desk\u00e9 kulturn\u00ed sc\u00e9ny Helena T\u0159e\u0161t\u00edkov\u00e1. Re\u017eis\u00e9rka a&nbsp;pedago\u017eka, jedna z\u00a0nejv\u00fdznamn\u011bj\u0161\u00edch sou\u010dasn\u00fdch dokumentaristek, obdr\u017eela medaili 1.&nbsp;stupn\u011b za z\u00e1sluhy v&nbsp;oblasti kultury. Gratulujeme a&nbsp;p\u0159ejeme mnoho tv\u016fr\u010d\u00edho el\u00e1nu do dal\u0161\u00edch let. [&hellip;]","protected":false},"author":5,"featured_media":80072,"comment_status":"closed","ping_status":"open","sticky":false,"template":"","format":"standard","meta":[],"categories":[34],"tags":[],"_links":{"self":[{"href":"https:\/\/www.praha7.cz\/api\/wp\/v2\/posts\/80066"}],"collection":[{"href":"https:\/\/www.praha7.cz\/api\/wp\/v2\/posts"}],"about":[{"href":"https:\/\/www.praha7.cz\/api\/wp\/v2\/types\/post"}],"author":[{"embeddable":true,"href":"https:\/\/www.praha7.cz\/api\/wp\/v2\/users\/5"}],"replies":[{"embeddable":true,"href":"https:\/\/www.praha7.cz\/api\/wp\/v2\/comments?post=80066"}],"version-history":[{"count":2,"href":"https:\/\/www.praha7.cz\/api\/wp\/v2\/posts\/80066\/revisions"}],"predecessor-version":[{"id":80074,"href":"https:\/\/www.praha7.cz\/api\/wp\/v2\/posts\/80066\/revisions\/80074"}],"wp:featuredmedia":[{"embeddable":true,"href":"https:\/\/www.praha7.cz\/api\/wp\/v2\/media\/80072"}],"wp:attachment":[{"href":"https:\/\/www.praha7.cz\/api\/wp\/v2\/media?parent=80066"}],"wp:term":[{"taxonomy":"category","embeddable":true,"href":"https:\/\/www.praha7.cz\/api\/wp\/v2\/categories?post=80066"},{"taxonomy":"post_tag","embeddable":true,"href":"https:\/\/www.praha7.cz\/api\/wp\/v2\/tags?post=80066"}],"curies":[{"name":"wp","href":"https:\/\/api.w.org\/{rel}","templated":true}]}}