    
{"id":80044,"date":"2024-10-25T16:51:43","date_gmt":"2024-10-25T14:51:43","guid":{"rendered":"https:\/\/www.praha7.cz\/?p=80044"},"modified":"2024-11-04T12:07:32","modified_gmt":"2024-11-04T11:07:32","slug":"kratkodobe-uzavreni-ulice-nicholase-wintona","status":"publish","type":"post","link":"https:\/\/www.praha7.cz\/kratkodobe-uzavreni-ulice-nicholase-wintona\/","title":{"rendered":"Kr\u00e1tkodob\u00e9 uzav\u0159en\u00ed ulice Nicholase Wintona"},"content":{"rendered":"<p>[perex]<\/p>\r\n<p>Informujeme ob\u010dany, \u017ee pod ulic\u00ed Nicholase Wintona se stavebn\u00ed firm\u011b bohu\u017eel nepoda\u0159ilo protla\u010dit velk\u00fd elektrick\u00fd kabel. Proto bude ulice ve dnech 29.&nbsp;10.&nbsp;a&nbsp;1.&nbsp;11.&nbsp;kv\u016fli stavebn\u00edm prac\u00edm a&nbsp;asfaltov\u00e1n\u00ed uzav\u0159ena. Pokud opravy p\u016fjdou h\u016f\u0159e a&nbsp;uzav\u00edrka se bude m\u011bnit, budeme o&nbsp;situaci d\u00e1le informovat.<\/p>\r\n<p>Stavebn\u00ed firma se za komplikaci omlouv\u00e1. Informa\u010dn\u00ed zna\u010dky jsou osazeny.<\/p>\r\n<p>[\/perex]<\/p>\r\n<p>Ulice Nicholase Wintona p\u0159edstavuje spojen\u00ed pro p\u011b\u0161\u00ed a&nbsp;cyklisty p\u0159es Bubny mezi ulicemi Veletr\u017en\u00ed a&nbsp;D\u011blnickou.<\/p>\r\n<p><a href=\"https:\/\/www.praha7.cz\/wp-content\/uploads\/2024\/09\/map-winton-mensi-cervena.png\" target=\"_blank\" rel=\"noopener\"><img loading=\"lazy\" src=\"https:\/\/www.praha7.cz\/wp-content\/uploads\/2024\/09\/map-winton-mensi-cervena-575x1000.png\" alt=\"\" width=\"410\" height=\"713\" class=\"alignnone  wp-image-78620\" data-wp-editing=\"1\" srcset=\"https:\/\/www.praha7.cz\/wp-content\/uploads\/2024\/09\/map-winton-mensi-cervena-575x1000.png 575w, https:\/\/www.praha7.cz\/wp-content\/uploads\/2024\/09\/map-winton-mensi-cervena-230x400.png 230w, https:\/\/www.praha7.cz\/wp-content\/uploads\/2024\/09\/map-winton-mensi-cervena-768x1336.png 768w, https:\/\/www.praha7.cz\/wp-content\/uploads\/2024\/09\/map-winton-mensi-cervena-883x1536.png 883w, https:\/\/www.praha7.cz\/wp-content\/uploads\/2024\/09\/map-winton-mensi-cervena.png 981w\" sizes=\"(max-width: 410px) 100vw, 410px\" \/><\/a><\/p>\r\n<p><span style=\"font-size: 12px;\"><a href=\"https:\/\/www.openstreetmap.org\/copyright\">\u00a9 OpenStreetMap contributors<\/a><\/span><\/p>\r\n<p>&nbsp;<\/p>","protected":false},"excerpt":{"rendered":"[perex] Informujeme ob\u010dany, \u017ee pod ulic\u00ed Nicholase Wintona se stavebn\u00ed firm\u011b bohu\u017eel nepoda\u0159ilo protla\u010dit velk\u00fd elektrick\u00fd kabel. Proto bude ulice ve dnech 29.&nbsp;10.&nbsp;a&nbsp;1.&nbsp;11.&nbsp;kv\u016fli stavebn\u00edm prac\u00edm a&nbsp;asfaltov\u00e1n\u00ed uzav\u0159ena. Pokud opravy p\u016fjdou h\u016f\u0159e a&nbsp;uzav\u00edrka se bude m\u011bnit, budeme o&nbsp;situaci d\u00e1le informovat. Stavebn\u00ed firma se za komplikaci omlouv\u00e1. Informa\u010dn\u00ed zna\u010dky jsou osazeny. [\/perex] Ulice Nicholase Wintona p\u0159edstavuje spojen\u00ed [&hellip;]","protected":false},"author":5,"featured_media":80045,"comment_status":"closed","ping_status":"open","sticky":false,"template":"","format":"standard","meta":[],"categories":[34],"tags":[57],"_links":{"self":[{"href":"https:\/\/www.praha7.cz\/api\/wp\/v2\/posts\/80044"}],"collection":[{"href":"https:\/\/www.praha7.cz\/api\/wp\/v2\/posts"}],"about":[{"href":"https:\/\/www.praha7.cz\/api\/wp\/v2\/types\/post"}],"author":[{"embeddable":true,"href":"https:\/\/www.praha7.cz\/api\/wp\/v2\/users\/5"}],"replies":[{"embeddable":true,"href":"https:\/\/www.praha7.cz\/api\/wp\/v2\/comments?post=80044"}],"version-history":[{"count":4,"href":"https:\/\/www.praha7.cz\/api\/wp\/v2\/posts\/80044\/revisions"}],"predecessor-version":[{"id":80049,"href":"https:\/\/www.praha7.cz\/api\/wp\/v2\/posts\/80044\/revisions\/80049"}],"wp:featuredmedia":[{"embeddable":true,"href":"https:\/\/www.praha7.cz\/api\/wp\/v2\/media\/80045"}],"wp:attachment":[{"href":"https:\/\/www.praha7.cz\/api\/wp\/v2\/media?parent=80044"}],"wp:term":[{"taxonomy":"category","embeddable":true,"href":"https:\/\/www.praha7.cz\/api\/wp\/v2\/categories?post=80044"},{"taxonomy":"post_tag","embeddable":true,"href":"https:\/\/www.praha7.cz\/api\/wp\/v2\/tags?post=80044"}],"curies":[{"name":"wp","href":"https:\/\/api.w.org\/{rel}","templated":true}]}}