    
{"id":80018,"date":"2024-10-24T14:28:53","date_gmt":"2024-10-24T12:28:53","guid":{"rendered":"https:\/\/www.praha7.cz\/?p=80018"},"modified":"2024-11-04T12:07:03","modified_gmt":"2024-11-04T11:07:03","slug":"tydenni-uzavirka-bubenske-v-miste-noveho-zeleznicniho-mostu","status":"publish","type":"post","link":"https:\/\/www.praha7.cz\/tydenni-uzavirka-bubenske-v-miste-noveho-zeleznicniho-mostu\/","title":{"rendered":"T\u00fddenn\u00ed uzav\u00edrka Bubensk\u00e9 v&nbsp;m\u00edst\u011b nov\u00e9ho \u017eelezni\u010dn\u00edho mostu"},"content":{"rendered":"<p>[perex]<\/p>\r\n<p>Upozor\u0148ujeme, \u017ee v&nbsp;term\u00ednu od pond\u011bl\u00ed 28.&nbsp;10.&nbsp;do ned\u011ble 3.&nbsp;11.&nbsp;2024 bude uzav\u0159en pr\u016fjezd pod nov\u00fdm \u017eelezni\u010dn\u00edm mostem v\u00a0ul. Bubensk\u00e1 a&nbsp;tak\u00e9 \u010d\u00e1st j\u00edzdn\u00edch pruh\u016f a&nbsp;chodn\u00edk\u016f v\u00a0p\u0159ilehl\u00e9m \u00faseku ulice.\u00a0 D\u016fvodem jsou pr\u00e1ce na estak\u00e1d\u011b a&nbsp;dokon\u010den\u00ed obrub u&nbsp;ochrann\u00fdch ostr\u016fvk\u016f. B\u011bhem realizace prac\u00ed bude obousm\u011brn\u011b uzav\u0159en pr\u016fjezd mezi k\u0159i\u017eovatkou Bubensk\u00e1 x Strojnick\u00e1 a&nbsp;ulicemi \u017delezni\u010d\u00e1\u0159\u016f a&nbsp;U&nbsp;V\u00fdstavi\u0161t\u011b.<br \/>\r\n[\/perex]<\/p>\r\n<p>Ul. Bubensk\u00e1 bude po dobu prac\u00ed ve sm\u011bru j\u00edzdy Strojnick\u00e1 \u2013 Veletr\u017en\u00ed jednosm\u011brn\u00e1, vjezd do tohoto \u00faseku ulice bude mo\u017en\u00fd z&nbsp;ulic Strojnick\u00e1 a&nbsp;\u0160im\u00e1\u010dkova. P\u0159\u00edstup do severn\u00ed \u010d\u00e1sti ul. Bubensk\u00e1, ul. Na \u0160acht\u011b a&nbsp;k\u0159i\u017eovatky U&nbsp;V\u00fdstavi\u0161t\u011b x Za Elektr\u00e1rnou bude zaji\u0161t\u011bn z&nbsp;ul. \u017delezni\u010d\u00e1\u0159\u016f.\u00a0<\/p>\r\n<p>Pr\u016fchod pro p\u011b\u0161\u00ed z\u016fstane zachov\u00e1n.<\/p>\r\n<p>Pr\u00e1ce realizuje Spr\u00e1va \u017eeleznic. D\u011bkujeme za pochopen\u00ed a&nbsp;trp\u011blivost.<\/p>\r\n<p>&nbsp;<\/p>\r\n<p><em>Sch\u00e9ma dopravn\u00ed uzav\u00edrky<\/em><\/p>\r\n<p><a href=\"https:\/\/www.praha7.cz\/wp-content\/uploads\/2024\/10\/uzavirka-Bubenska.png\"><img loading=\"lazy\" src=\"https:\/\/www.praha7.cz\/wp-content\/uploads\/2024\/10\/uzavirka-Bubenska.png\" alt=\"\" width=\"826\" height=\"936\" class=\"alignnone size-full wp-image-80021\" srcset=\"https:\/\/www.praha7.cz\/wp-content\/uploads\/2024\/10\/uzavirka-Bubenska.png 826w, https:\/\/www.praha7.cz\/wp-content\/uploads\/2024\/10\/uzavirka-Bubenska-353x400.png 353w, https:\/\/www.praha7.cz\/wp-content\/uploads\/2024\/10\/uzavirka-Bubenska-768x870.png 768w\" sizes=\"(max-width: 826px) 100vw, 826px\" \/><\/a><\/p>","protected":false},"excerpt":{"rendered":"[perex] Upozor\u0148ujeme, \u017ee v&nbsp;term\u00ednu od pond\u011bl\u00ed 28.&nbsp;10.&nbsp;do ned\u011ble 3.&nbsp;11.&nbsp;2024 bude uzav\u0159en pr\u016fjezd pod nov\u00fdm \u017eelezni\u010dn\u00edm mostem v\u00a0ul. Bubensk\u00e1 a&nbsp;tak\u00e9 \u010d\u00e1st j\u00edzdn\u00edch pruh\u016f a&nbsp;chodn\u00edk\u016f v\u00a0p\u0159ilehl\u00e9m \u00faseku ulice.\u00a0 D\u016fvodem jsou pr\u00e1ce na estak\u00e1d\u011b a&nbsp;dokon\u010den\u00ed obrub u&nbsp;ochrann\u00fdch ostr\u016fvk\u016f. B\u011bhem realizace prac\u00ed bude obousm\u011brn\u011b uzav\u0159en pr\u016fjezd mezi k\u0159i\u017eovatkou Bubensk\u00e1 x Strojnick\u00e1 a&nbsp;ulicemi \u017delezni\u010d\u00e1\u0159\u016f a&nbsp;U&nbsp;V\u00fdstavi\u0161t\u011b. [\/perex] Ul. Bubensk\u00e1 bude po [&hellip;]","protected":false},"author":5,"featured_media":80019,"comment_status":"closed","ping_status":"open","sticky":false,"template":"","format":"standard","meta":[],"categories":[34],"tags":[57],"_links":{"self":[{"href":"https:\/\/www.praha7.cz\/api\/wp\/v2\/posts\/80018"}],"collection":[{"href":"https:\/\/www.praha7.cz\/api\/wp\/v2\/posts"}],"about":[{"href":"https:\/\/www.praha7.cz\/api\/wp\/v2\/types\/post"}],"author":[{"embeddable":true,"href":"https:\/\/www.praha7.cz\/api\/wp\/v2\/users\/5"}],"replies":[{"embeddable":true,"href":"https:\/\/www.praha7.cz\/api\/wp\/v2\/comments?post=80018"}],"version-history":[{"count":8,"href":"https:\/\/www.praha7.cz\/api\/wp\/v2\/posts\/80018\/revisions"}],"predecessor-version":[{"id":80030,"href":"https:\/\/www.praha7.cz\/api\/wp\/v2\/posts\/80018\/revisions\/80030"}],"wp:featuredmedia":[{"embeddable":true,"href":"https:\/\/www.praha7.cz\/api\/wp\/v2\/media\/80019"}],"wp:attachment":[{"href":"https:\/\/www.praha7.cz\/api\/wp\/v2\/media?parent=80018"}],"wp:term":[{"taxonomy":"category","embeddable":true,"href":"https:\/\/www.praha7.cz\/api\/wp\/v2\/categories?post=80018"},{"taxonomy":"post_tag","embeddable":true,"href":"https:\/\/www.praha7.cz\/api\/wp\/v2\/tags?post=80018"}],"curies":[{"name":"wp","href":"https:\/\/api.w.org\/{rel}","templated":true}]}}