    
{"id":79993,"date":"2024-10-23T16:12:20","date_gmt":"2024-10-23T14:12:20","guid":{"rendered":"https:\/\/www.praha7.cz\/?p=79993"},"modified":"2024-11-22T09:45:27","modified_gmt":"2024-11-22T08:45:27","slug":"zveme-na-den-zdravi-21-listopadu-do-polikliniky","status":"publish","type":"post","link":"https:\/\/www.praha7.cz\/zveme-na-den-zdravi-21-listopadu-do-polikliniky\/","title":{"rendered":"Den zdrav\u00ed 21.&nbsp;listopadu v&nbsp;Poliklinice Prahy&nbsp;7"},"content":{"rendered":"<p>[perex]<\/p>\r\n<p>Nechte se p\u0159ed zimou inspirovat, jak pe\u010dovat o&nbsp;sv\u00e9 zdrav\u00ed. V&nbsp;<a href=\"https:\/\/www.poliklinikaprahy7.eu\/\" target=\"_blank\" rel=\"noopener\">Poliklinice Prahy&nbsp;7<\/a> prob\u011bhne ve \u010dtvrtek 21.&nbsp;listopadu 2024 od 13.00 do 17.30 odpoledne s&nbsp;l\u00e9ka\u0159i a&nbsp;dal\u0161\u00edmi specialisty. M\u016f\u017eete si nechat zdarma zm\u011b\u0159it tlak, cukr \u010di hladinu CO v&nbsp;dechu, poradit se ohledn\u011b skladby j\u00eddeln\u00ed\u010dku \u010di odvyk\u00e1n\u00ed kou\u0159en\u00ed, k&nbsp;dispozici bude i&nbsp;o\u010dkov\u00e1n\u00ed proti ch\u0159ipce i&nbsp;nemoci covid-19 a&nbsp;mnoho dal\u0161\u00edho.<\/p>\r\n<p>[\/perex]<\/p>\r\n<p><strong>Zdarma bude k&nbsp;dispozici:<\/strong><br \/>\r\n\u2022 m\u011b\u0159en\u00ed krevn\u00edho tlaku<br \/>\r\n\u2022 m\u011b\u0159en\u00ed hladiny cukru v&nbsp;krvi<br \/>\r\n\u2022 vy\u0161et\u0159en\u00ed znam\u00e9nek<br \/>\r\n\u2022 anonymn\u00ed testov\u00e1n\u00ed na pohlavn\u011b p\u0159enosn\u00e9 nemoci<br \/>\r\n\u2022 o\u010dkov\u00e1n\u00ed proti ch\u0159ipce a&nbsp;covidu-19<br \/>\r\n\u2022 nutri\u010dn\u00ed poradna<br \/>\r\n\u2022 m\u011b\u0159en\u00ed CO v&nbsp;plic\u00edch<br \/>\r\n\u2022 konzultace a&nbsp;poradna pro seniory<br \/>\r\n<br \/>\r\n<\/p>","protected":false},"excerpt":{"rendered":"[perex] Nechte se p\u0159ed zimou inspirovat, jak pe\u010dovat o&nbsp;sv\u00e9 zdrav\u00ed. V&nbsp;Poliklinice Prahy&nbsp;7 prob\u011bhne ve \u010dtvrtek 21.&nbsp;listopadu 2024 od 13.00 do 17.30 odpoledne s&nbsp;l\u00e9ka\u0159i a&nbsp;dal\u0161\u00edmi specialisty. M\u016f\u017eete si nechat zdarma zm\u011b\u0159it tlak, cukr \u010di hladinu CO v&nbsp;dechu, poradit se ohledn\u011b skladby j\u00eddeln\u00ed\u010dku \u010di odvyk\u00e1n\u00ed kou\u0159en\u00ed, k&nbsp;dispozici bude i&nbsp;o\u010dkov\u00e1n\u00ed proti ch\u0159ipce i&nbsp;nemoci covid-19 a&nbsp;mnoho dal\u0161\u00edho. [\/perex] Zdarma [&hellip;]","protected":false},"author":251,"featured_media":79994,"comment_status":"closed","ping_status":"open","sticky":false,"template":"","format":"standard","meta":[],"categories":[36],"tags":[84,115,129],"_links":{"self":[{"href":"https:\/\/www.praha7.cz\/api\/wp\/v2\/posts\/79993"}],"collection":[{"href":"https:\/\/www.praha7.cz\/api\/wp\/v2\/posts"}],"about":[{"href":"https:\/\/www.praha7.cz\/api\/wp\/v2\/types\/post"}],"author":[{"embeddable":true,"href":"https:\/\/www.praha7.cz\/api\/wp\/v2\/users\/251"}],"replies":[{"embeddable":true,"href":"https:\/\/www.praha7.cz\/api\/wp\/v2\/comments?post=79993"}],"version-history":[{"count":2,"href":"https:\/\/www.praha7.cz\/api\/wp\/v2\/posts\/79993\/revisions"}],"predecessor-version":[{"id":80104,"href":"https:\/\/www.praha7.cz\/api\/wp\/v2\/posts\/79993\/revisions\/80104"}],"wp:featuredmedia":[{"embeddable":true,"href":"https:\/\/www.praha7.cz\/api\/wp\/v2\/media\/79994"}],"wp:attachment":[{"href":"https:\/\/www.praha7.cz\/api\/wp\/v2\/media?parent=79993"}],"wp:term":[{"taxonomy":"category","embeddable":true,"href":"https:\/\/www.praha7.cz\/api\/wp\/v2\/categories?post=79993"},{"taxonomy":"post_tag","embeddable":true,"href":"https:\/\/www.praha7.cz\/api\/wp\/v2\/tags?post=79993"}],"curies":[{"name":"wp","href":"https:\/\/api.w.org\/{rel}","templated":true}]}}