    
{"id":79900,"date":"2024-10-21T13:37:02","date_gmt":"2024-10-21T11:37:02","guid":{"rendered":"https:\/\/www.praha7.cz\/?p=79900"},"modified":"2024-10-21T14:09:25","modified_gmt":"2024-10-21T12:09:25","slug":"praha-7-chce-aby-garaze-na-vltavske-slouzily-rezidentum","status":"publish","type":"post","link":"https:\/\/www.praha7.cz\/praha-7-chce-aby-garaze-na-vltavske-slouzily-rezidentum\/","title":{"rendered":"Praha&nbsp;7 chce, aby gar\u00e1\u017ee na Vltavsk\u00e9 slou\u017eily rezident\u016fm"},"content":{"rendered":"<p>[perex]<\/p>\r\n<p>Dopravn\u00ed podnik hl. m. Prahy v\u00a0sou\u010dasn\u00e9 dob\u011b realizuje sout\u011b\u017e na pron\u00e1jem podzemn\u00edch gar\u00e1\u017e\u00ed nedaleko stanice metra Vltavsk\u00e1. M\u010c Praha&nbsp;7 usiluje o&nbsp;to, aby se tyto gar\u00e1\u017ee pat\u0159\u00edc\u00ed m\u011bstsk\u00e9 spole\u010dnosti nepronaj\u00edmaly soukrom\u00fdm provozovatel\u016fm, ale slou\u017eily prim\u00e1rn\u011b m\u00edstn\u00edm obyvatel\u016fm.<\/p>\r\n<p>[\/perex]<\/p>\r\n<p><em>\u201eObr\u00e1til jsem se dopisem na \u0159editele Dopravn\u00edho podniku, \u0159editele TSK a&nbsp;n\u00e1m\u011bstka prim\u00e1tora Zde\u0148ka H\u0159iba. Za Prahu 7 \u017e\u00e1d\u00e1me, aby TSK byla garantem, \u017ee gar\u00e1\u017ee budou slou\u017eit v\u00a0prvn\u00ed \u0159ad\u011b k\u00a0nav\u00fd\u0161en\u00ed parkovac\u00edch kapacit pro na\u0161e ob\u010dany. Navrhujeme proto, aby Dopravn\u00ed podnik gar\u00e1\u017ee pronajmul TSK, kter\u00e1 se star\u00e1 o&nbsp;dal\u0161\u00ed m\u011bstsk\u00e9 gar\u00e1\u017ee a&nbsp;parkovi\u0161t\u011b, a&nbsp;aby bylo parkov\u00e1n\u00ed nab\u00eddnuto p\u0159ednostn\u011b rezident\u016fm Prahy&nbsp;7, stejn\u011b jako tomu bylo, kdy\u017e se otv\u00edraly gar\u00e1\u017ee na Letn\u00e9,\u201c<\/em> uvedl <strong><em>starosta M\u010c Praha&nbsp;7 Jan \u010ci\u017einsk\u00fd<\/em><\/strong>.<\/p>\r\n<p>Gar\u00e1\u017ee Vltavsk\u00e1 maj\u00ed kapacitu p\u0159es 100 m\u00edst a&nbsp;vjezd do nich je situov\u00e1n z\u00a0ulice Bubensk\u00e1 naproti ulici He\u0159manova.<\/p>\r\n<p>Praha&nbsp;7 se dlouhodob\u011b sna\u017e\u00ed vyjednat parkov\u00e1n\u00ed pro rezidenty v\u00a0m\u011bstsk\u00fdch i&nbsp;soukrom\u00fdch gar\u00e1\u017e\u00edch na \u00fazem\u00ed m\u011bstsk\u00e9 \u010d\u00e1sti. Po otev\u0159en\u00ed <a href=\"https:\/\/www.praha7.cz\/potrebuji-zaridit\/doprava\/parkovani\/parkovani-letna\/\">gar\u00e1\u017e\u00ed na Letn\u00e9<\/a> se poda\u0159ilo pro m\u00edstn\u00ed ob\u010dany zajistit t\u00e9m\u011b\u0159 400 vyhrazen\u00fdch parkovac\u00edch m\u00edst. V&nbsp;t\u011bchto gar\u00e1\u017e\u00edch od leto\u0161n\u00edho roku plat\u00ed tak\u00e9 zv\u00fdhodn\u011bn\u00e9 no\u010dn\u00ed a&nbsp;ve\u010dern\u00ed parkov\u00e1n\u00ed, stejn\u011b jako v\u00a0gar\u00e1\u017e\u00edch <a href=\"https:\/\/www.praha7.cz\/potrebuji-zaridit\/doprava\/parkovani\/rezidentske-parkovani-v-oc-stromovka\/\">OC Stromovka<\/a>. Na <a href=\"https:\/\/www.praha7.cz\/potrebuji-zaridit\/doprava\/parkovani\/parkovani-pro-rezidenty-na-vystavisti\/\">parkovi\u0161ti p\u0159ed V\u00fdstavi\u0161t\u011bm<\/a> je ve ve\u010dern\u00edch a&nbsp;no\u010dn\u00edch hodin\u00e1ch parkov\u00e1n\u00ed zdarma. V\u00fdhodn\u011bj\u0161\u00ed ceny pro rezidenty jsou domluveny v&nbsp;gar\u00e1\u017e\u00edch <a href=\"https:\/\/www.praha7.cz\/potrebuji-zaridit\/doprava\/parkovani\/zvyhodnene-parkovani-pro-rezidenty-v-garazich-the-fizz\/\">The Fizz<\/a> v&nbsp;Hole\u0161ovic\u00edch.<\/p>\r\n<p><em>\u201eVzhledem k\u00a0tomu, \u017ee m\u00edsta v\u00a0ulic\u00edch jsou v\u00a0Praze 7 vy\u010derp\u00e1na a&nbsp;m\u011bstsk\u00e1 \u010d\u00e1st nem\u00e1 ani pozemky, ani pen\u00edze na v\u00fdstavbu parkovac\u00edch kapacit, d\u00e1v\u00e1 smysl, aby pro uleh\u010den\u00ed situace rezident\u016f byly efektivn\u011b vyu\u017eity ji\u017e existuj\u00edc\u00ed parkovi\u0161t\u011b v\u00a0majetku hlavn\u00edho m\u011bsta a&nbsp;jeho organizac\u00ed. TSK v\u00a0tuto chv\u00edli eviduje stovky z\u00e1jemc\u016f o&nbsp;vyhrazen\u00e1 parkovac\u00ed st\u00e1n\u00ed v\u00a0gar\u00e1\u017e\u00edch pod Letenskou pl\u00e1n\u00ed, tak\u017ee nem\u00e1me obavy, \u017ee by kapacity na Vltavsk\u00e9 z\u016fstaly nevyu\u017eit\u00e9,\u201c<\/em> doplnil <strong><em>m\u00edstostarosta M\u010c Praha&nbsp;7 Pavel Zelenka<\/em><\/strong>, kter\u00fd m\u00e1 v&nbsp;gesci dopravu.<\/p>\r\n<p>&nbsp;<\/p>\r\n<p>&nbsp;<\/p>","protected":false},"excerpt":{"rendered":"[perex] Dopravn\u00ed podnik hl. m. Prahy v\u00a0sou\u010dasn\u00e9 dob\u011b realizuje sout\u011b\u017e na pron\u00e1jem podzemn\u00edch gar\u00e1\u017e\u00ed nedaleko stanice metra Vltavsk\u00e1. M\u010c Praha&nbsp;7 usiluje o&nbsp;to, aby se tyto gar\u00e1\u017ee pat\u0159\u00edc\u00ed m\u011bstsk\u00e9 spole\u010dnosti nepronaj\u00edmaly soukrom\u00fdm provozovatel\u016fm, ale slou\u017eily prim\u00e1rn\u011b m\u00edstn\u00edm obyvatel\u016fm. [\/perex] \u201eObr\u00e1til jsem se dopisem na \u0159editele Dopravn\u00edho podniku, \u0159editele TSK a&nbsp;n\u00e1m\u011bstka prim\u00e1tora Zde\u0148ka H\u0159iba. Za Prahu 7 [&hellip;]","protected":false},"author":251,"featured_media":79899,"comment_status":"closed","ping_status":"open","sticky":false,"template":"","format":"standard","meta":[],"categories":[34,74],"tags":[82],"_links":{"self":[{"href":"https:\/\/www.praha7.cz\/api\/wp\/v2\/posts\/79900"}],"collection":[{"href":"https:\/\/www.praha7.cz\/api\/wp\/v2\/posts"}],"about":[{"href":"https:\/\/www.praha7.cz\/api\/wp\/v2\/types\/post"}],"author":[{"embeddable":true,"href":"https:\/\/www.praha7.cz\/api\/wp\/v2\/users\/251"}],"replies":[{"embeddable":true,"href":"https:\/\/www.praha7.cz\/api\/wp\/v2\/comments?post=79900"}],"version-history":[{"count":3,"href":"https:\/\/www.praha7.cz\/api\/wp\/v2\/posts\/79900\/revisions"}],"predecessor-version":[{"id":79903,"href":"https:\/\/www.praha7.cz\/api\/wp\/v2\/posts\/79900\/revisions\/79903"}],"wp:featuredmedia":[{"embeddable":true,"href":"https:\/\/www.praha7.cz\/api\/wp\/v2\/media\/79899"}],"wp:attachment":[{"href":"https:\/\/www.praha7.cz\/api\/wp\/v2\/media?parent=79900"}],"wp:term":[{"taxonomy":"category","embeddable":true,"href":"https:\/\/www.praha7.cz\/api\/wp\/v2\/categories?post=79900"},{"taxonomy":"post_tag","embeddable":true,"href":"https:\/\/www.praha7.cz\/api\/wp\/v2\/tags?post=79900"}],"curies":[{"name":"wp","href":"https:\/\/api.w.org\/{rel}","templated":true}]}}