    
{"id":79884,"date":"2024-10-18T16:32:54","date_gmt":"2024-10-18T14:32:54","guid":{"rendered":"https:\/\/www.praha7.cz\/?p=79884"},"modified":"2024-10-23T10:47:53","modified_gmt":"2024-10-23T08:47:53","slug":"snizeni-tlaku-vody-v-holesovicich-22-a-23-rijna","status":"publish","type":"post","link":"https:\/\/www.praha7.cz\/snizeni-tlaku-vody-v-holesovicich-22-a-23-rijna\/","title":{"rendered":"Sn\u00ed\u017een\u00ed tlaku vody v&nbsp;Hole\u0161ovic\u00edch 22.&nbsp;a&nbsp;23.&nbsp;\u0159\u00edjna"},"content":{"rendered":"<p>[perex]<\/p>\r\n<p>Pra\u017esk\u00e9 vodovody a&nbsp;kanalizace informuj\u00ed o&nbsp;omezen\u00ed dod\u00e1vky vody v&nbsp;term\u00ednu od \u00fater\u00fd 22.&nbsp;\u0159\u00edjna 8.00 do st\u0159edy 23.&nbsp;\u0159\u00edjna 8.00. Z&nbsp;d\u016fvodu prov\u00e1d\u011bn\u00ed pl\u00e1novan\u00fdch oprav, udr\u017eovac\u00edch a&nbsp;revizn\u00edch prac\u00ed dojde k&nbsp;omezen\u00ed dod\u00e1vky vody \/ sn\u00ed\u017een\u00ed tlaku v&nbsp;ulic\u00edch: Argentinsk\u00e1; Bondyho; Bubensk\u00e9 n\u00e1b\u0159e\u017e\u00ed; D\u011blnick\u00e1; Jankovcova; Jate\u010dn\u00ed; Komunard\u016f; Kouteck\u00e9ho; Mal\u00e1 Plyn\u00e1rn\u00ed; Na Manin\u00e1ch; n\u00e1b\u0159e\u017e\u00ed Kapit\u00e1na Jaro\u0161e 1000\/7; Ortenovo n\u00e1m\u011bst\u00ed; Osadn\u00ed; Ostrov \u0160tvanice; Partyz\u00e1nsk\u00e1 1607; Plyn\u00e1rn\u00ed 1617\/10, 1096\/23, 1093\/27, 1032\/29, 1031\/31, 1453\/33, 792\/35, 899\/37, 798\/39; Pod dr\u00e1hou; Poup\u011btova; P\u0159\u00edstavn\u00ed; P\u0159\u00edvozn\u00ed; Sanderova; Stupkova; Tov\u00e1rn\u00ed; Tusarova; U&nbsp;gar\u00e1\u017e\u00ed; U&nbsp;m\u011bstsk\u00fdch dom\u016f; U&nbsp;m\u011b\u0161\u0165ansk\u00e9ho pivovaru; U&nbsp;parn\u00edho ml\u00fdna; U&nbsp;Pergamenky; U&nbsp;pr\u016fhonu; U&nbsp;star\u00e9 plyn\u00e1rny; U&nbsp;Uranie; U&nbsp;vody; V&nbsp;h\u00e1ji; V&nbsp;p\u0159\u00edstavu; V&nbsp;z\u00e1kout\u00ed; V&nbsp;z\u00e1v\u011bt\u0159\u00ed; Varhul\u00edkov\u00e9; Vrbensk\u00e9ho; Za viaduktem.<\/p>\r\n<p>[\/perex]<\/p>\r\n<p>Podrobn\u00e9 informace nep\u0159etr\u017eit\u011b pod\u00e1v\u00e1\u00a0z\u00e1kaznick\u00e1 linka PVK\u00a0na tel:\u00a0840&nbsp;111\u00a0112\u00a0nebo\u00a0601\u00a0274\u00a0274.<\/p>\r\n<p>Seznam pl\u00e1nov\u00fdch v\u00fdluk najdete <a href=\"https:\/\/www.pvk.cz\/aktuality\/planovane-vyluky\/\" target=\"_blank\" rel=\"noopener\">zde<\/a>.<\/p>","protected":false},"excerpt":{"rendered":"[perex] Pra\u017esk\u00e9 vodovody a&nbsp;kanalizace informuj\u00ed o&nbsp;omezen\u00ed dod\u00e1vky vody v&nbsp;term\u00ednu od \u00fater\u00fd 22.&nbsp;\u0159\u00edjna 8.00 do st\u0159edy 23.&nbsp;\u0159\u00edjna 8.00. Z&nbsp;d\u016fvodu prov\u00e1d\u011bn\u00ed pl\u00e1novan\u00fdch oprav, udr\u017eovac\u00edch a&nbsp;revizn\u00edch prac\u00ed dojde k&nbsp;omezen\u00ed dod\u00e1vky vody \/ sn\u00ed\u017een\u00ed tlaku v&nbsp;ulic\u00edch: Argentinsk\u00e1; Bondyho; Bubensk\u00e9 n\u00e1b\u0159e\u017e\u00ed; D\u011blnick\u00e1; Jankovcova; Jate\u010dn\u00ed; Komunard\u016f; Kouteck\u00e9ho; Mal\u00e1 Plyn\u00e1rn\u00ed; Na Manin\u00e1ch; n\u00e1b\u0159e\u017e\u00ed Kapit\u00e1na Jaro\u0161e 1000\/7; Ortenovo n\u00e1m\u011bst\u00ed; Osadn\u00ed; Ostrov \u0160tvanice; Partyz\u00e1nsk\u00e1 [&hellip;]","protected":false},"author":251,"featured_media":79885,"comment_status":"closed","ping_status":"open","sticky":false,"template":"","format":"standard","meta":[],"categories":[34],"tags":[125],"_links":{"self":[{"href":"https:\/\/www.praha7.cz\/api\/wp\/v2\/posts\/79884"}],"collection":[{"href":"https:\/\/www.praha7.cz\/api\/wp\/v2\/posts"}],"about":[{"href":"https:\/\/www.praha7.cz\/api\/wp\/v2\/types\/post"}],"author":[{"embeddable":true,"href":"https:\/\/www.praha7.cz\/api\/wp\/v2\/users\/251"}],"replies":[{"embeddable":true,"href":"https:\/\/www.praha7.cz\/api\/wp\/v2\/comments?post=79884"}],"version-history":[{"count":1,"href":"https:\/\/www.praha7.cz\/api\/wp\/v2\/posts\/79884\/revisions"}],"predecessor-version":[{"id":79886,"href":"https:\/\/www.praha7.cz\/api\/wp\/v2\/posts\/79884\/revisions\/79886"}],"wp:featuredmedia":[{"embeddable":true,"href":"https:\/\/www.praha7.cz\/api\/wp\/v2\/media\/79885"}],"wp:attachment":[{"href":"https:\/\/www.praha7.cz\/api\/wp\/v2\/media?parent=79884"}],"wp:term":[{"taxonomy":"category","embeddable":true,"href":"https:\/\/www.praha7.cz\/api\/wp\/v2\/categories?post=79884"},{"taxonomy":"post_tag","embeddable":true,"href":"https:\/\/www.praha7.cz\/api\/wp\/v2\/tags?post=79884"}],"curies":[{"name":"wp","href":"https:\/\/api.w.org\/{rel}","templated":true}]}}