    
{"id":79692,"date":"2024-10-14T09:32:43","date_gmt":"2024-10-14T07:32:43","guid":{"rendered":"https:\/\/www.praha7.cz\/?p=79692"},"modified":"2024-10-14T09:32:43","modified_gmt":"2024-10-14T07:32:43","slug":"trvala-zmena-v-pristaveni-kontejneru-v-cechove-ulici","status":"publish","type":"post","link":"https:\/\/www.praha7.cz\/trvala-zmena-v-pristaveni-kontejneru-v-cechove-ulici\/","title":{"rendered":"Trval\u00e1 zm\u011bna v&nbsp;p\u0159istaven\u00ed kontejneru v&nbsp;\u010cechov\u011b ulici"},"content":{"rendered":"<p>[perex]<\/p>\r\n<p>Dovolujeme si v\u00e1s upozornit, \u017ee po prob\u011bhl\u00e9 rekonstrukci k\u0159i\u017eovatky \u010cechova \u00d7 Nad Kr\u00e1lovskou oborou bude od listopadu 2024 kontejner na velkoobjemov\u00fd odpad p\u0159istaven o&nbsp;blok d\u00e1l, tedy v&nbsp;k\u0159i\u017eovatce Jana Zaj\u00edce \u00d7 Nad Kr\u00e1lovskou oborou.\u00a0 P\u0159ehled p\u0159istaven\u00ed velkoobjemov\u00fdch kontejner\u016f najdete <a href=\"https:\/\/www.praha7.cz\/temata\/odpad\/velkoobjemove-kontejnery\/\">zde<\/a>.\u00a0<\/p>\r\n<p>[\/perex]<\/p>","protected":false},"excerpt":{"rendered":"[perex] Dovolujeme si v\u00e1s upozornit, \u017ee po prob\u011bhl\u00e9 rekonstrukci k\u0159i\u017eovatky \u010cechova \u00d7 Nad Kr\u00e1lovskou oborou bude od listopadu 2024 kontejner na velkoobjemov\u00fd odpad p\u0159istaven o&nbsp;blok d\u00e1l, tedy v&nbsp;k\u0159i\u017eovatce Jana Zaj\u00edce \u00d7 Nad Kr\u00e1lovskou oborou.\u00a0 P\u0159ehled p\u0159istaven\u00ed velkoobjemov\u00fdch kontejner\u016f najdete zde.\u00a0 [\/perex]","protected":false},"author":251,"featured_media":79693,"comment_status":"closed","ping_status":"open","sticky":false,"template":"","format":"standard","meta":[],"categories":[34],"tags":[114],"_links":{"self":[{"href":"https:\/\/www.praha7.cz\/api\/wp\/v2\/posts\/79692"}],"collection":[{"href":"https:\/\/www.praha7.cz\/api\/wp\/v2\/posts"}],"about":[{"href":"https:\/\/www.praha7.cz\/api\/wp\/v2\/types\/post"}],"author":[{"embeddable":true,"href":"https:\/\/www.praha7.cz\/api\/wp\/v2\/users\/251"}],"replies":[{"embeddable":true,"href":"https:\/\/www.praha7.cz\/api\/wp\/v2\/comments?post=79692"}],"version-history":[{"count":1,"href":"https:\/\/www.praha7.cz\/api\/wp\/v2\/posts\/79692\/revisions"}],"predecessor-version":[{"id":79694,"href":"https:\/\/www.praha7.cz\/api\/wp\/v2\/posts\/79692\/revisions\/79694"}],"wp:featuredmedia":[{"embeddable":true,"href":"https:\/\/www.praha7.cz\/api\/wp\/v2\/media\/79693"}],"wp:attachment":[{"href":"https:\/\/www.praha7.cz\/api\/wp\/v2\/media?parent=79692"}],"wp:term":[{"taxonomy":"category","embeddable":true,"href":"https:\/\/www.praha7.cz\/api\/wp\/v2\/categories?post=79692"},{"taxonomy":"post_tag","embeddable":true,"href":"https:\/\/www.praha7.cz\/api\/wp\/v2\/tags?post=79692"}],"curies":[{"name":"wp","href":"https:\/\/api.w.org\/{rel}","templated":true}]}}