    
{"id":79523,"date":"2024-10-08T16:05:58","date_gmt":"2024-10-08T14:05:58","guid":{"rendered":"https:\/\/www.praha7.cz\/?p=79523"},"modified":"2024-10-15T12:29:53","modified_gmt":"2024-10-15T10:29:53","slug":"ockovani-proti-covidu-bez-objednani-na-poliklinice-prahy-7","status":"publish","type":"post","link":"https:\/\/www.praha7.cz\/ockovani-proti-covidu-bez-objednani-na-poliklinice-prahy-7\/","title":{"rendered":"O\u010dkov\u00e1n\u00ed proti covidu bez objedn\u00e1n\u00ed v&nbsp;Poliklinice Prahy&nbsp;7"},"content":{"rendered":"<p>[perex]<\/p>\r\n<p>Poliklinika Prahy&nbsp;7 op\u011bt nab\u00edz\u00ed o\u010dkov\u00e1n\u00ed proti covidu. O\u010dkov\u00e1n\u00ed je mo\u017en\u00e9 od 14.&nbsp;\u0159\u00edjna 2024 v\u017edy v&nbsp;pond\u011bl\u00ed od 14 do 17 hodin v&nbsp;ordinaci praktick\u00e9ho l\u00e9ka\u0159e, bez objedn\u00e1n\u00ed.<\/p>\r\n<p>V\u00edce najdete <a href=\"https:\/\/www.poliklinikaprahy7.eu\/2703-2\/\" target=\"_blank\" rel=\"noopener\">zde<\/a>.<\/p>\r\n<p>[\/perex]<\/p>","protected":false},"excerpt":{"rendered":"[perex] Poliklinika Prahy&nbsp;7 op\u011bt nab\u00edz\u00ed o\u010dkov\u00e1n\u00ed proti covidu. O\u010dkov\u00e1n\u00ed je mo\u017en\u00e9 od 14.&nbsp;\u0159\u00edjna 2024 v\u017edy v&nbsp;pond\u011bl\u00ed od 14 do 17 hodin v&nbsp;ordinaci praktick\u00e9ho l\u00e9ka\u0159e, bez objedn\u00e1n\u00ed. V\u00edce najdete zde. [\/perex]","protected":false},"author":251,"featured_media":79524,"comment_status":"closed","ping_status":"open","sticky":false,"template":"","format":"standard","meta":[],"categories":[34],"tags":[129],"_links":{"self":[{"href":"https:\/\/www.praha7.cz\/api\/wp\/v2\/posts\/79523"}],"collection":[{"href":"https:\/\/www.praha7.cz\/api\/wp\/v2\/posts"}],"about":[{"href":"https:\/\/www.praha7.cz\/api\/wp\/v2\/types\/post"}],"author":[{"embeddable":true,"href":"https:\/\/www.praha7.cz\/api\/wp\/v2\/users\/251"}],"replies":[{"embeddable":true,"href":"https:\/\/www.praha7.cz\/api\/wp\/v2\/comments?post=79523"}],"version-history":[{"count":2,"href":"https:\/\/www.praha7.cz\/api\/wp\/v2\/posts\/79523\/revisions"}],"predecessor-version":[{"id":79526,"href":"https:\/\/www.praha7.cz\/api\/wp\/v2\/posts\/79523\/revisions\/79526"}],"wp:featuredmedia":[{"embeddable":true,"href":"https:\/\/www.praha7.cz\/api\/wp\/v2\/media\/79524"}],"wp:attachment":[{"href":"https:\/\/www.praha7.cz\/api\/wp\/v2\/media?parent=79523"}],"wp:term":[{"taxonomy":"category","embeddable":true,"href":"https:\/\/www.praha7.cz\/api\/wp\/v2\/categories?post=79523"},{"taxonomy":"post_tag","embeddable":true,"href":"https:\/\/www.praha7.cz\/api\/wp\/v2\/tags?post=79523"}],"curies":[{"name":"wp","href":"https:\/\/api.w.org\/{rel}","templated":true}]}}