    
{"id":79509,"date":"2024-10-08T12:00:35","date_gmt":"2024-10-08T10:00:35","guid":{"rendered":"https:\/\/www.praha7.cz\/?p=79509"},"modified":"2025-09-09T13:42:37","modified_gmt":"2025-09-09T11:42:37","slug":"na-radnici-vlaje-sokolska-vlajka","status":"publish","type":"post","link":"https:\/\/www.praha7.cz\/na-radnici-vlaje-sokolska-vlajka\/","title":{"rendered":"Na radnici vlaje sokolsk\u00e1 vlajka"},"content":{"rendered":"<p>[perex]<\/p>\r\n<p>Sedm\u00e1 m\u011bstsk\u00e1 \u010d\u00e1st se p\u0159ipojuje k&nbsp;Pam\u00e1tn\u00e9mu dni sokolstva, kter\u00fd si p\u0159ipom\u00edn\u00e1me 8.&nbsp;\u0159\u00edjna. Na radnici Prahy&nbsp;7 p\u0159i t\u00e9to p\u0159\u00edle\u017eitosti vlaje sokolsk\u00e1 vlajka jako symbol pam\u00e1tky na sokoly, kte\u0159\u00ed ob\u011btovali sv\u00e9 \u017eivoty v&nbsp;boji za svobodu. Vzpom\u00ednkov\u00e9ho setk\u00e1n\u00ed se z\u00fa\u010dastnili starosta Jan \u010ci\u017einsk\u00fd, m\u00edstostarostka Hana T\u0159e\u0161t\u00edkov\u00e1 a&nbsp;m\u00edstostarosta Kamil Vav\u0159inec Mare\u0161. \u010ceskou obec sokolskou reprezentovali \u0160t\u011bp\u00e1nka Vicen\u00edkov\u00e1, Roberto Mattiello a&nbsp;Ji\u0159\u00ed Bran\u00fd.<\/p>\r\n<p>[\/perex]<\/p>\r\n<p>Pam\u00e1tn\u00fd den sokolstva je poctou v\u0161em \u010dlen\u016fm a&nbsp;\u010dlenk\u00e1m Sokola, kte\u0159\u00ed b\u011bhem v\u00edce ne\u017e 160 let existence tohoto spolku ob\u011btovali sv\u00e9 \u017eivoty v&nbsp;boji za svobodu, demokracii a&nbsp;samostatnost. Od roku 2019 je Pam\u00e1tn\u00fd den sokolstva za\u0159azen do kalend\u00e1\u0159e v\u00fdznamn\u00fdch dn\u016f \u010cesk\u00e9 republiky.<\/p>\r\n\r\n<figure id=\"attachment_79511\" aria-describedby=\"caption-attachment-79511\" style=\"width: 640px\" class=\"wp-caption alignnone\"><img loading=\"lazy\" src=\"https:\/\/www.praha7.cz\/wp-content\/uploads\/2024\/10\/vlajka_2-1500x889.jpg\" alt=\"\" width=\"640\" height=\"379\" class=\"wp-image-79511 size-large\" srcset=\"https:\/\/www.praha7.cz\/wp-content\/uploads\/2024\/10\/vlajka_2-1500x889.jpg 1500w, https:\/\/www.praha7.cz\/wp-content\/uploads\/2024\/10\/vlajka_2-600x355.jpg 600w, https:\/\/www.praha7.cz\/wp-content\/uploads\/2024\/10\/vlajka_2-768x455.jpg 768w, https:\/\/www.praha7.cz\/wp-content\/uploads\/2024\/10\/vlajka_2-1536x910.jpg 1536w, https:\/\/www.praha7.cz\/wp-content\/uploads\/2024\/10\/vlajka_2-2048x1213.jpg 2048w\" sizes=\"(max-width: 640px) 100vw, 640px\" \/><figcaption id=\"caption-attachment-79511\" class=\"wp-caption-text\">Kamil Vav\u0159inec Mare\u0161, Hana T\u0159e\u0161t\u00edkov\u00e1, \u0160t\u011bp\u00e1nka Vicen\u00edkov\u00e1, Roberto Mattiello, Ji\u0159\u00ed Bran\u00fd, Jan \u010ci\u017einsk\u00fd<\/figcaption><\/figure>\r\n\r\n<p>Datum 8.&nbsp;\u0159\u00edjna bylo zvoleno jako p\u0159ipom\u00ednka tragick\u00fdch ud\u00e1lost\u00ed roku 1941. V&nbsp;noci ze 7.&nbsp;na 8.&nbsp;\u0159\u00edjna 1941 gestapo v&nbsp;r\u00e1mci Akce Sokol zatklo t\u00e9m\u011b\u0159 1&nbsp;500 sokolsk\u00fdch \u010dinovn\u00edk\u016f z&nbsp;\u00fast\u0159ed\u00ed, \u017eup i&nbsp;v\u011bt\u0161\u00edch jednot. Byli mu\u010deni, v\u011bzn\u011bni, deportov\u00e1ni do koncentra\u010dn\u00edch t\u00e1bor\u016f. Pln\u00fdch 93&nbsp;% z&nbsp;nich do konce v\u00e1lky zahynulo. Je\u0161t\u011b b\u011bhem t\u00e9to noci podepsal Reinhard Heydrich \u00fa\u0159edn\u00ed v\u00fdm\u011br o&nbsp;rozpu\u0161t\u011bn\u00ed \u010cesk\u00e9 obce sokolsk\u00e9, kterou nacist\u00e9 pova\u017eovali za nejnebezpe\u010dn\u011bj\u0161\u00ed dom\u00e1c\u00ed organizaci, jej\u00ed\u017e organiza\u010dn\u00ed apar\u00e1t slou\u017eil v&nbsp;masov\u00e9m m\u011b\u0159\u00edtku odbojov\u00e9mu hnut\u00ed.<\/p>\r\n<p>V\u00edce na str\u00e1nk\u00e1ch <a href=\"https:\/\/www.sokol.eu\/projekt\/pamatny-den-sokolstva-2\" target=\"_blank\" rel=\"noopener\">Sokola<\/a>.<\/p>\r\n<p><img loading=\"lazy\" src=\"https:\/\/www.praha7.cz\/wp-content\/uploads\/2024\/10\/sokol_vlajka_sta-1500x844.jpeg\" alt=\"\" width=\"640\" height=\"360\" class=\"alignnone size-large wp-image-79527\" srcset=\"https:\/\/www.praha7.cz\/wp-content\/uploads\/2024\/10\/sokol_vlajka_sta-1500x844.jpeg 1500w, https:\/\/www.praha7.cz\/wp-content\/uploads\/2024\/10\/sokol_vlajka_sta-600x338.jpeg 600w, https:\/\/www.praha7.cz\/wp-content\/uploads\/2024\/10\/sokol_vlajka_sta-768x432.jpeg 768w, https:\/\/www.praha7.cz\/wp-content\/uploads\/2024\/10\/sokol_vlajka_sta-1536x864.jpeg 1536w, https:\/\/www.praha7.cz\/wp-content\/uploads\/2024\/10\/sokol_vlajka_sta-2048x1152.jpeg 2048w\" sizes=\"(max-width: 640px) 100vw, 640px\" \/><\/p>\r\n<p>&nbsp;<\/p>","protected":false},"excerpt":{"rendered":"[perex] Sedm\u00e1 m\u011bstsk\u00e1 \u010d\u00e1st se p\u0159ipojuje k&nbsp;Pam\u00e1tn\u00e9mu dni sokolstva, kter\u00fd si p\u0159ipom\u00edn\u00e1me 8.&nbsp;\u0159\u00edjna. Na radnici Prahy&nbsp;7 p\u0159i t\u00e9to p\u0159\u00edle\u017eitosti vlaje sokolsk\u00e1 vlajka jako symbol pam\u00e1tky na sokoly, kte\u0159\u00ed ob\u011btovali sv\u00e9 \u017eivoty v&nbsp;boji za svobodu. Vzpom\u00ednkov\u00e9ho setk\u00e1n\u00ed se z\u00fa\u010dastnili starosta Jan \u010ci\u017einsk\u00fd, m\u00edstostarostka Hana T\u0159e\u0161t\u00edkov\u00e1 a&nbsp;m\u00edstostarosta Kamil Vav\u0159inec Mare\u0161. \u010ceskou obec sokolskou reprezentovali \u0160t\u011bp\u00e1nka Vicen\u00edkov\u00e1, Roberto [&hellip;]","protected":false},"author":251,"featured_media":79510,"comment_status":"closed","ping_status":"open","sticky":false,"template":"","format":"standard","meta":[],"categories":[34,74],"tags":[84],"_links":{"self":[{"href":"https:\/\/www.praha7.cz\/api\/wp\/v2\/posts\/79509"}],"collection":[{"href":"https:\/\/www.praha7.cz\/api\/wp\/v2\/posts"}],"about":[{"href":"https:\/\/www.praha7.cz\/api\/wp\/v2\/types\/post"}],"author":[{"embeddable":true,"href":"https:\/\/www.praha7.cz\/api\/wp\/v2\/users\/251"}],"replies":[{"embeddable":true,"href":"https:\/\/www.praha7.cz\/api\/wp\/v2\/comments?post=79509"}],"version-history":[{"count":3,"href":"https:\/\/www.praha7.cz\/api\/wp\/v2\/posts\/79509\/revisions"}],"predecessor-version":[{"id":86519,"href":"https:\/\/www.praha7.cz\/api\/wp\/v2\/posts\/79509\/revisions\/86519"}],"wp:featuredmedia":[{"embeddable":true,"href":"https:\/\/www.praha7.cz\/api\/wp\/v2\/media\/79510"}],"wp:attachment":[{"href":"https:\/\/www.praha7.cz\/api\/wp\/v2\/media?parent=79509"}],"wp:term":[{"taxonomy":"category","embeddable":true,"href":"https:\/\/www.praha7.cz\/api\/wp\/v2\/categories?post=79509"},{"taxonomy":"post_tag","embeddable":true,"href":"https:\/\/www.praha7.cz\/api\/wp\/v2\/tags?post=79509"}],"curies":[{"name":"wp","href":"https:\/\/api.w.org\/{rel}","templated":true}]}}