    
{"id":79494,"date":"2024-10-07T15:27:48","date_gmt":"2024-10-07T13:27:48","guid":{"rendered":"https:\/\/www.praha7.cz\/?p=79494"},"modified":"2024-10-07T15:27:48","modified_gmt":"2024-10-07T13:27:48","slug":"setkani-k-uzemni-studii-pelc-tyrolka","status":"publish","type":"post","link":"https:\/\/www.praha7.cz\/setkani-k-uzemni-studii-pelc-tyrolka\/","title":{"rendered":"Setk\u00e1n\u00ed k&nbsp;\u00fazemn\u00ed studii Pelc-Tyrolka"},"content":{"rendered":"<p>[perex]<\/p>\r\n<p>Zveme v\u00e1s na prvn\u00ed ve\u0159ejn\u00e9 pl\u00e1novac\u00ed setk\u00e1n\u00ed k&nbsp;\u00fazemn\u00ed studii Pelc-Tyrolka, kter\u00e9 obsahuje takt\u00e9\u017e podn\u011bty k&nbsp;n\u00e1vrhu nov\u00e9ho kampusu Univerzity Karlovy. Setk\u00e1n\u00ed se uskute\u010dn\u00ed ve \u010dtvrtek 10.&nbsp;\u0159\u00edjna 2024 od 17.30, aula Fakulty humanitn\u00edch studi\u00ed UK \u2013 P\u00e1tkova 5, Praha 8.<\/p>\r\n<p>[\/perex]<\/p>\r\n<p>Na \u00fazem\u00ed pra\u017esk\u00e9 Pelc\u2013Tyrolky \u010dekaj\u00ed obyvatele m\u011bsta v&nbsp;bl\u00edzk\u00e9 i&nbsp;vzd\u00e1len\u011bj\u0161\u00ed budoucnosti v\u00fdznamn\u00e9 zm\u011bny. Tzv. velk\u00e9 rozvojov\u00e9 \u00fazem\u00ed je dlouhodob\u011b definov\u00e1no a&nbsp;rezervov\u00e1no pro funkci univerzitn\u00edho kampusu. Jeho nov\u00e1 podoba bude v&nbsp;n\u00e1sleduj\u00edc\u00edch m\u011bs\u00edc\u00edch roku 2024 navr\u017eena participativn\u00edm zp\u016fsobem s&nbsp;ve\u0159ejnost\u00ed a&nbsp;akademickou obc\u00ed. Spole\u010dn\u011b s&nbsp;prostorami vymezen\u00fdmi nejen pro univerzitn\u00ed funkce budou diskutov\u00e1na tak\u00e9 dal\u0161\u00ed prostranstv\u00ed pra\u017esk\u00e9 Hercovky, B\u00edl\u00e9 sk\u00e1ly, Jablo\u0148ky, Kuchy\u0148ky a&nbsp;p\u0159edpol\u00ed Trojsk\u00e9ho mostu. Zpracovatelem \u00fazemn\u00ed studie je architektonick\u00fd ateli\u00e9r UNIT architekti. Spole\u010dn\u011b s&nbsp;nimi zasedneme ke kulat\u00fdm stol\u016fm a&nbsp;na podklad\u011b anal\u00fdzy dotazn\u00edku z&nbsp;jara 2024 prodiskutujeme mo\u017enosti budouc\u00edho rozvoje oblasti. V\u00fdsledky dotazn\u00edku, podrobnosti pl\u00e1novac\u00edho setk\u00e1n\u00ed a&nbsp;dal\u0161\u00ed informace naleznete <a href=\"https:\/\/praha.eu\/web\/upn\/w\/uzemni-studie-velkeho-rozvojoveho-uzemi-pelc-tyrolka\" target=\"_blank\" rel=\"noopener\">zde<\/a>.<\/p>\r\n<p>&nbsp;<\/p>\r\n<p><em>za organiz\u00e1tory<\/em><\/p>\r\n<p>Marek Pech\u00e1\u010dek \u2013 Odbor \u00fazemn\u00edho rozvoje MHMP<\/p>\r\n<p>Luk\u00e1\u0161 Hanus \u2013 koordin\u00e1tor participace (<a href=\"mailto:lukas.hanus@hanuska.net\">lukas.hanus@hanuska.net<\/a>)<\/p>\r\n<p>&nbsp;<\/p>","protected":false},"excerpt":{"rendered":"[perex] Zveme v\u00e1s na prvn\u00ed ve\u0159ejn\u00e9 pl\u00e1novac\u00ed setk\u00e1n\u00ed k&nbsp;\u00fazemn\u00ed studii Pelc-Tyrolka, kter\u00e9 obsahuje takt\u00e9\u017e podn\u011bty k&nbsp;n\u00e1vrhu nov\u00e9ho kampusu Univerzity Karlovy. Setk\u00e1n\u00ed se uskute\u010dn\u00ed ve \u010dtvrtek 10.&nbsp;\u0159\u00edjna 2024 od 17.30, aula Fakulty humanitn\u00edch studi\u00ed UK \u2013 P\u00e1tkova 5, Praha 8. [\/perex] Na \u00fazem\u00ed pra\u017esk\u00e9 Pelc\u2013Tyrolky \u010dekaj\u00ed obyvatele m\u011bsta v&nbsp;bl\u00edzk\u00e9 i&nbsp;vzd\u00e1len\u011bj\u0161\u00ed budoucnosti v\u00fdznamn\u00e9 zm\u011bny. Tzv. velk\u00e9 rozvojov\u00e9 [&hellip;]","protected":false},"author":251,"featured_media":79495,"comment_status":"closed","ping_status":"open","sticky":false,"template":"","format":"standard","meta":[],"categories":[34],"tags":[119],"_links":{"self":[{"href":"https:\/\/www.praha7.cz\/api\/wp\/v2\/posts\/79494"}],"collection":[{"href":"https:\/\/www.praha7.cz\/api\/wp\/v2\/posts"}],"about":[{"href":"https:\/\/www.praha7.cz\/api\/wp\/v2\/types\/post"}],"author":[{"embeddable":true,"href":"https:\/\/www.praha7.cz\/api\/wp\/v2\/users\/251"}],"replies":[{"embeddable":true,"href":"https:\/\/www.praha7.cz\/api\/wp\/v2\/comments?post=79494"}],"version-history":[{"count":1,"href":"https:\/\/www.praha7.cz\/api\/wp\/v2\/posts\/79494\/revisions"}],"predecessor-version":[{"id":79496,"href":"https:\/\/www.praha7.cz\/api\/wp\/v2\/posts\/79494\/revisions\/79496"}],"wp:featuredmedia":[{"embeddable":true,"href":"https:\/\/www.praha7.cz\/api\/wp\/v2\/media\/79495"}],"wp:attachment":[{"href":"https:\/\/www.praha7.cz\/api\/wp\/v2\/media?parent=79494"}],"wp:term":[{"taxonomy":"category","embeddable":true,"href":"https:\/\/www.praha7.cz\/api\/wp\/v2\/categories?post=79494"},{"taxonomy":"post_tag","embeddable":true,"href":"https:\/\/www.praha7.cz\/api\/wp\/v2\/tags?post=79494"}],"curies":[{"name":"wp","href":"https:\/\/api.w.org\/{rel}","templated":true}]}}