    
{"id":79387,"date":"2024-09-30T14:16:40","date_gmt":"2024-09-30T12:16:40","guid":{"rendered":"https:\/\/www.praha7.cz\/?p=79387"},"modified":"2024-10-02T12:12:55","modified_gmt":"2024-10-02T10:12:55","slug":"tri-sireny-orchestru-berg-na-strese-radnice","status":"publish","type":"post","link":"https:\/\/www.praha7.cz\/tri-sireny-orchestru-berg-na-strese-radnice\/","title":{"rendered":"T\u0159i Sir\u00e9ny Orchestru Berg na st\u0159e\u0161e radnice"},"content":{"rendered":"<p>[perex]<\/p>\r\n<p>Ka\u017edou prvn\u00ed st\u0159edu v&nbsp;m\u011bs\u00edci se v&nbsp;poledne nad na\u0161imi hlavami rozezn\u00ed sir\u00e9ny. Tento zvukov\u00fd fenom\u00e9n, kter\u00fd je vlastn\u011b pouh\u00fdm testov\u00e1n\u00edm funk\u010dnosti syst\u00e9mu, m\u00e1 sv\u00e9 v\u011brn\u00e9 poslucha\u010de. Dal tak\u00e9 impulz ke vzniku s\u00e9rie mikrokoncert\u016f Hudba k&nbsp;sir\u00e9n\u011b, je\u017e se sna\u017e\u00ed upozor\u0148ovat na kr\u00e1su zd\u00e1nliv\u011b v\u0161edn\u00edch zvuk\u016f, kter\u00e9 n\u00e1s obklopuj\u00ed a&nbsp;kter\u00e9 u\u017e \u010dasto ani nevn\u00edm\u00e1me. Zveme v\u00e1s tedy ve st\u0159edu 2.&nbsp;\u0159\u00edjna 2024 v&nbsp;11.45 na st\u0159echu na\u0161\u00ed radnice (U&nbsp;Pr\u016fhonu 38) na kr\u00e1tk\u00fd koncert T\u0159i Sir\u00e9ny v&nbsp;proveden\u00ed Orchestru Berg. Akce je zdarma.\u00a0<\/p>\r\n<p>[\/perex]<\/p>\r\n<p>Orchestr Berg v&nbsp;souvislosti se svou dvac\u00e1tou sezonou oslovil dvac\u00edtku \u010desk\u00fdch skladatel\u016f a&nbsp;objednal u&nbsp;nich kr\u00e1tk\u00e9 kompozice, v&nbsp;nich\u017e v\u017edy jako jeden z&nbsp;hudebn\u00edch n\u00e1stroj\u016f zn\u00ed \u017eiv\u011b i&nbsp;sir\u00e9na z&nbsp;okol\u00ed. Ka\u017ed\u00fd z&nbsp;autor\u016f se \u00fakolu chopil s&nbsp;nad\u0161en\u00edm a&nbsp;po sv\u00e9m. Premi\u00e9rov\u00e1 uveden\u00ed poledn\u00edch novinek v&nbsp;letech 2019 a\u017e 2021 vys\u00edlal v&nbsp;p\u0159\u00edm\u00e9m p\u0159enosu \u010cesk\u00fd rozhlas a&nbsp;v&nbsp;roce 2021 z\u00edskal tento mimo\u0159\u00e1dn\u00fd po\u010din pro \u010ceskou republiku po v\u00edc ne\u017e p\u016fl stolet\u00ed presti\u017en\u00ed rozhlasovou a&nbsp;televizn\u00ed cenu Prix Italia.<\/p>\r\n<h3>Kouzlo st\u0159echy<\/h3>\r\n<p>Pro poslech sir\u00e9n jsou p\u0159irozen\u011b nejlep\u0161\u00ed st\u0159echy vy\u0161\u0161\u00edch budov a&nbsp;jednou takovou disponuje i&nbsp;radnice Sedmi\u010dky. Tam p\u0159istane origin\u00e1ln\u00ed zvukov\u00e1 performance T\u0159i Sir\u00e9ny od \u0161pi\u010dkov\u00e9 \u010desk\u00e9 skladatelky a&nbsp;v\u00edt\u011bzky skladatelsk\u00e9 sout\u011b\u017ee \u010cesk\u00e9 filharmonie Jany V\u00f6r\u00f6\u0161ov\u00e9, kter\u00e1 s&nbsp;Orchestrem Berg spolupracuje u\u017e od roku 2003. \u201eZvukomalba, lad\u011bn\u00ed r\u00e1diov\u00fdch vln, ale i&nbsp;p\u0159edstava hudby b\u00e1jn\u00fdch Sir\u00e9n, mo\u0159e a&nbsp;nekone\u010dn\u00e9ho prostoru,\u201c to v\u0161e se podle autorky v&nbsp;kompozici objevuje. A&nbsp;objev\u00ed se tu i&nbsp;ona v&nbsp;roli jedn\u00e9 z&nbsp;interpretek kr\u00e1tk\u00e9ho poledn\u00edho koncertu, v&nbsp;jeho\u017e z\u00e1v\u011bru se ke t\u0159em \u017eiv\u00fdm Sir\u00e9n\u00e1m p\u0159id\u00e1 tak\u00e9 cel\u00fd sbor sir\u00e9n z&nbsp;bl\u00edzk\u00fdch i&nbsp;vzd\u00e1len\u011bj\u0161\u00edch pra\u017esk\u00fdch st\u0159ech.\u00a0<\/p>","protected":false},"excerpt":{"rendered":"[perex] Ka\u017edou prvn\u00ed st\u0159edu v&nbsp;m\u011bs\u00edci se v&nbsp;poledne nad na\u0161imi hlavami rozezn\u00ed sir\u00e9ny. Tento zvukov\u00fd fenom\u00e9n, kter\u00fd je vlastn\u011b pouh\u00fdm testov\u00e1n\u00edm funk\u010dnosti syst\u00e9mu, m\u00e1 sv\u00e9 v\u011brn\u00e9 poslucha\u010de. Dal tak\u00e9 impulz ke vzniku s\u00e9rie mikrokoncert\u016f Hudba k&nbsp;sir\u00e9n\u011b, je\u017e se sna\u017e\u00ed upozor\u0148ovat na kr\u00e1su zd\u00e1nliv\u011b v\u0161edn\u00edch zvuk\u016f, kter\u00e9 n\u00e1s obklopuj\u00ed a&nbsp;kter\u00e9 u\u017e \u010dasto ani nevn\u00edm\u00e1me. Zveme v\u00e1s tedy [&hellip;]","protected":false},"author":251,"featured_media":79393,"comment_status":"closed","ping_status":"open","sticky":false,"template":"","format":"standard","meta":[],"categories":[34],"tags":[106,84],"_links":{"self":[{"href":"https:\/\/www.praha7.cz\/api\/wp\/v2\/posts\/79387"}],"collection":[{"href":"https:\/\/www.praha7.cz\/api\/wp\/v2\/posts"}],"about":[{"href":"https:\/\/www.praha7.cz\/api\/wp\/v2\/types\/post"}],"author":[{"embeddable":true,"href":"https:\/\/www.praha7.cz\/api\/wp\/v2\/users\/251"}],"replies":[{"embeddable":true,"href":"https:\/\/www.praha7.cz\/api\/wp\/v2\/comments?post=79387"}],"version-history":[{"count":3,"href":"https:\/\/www.praha7.cz\/api\/wp\/v2\/posts\/79387\/revisions"}],"predecessor-version":[{"id":79395,"href":"https:\/\/www.praha7.cz\/api\/wp\/v2\/posts\/79387\/revisions\/79395"}],"wp:featuredmedia":[{"embeddable":true,"href":"https:\/\/www.praha7.cz\/api\/wp\/v2\/media\/79393"}],"wp:attachment":[{"href":"https:\/\/www.praha7.cz\/api\/wp\/v2\/media?parent=79387"}],"wp:term":[{"taxonomy":"category","embeddable":true,"href":"https:\/\/www.praha7.cz\/api\/wp\/v2\/categories?post=79387"},{"taxonomy":"post_tag","embeddable":true,"href":"https:\/\/www.praha7.cz\/api\/wp\/v2\/tags?post=79387"}],"curies":[{"name":"wp","href":"https:\/\/api.w.org\/{rel}","templated":true}]}}