    
{"id":79342,"date":"2024-09-27T12:49:29","date_gmt":"2024-09-27T10:49:29","guid":{"rendered":"https:\/\/www.praha7.cz\/?p=79342"},"modified":"2024-09-27T12:51:41","modified_gmt":"2024-09-27T10:51:41","slug":"pet-novych-kamenu-zmizelych-na-letne","status":"publish","type":"post","link":"https:\/\/www.praha7.cz\/pet-novych-kamenu-zmizelych-na-letne\/","title":{"rendered":"P\u011bt nov\u00fdch kamen\u016f zmizel\u00fdch na Letn\u00e9"},"content":{"rendered":"<p>[perex]<\/p>\r\n<p>Chodn\u00edky na Letn\u00e9 doplnilo ve \u010dtvrtek 26.&nbsp;z\u00e1\u0159\u00ed 2024 p\u011bt nov\u00fdch stolperstein\u016f, kamen\u016f zmizel\u00fdch, kter\u00e9 upom\u00ednaj\u00ed kolemjdouc\u00ed na tragick\u00e9 osudy lid\u00ed perzekvovan\u00fdch nacistick\u00fdm re\u017eimem. P\u0159ed domem v&nbsp;ulici Dobrovsk\u00e9ho 375\/15 si p\u0159ipom\u00edn\u00e1me \u010dty\u0159i \u010dleny rodiny Osersov\u00fdch, v&nbsp;ulici \u0160meralova 170\/31 Lubo\u0161e St\u00e1rka.\u00a0<\/p>\r\n<p>[\/perex]<\/p>\r\n<p><strong>Rudolf Osers<\/strong> se narodil v&nbsp;roce 1896, v&nbsp;roce 1942 byl deportov\u00e1n do Terez\u00edna, o&nbsp;rok pozd\u011bji do Osv\u011btimi. Zavra\u017ed\u011bn byl v&nbsp;roce 1945 p\u0159i pochodu smrti. Jeho \u017eena <strong>Maria Osers<\/strong>, rozen\u00e1 Neumann, byla v&nbsp;roce 1942 deportov\u00e1na do Terez\u00edna, o&nbsp;rok pozd\u011bji do Osv\u011btimi. P\u0159e\u017eila, stejn\u011b jako jej\u00ed dcera <strong>Sonja<\/strong>, narozena 1925. \u00a0Syn man\u017eel\u016f Osersov\u00fdch <strong>Harry<\/strong>, narozen roku 1929, byl do Terez\u00edna deportov\u00e1n tak\u00e9 v&nbsp;roce 1942, rok nato do Osv\u011btimi. V&nbsp;Osv\u011btimi byl \u010dlenem skupiny tzv. Birkenau Boys. Byl osvobozen. Sonja se sv\u00fdm man\u017eelem emigrovali v\u00a0roce 1948 do Venezuely, o&nbsp;rok pozd\u011bji je n\u00e1sledovala Maria s\u00a0Harrym. Harry zem\u0159el v\u00a0roce 2013.<\/p>\r\n<p>Polo\u017een\u00ed kamen\u016f iniciovala vnou\u010data Harryho Oserse.<\/p>\r\n<p><img loading=\"lazy\" src=\"https:\/\/www.praha7.cz\/wp-content\/uploads\/2024\/09\/stolperstein-Dobrovskeho_rodina-1500x844.jpg\" alt=\"\" width=\"640\" height=\"360\" class=\"alignnone size-large wp-image-79349\" srcset=\"https:\/\/www.praha7.cz\/wp-content\/uploads\/2024\/09\/stolperstein-Dobrovskeho_rodina-1500x844.jpg 1500w, https:\/\/www.praha7.cz\/wp-content\/uploads\/2024\/09\/stolperstein-Dobrovskeho_rodina-600x338.jpg 600w, https:\/\/www.praha7.cz\/wp-content\/uploads\/2024\/09\/stolperstein-Dobrovskeho_rodina-768x432.jpg 768w, https:\/\/www.praha7.cz\/wp-content\/uploads\/2024\/09\/stolperstein-Dobrovskeho_rodina-1536x864.jpg 1536w, https:\/\/www.praha7.cz\/wp-content\/uploads\/2024\/09\/stolperstein-Dobrovskeho_rodina-2048x1152.jpg 2048w\" sizes=\"(max-width: 640px) 100vw, 640px\" \/><\/p>\r\n<p>&nbsp;<\/p>\r\n<p><strong>Lubo\u0161 St\u00e1rek<\/strong> se narodil v&nbsp;roce 1921. V&nbsp;roce 1944 byl tot\u00e1ln\u011b nasazen v&nbsp;n\u011bmeck\u00e9m Z\u00f6schenu, o&nbsp;rok pozd\u011bji, 16.&nbsp;dubna 1945, byl zavra\u017ed\u011bn v&nbsp;Mauthausenu. K\u00e1men polo\u017eila jeho nete\u0159 spolu s&nbsp;p\u0159\u00edbuzn\u00fdmi.<\/p>\r\n<p><img loading=\"lazy\" src=\"https:\/\/www.praha7.cz\/wp-content\/uploads\/2024\/09\/stolperstein-Smeralova-1500x844.jpg\" alt=\"\" width=\"640\" height=\"360\" class=\"alignnone size-large wp-image-79350\" srcset=\"https:\/\/www.praha7.cz\/wp-content\/uploads\/2024\/09\/stolperstein-Smeralova-1500x844.jpg 1500w, https:\/\/www.praha7.cz\/wp-content\/uploads\/2024\/09\/stolperstein-Smeralova-600x338.jpg 600w, https:\/\/www.praha7.cz\/wp-content\/uploads\/2024\/09\/stolperstein-Smeralova-768x432.jpg 768w, https:\/\/www.praha7.cz\/wp-content\/uploads\/2024\/09\/stolperstein-Smeralova-1536x864.jpg 1536w, https:\/\/www.praha7.cz\/wp-content\/uploads\/2024\/09\/stolperstein-Smeralova-2048x1152.jpg 2048w\" sizes=\"(max-width: 640px) 100vw, 640px\" \/><\/p>\r\n<p><img loading=\"lazy\" src=\"https:\/\/www.praha7.cz\/wp-content\/uploads\/2024\/09\/stolperstein-Smeralova_rodina-1385x1000.jpg\" alt=\"\" width=\"640\" height=\"462\" class=\"alignnone size-large wp-image-79351\" srcset=\"https:\/\/www.praha7.cz\/wp-content\/uploads\/2024\/09\/stolperstein-Smeralova_rodina-1385x1000.jpg 1385w, https:\/\/www.praha7.cz\/wp-content\/uploads\/2024\/09\/stolperstein-Smeralova_rodina-554x400.jpg 554w, https:\/\/www.praha7.cz\/wp-content\/uploads\/2024\/09\/stolperstein-Smeralova_rodina-768x555.jpg 768w, https:\/\/www.praha7.cz\/wp-content\/uploads\/2024\/09\/stolperstein-Smeralova_rodina-1536x1109.jpg 1536w, https:\/\/www.praha7.cz\/wp-content\/uploads\/2024\/09\/stolperstein-Smeralova_rodina-2048x1479.jpg 2048w\" sizes=\"(max-width: 640px) 100vw, 640px\" \/><\/p>\r\n<hr \/>\r\n<p><strong>V\u00edce o&nbsp;stolpersteinech se do\u010dtete <a href=\"https:\/\/stolpersteinecz.cz\/\" target=\"_blank\" rel=\"noopener\">zde<\/a>.<\/strong><\/p>","protected":false},"excerpt":{"rendered":"[perex] Chodn\u00edky na Letn\u00e9 doplnilo ve \u010dtvrtek 26.&nbsp;z\u00e1\u0159\u00ed 2024 p\u011bt nov\u00fdch stolperstein\u016f, kamen\u016f zmizel\u00fdch, kter\u00e9 upom\u00ednaj\u00ed kolemjdouc\u00ed na tragick\u00e9 osudy lid\u00ed perzekvovan\u00fdch nacistick\u00fdm re\u017eimem. P\u0159ed domem v&nbsp;ulici Dobrovsk\u00e9ho 375\/15 si p\u0159ipom\u00edn\u00e1me \u010dty\u0159i \u010dleny rodiny Osersov\u00fdch, v&nbsp;ulici \u0160meralova 170\/31 Lubo\u0161e St\u00e1rka.\u00a0 [\/perex] Rudolf Osers se narodil v&nbsp;roce 1896, v&nbsp;roce 1942 byl deportov\u00e1n do Terez\u00edna, o&nbsp;rok pozd\u011bji [&hellip;]","protected":false},"author":251,"featured_media":79348,"comment_status":"closed","ping_status":"open","sticky":false,"template":"","format":"standard","meta":[],"categories":[34],"tags":[106,110],"_links":{"self":[{"href":"https:\/\/www.praha7.cz\/api\/wp\/v2\/posts\/79342"}],"collection":[{"href":"https:\/\/www.praha7.cz\/api\/wp\/v2\/posts"}],"about":[{"href":"https:\/\/www.praha7.cz\/api\/wp\/v2\/types\/post"}],"author":[{"embeddable":true,"href":"https:\/\/www.praha7.cz\/api\/wp\/v2\/users\/251"}],"replies":[{"embeddable":true,"href":"https:\/\/www.praha7.cz\/api\/wp\/v2\/comments?post=79342"}],"version-history":[{"count":4,"href":"https:\/\/www.praha7.cz\/api\/wp\/v2\/posts\/79342\/revisions"}],"predecessor-version":[{"id":79359,"href":"https:\/\/www.praha7.cz\/api\/wp\/v2\/posts\/79342\/revisions\/79359"}],"wp:featuredmedia":[{"embeddable":true,"href":"https:\/\/www.praha7.cz\/api\/wp\/v2\/media\/79348"}],"wp:attachment":[{"href":"https:\/\/www.praha7.cz\/api\/wp\/v2\/media?parent=79342"}],"wp:term":[{"taxonomy":"category","embeddable":true,"href":"https:\/\/www.praha7.cz\/api\/wp\/v2\/categories?post=79342"},{"taxonomy":"post_tag","embeddable":true,"href":"https:\/\/www.praha7.cz\/api\/wp\/v2\/tags?post=79342"}],"curies":[{"name":"wp","href":"https:\/\/api.w.org\/{rel}","templated":true}]}}