    
{"id":79335,"date":"2024-09-27T10:24:38","date_gmt":"2024-09-27T08:24:38","guid":{"rendered":"https:\/\/www.praha7.cz\/?p=79335"},"modified":"2024-09-27T10:24:38","modified_gmt":"2024-09-27T08:24:38","slug":"koncert-ke-zkousce-siren-hudba-k-nememu-filmu-i-prochazky","status":"publish","type":"post","link":"https:\/\/www.praha7.cz\/koncert-ke-zkousce-siren-hudba-k-nememu-filmu-i-prochazky\/","title":{"rendered":"Koncert ke zkou\u0161ce sir\u00e9n, hudba k\u00a0n\u011bm\u00e9mu filmu i\u00a0proch\u00e1zky"},"content":{"rendered":"<p>[perex]<\/p>\r\n<p>S <a href=\"http:\/\/www.berg.cz\">Orchestrem Berg<\/a> se na Sedmi\u010dce setk\u00e1v\u00e1me docela \u010dasto. Krom\u011b st\u00e1l\u00e9 rezidence v&nbsp;Centru sou\u010dasn\u00e9ho um\u011bn\u00ed DOX vystupuje na mnoha dal\u0161\u00edch m\u00edstech, letos v&nbsp;\u0159\u00edjnu to bude dokonce dvakr\u00e1t. Hned 2.&nbsp;\u0159\u00edjna, tedy prvn\u00ed st\u0159edu v&nbsp;m\u011bs\u00edci, se na st\u0159e\u0161e na\u0161\u00ed radnice uskute\u010dn\u00ed mikrokoncert ke zkou\u0161ce sir\u00e9n. P\u0159ed n\u00edm se m\u016f\u017eete z\u00fa\u010dastnit zvukov\u00e9 proch\u00e1zky a\u00a0po n\u011bm prohl\u00eddky radnice. Brzy nato, v\u00a0pond\u011bl\u00ed 7.&nbsp;\u0159\u00edjna, zahraje toto t\u011bleso \u017eiv\u011b ve Studiu Hrdin\u016f k\u00a0rakousk\u00e9mu filmu M\u011bsto bez \u017did\u016f, od jeho\u017e premi\u00e9ry letos uplyne sto let. P\u0159edch\u00e1zet tomuto vystoupen\u00ed bude doprovodn\u00e1 akce spojen\u00e1 s\u00a0proch\u00e1zkou po okol\u00ed.<\/p>\r\n<p>[\/perex]<\/p>\r\n<p><br \/>\r\n<strong>Kr\u00e1sa v\u0161edn\u00edch zvuk\u016f<br \/>\r\n<\/strong>Ka\u017edou prvn\u00ed st\u0159edu v\u00a0m\u011bs\u00edci se v\u00a0poledne nad na\u0161imi hlavami rozezn\u00ed sir\u00e9ny. Tento zvukov\u00fd fenom\u00e9n, kter\u00fd je vlastn\u011b pouh\u00fdm testov\u00e1n\u00edm funk\u010dnosti syst\u00e9mu, m\u00e1 sv\u00e9 v\u011brn\u00e9 poslucha\u010de. Dal tak\u00e9 impulz ke vzniku s\u00e9rie mikrokoncert\u016f Hudba k\u00a0sir\u00e9n\u011b, je\u017e se sna\u017e\u00ed upozor\u0148ovat na kr\u00e1su zd\u00e1nliv\u011b v\u0161edn\u00edch zvuk\u016f, kter\u00e9 n\u00e1s obklopuj\u00ed a\u00a0kter\u00e9 u\u017e \u010dasto ani nevn\u00edm\u00e1me. Orchestr Berg v\u00a0souvislosti se svou dvac\u00e1tou sezonou oslovil dvac\u00edtku \u010desk\u00fdch skladatel\u016f a\u00a0objednal u\u00a0nich kr\u00e1tk\u00e9 kompozice, v\u00a0nich\u017e v\u017edy jako jeden z\u00a0hudebn\u00edch n\u00e1stroj\u016f zn\u00ed \u017eiv\u011b i\u00a0sir\u00e9na z\u00a0okol\u00ed. Ka\u017ed\u00fd z\u00a0autor\u016f se \u00fakolu chopil s\u00a0nad\u0161en\u00edm a\u00a0po sv\u00e9m. Premi\u00e9rov\u00e1 uveden\u00ed poledn\u00edch novinek v\u00a0letech 2019 a\u017e 2021 vys\u00edlal v\u00a0p\u0159\u00edm\u00e9m p\u0159enosu \u010cesk\u00fd rozhlas a\u00a0v\u00a0roce 2021 z\u00edskal tento mimo\u0159\u00e1dn\u00fd po\u010din pro \u010ceskou republiku po v\u00edc ne\u017e p\u016fl stolet\u00ed presti\u017en\u00ed rozhlasovou a\u00a0televizn\u00ed cenu Prix Italia.<\/p>\r\n<p><strong>Kouzlo st\u0159echy<\/strong><br \/>\r\nPro poslech sir\u00e9n jsou p\u0159irozen\u011b nejlep\u0161\u00ed st\u0159echy vy\u0161\u0161\u00edch budov a\u00a0jednou takovou disponuje i\u00a0radnice Sedmi\u010dky. Tam p\u0159istane origin\u00e1ln\u00ed zvukov\u00e1 performance T\u0159i sir\u00e9ny od \u0161pi\u010dkov\u00e9 \u010desk\u00e9 skladatelky a\u00a0v\u00edt\u011bzky skladatelsk\u00e9 sout\u011b\u017ee \u010cesk\u00e9 filharmonie Jany V\u00f6r\u00f6\u0161ov\u00e9, kter\u00e1 s\u00a0Orchestrem Berg spolupracuje u\u017e od roku 2003. \u201eZvukomalba, lad\u011bn\u00ed r\u00e1diov\u00fdch vln, ale i\u00a0p\u0159edstava hudby b\u00e1jn\u00fdch Sir\u00e9n, mo\u0159e a\u00a0nekone\u010dn\u00e9ho prostoru\u201c, to v\u0161e se podle autorky v\u00a0kompozici objevuje. A\u00a0objev\u00ed se tu i\u00a0ona v\u00a0roli jedn\u00e9 z\u00a0interpretek kr\u00e1tk\u00e9ho poledn\u00edho koncertu, v\u00a0jeho\u017e z\u00e1v\u011bru se ke t\u0159em \u017eiv\u00fdm Sir\u00e9n\u00e1m p\u0159id\u00e1 tak\u00e9 cel\u00fd sbor sir\u00e9n z\u00a0bl\u00edzk\u00fdch i\u00a0vzd\u00e1len\u011bj\u0161\u00edch pra\u017esk\u00fdch st\u0159ech. Voln\u011b p\u0159\u00edstupn\u00e9 akci, kter\u00e1 m\u016f\u017ee b\u00fdt skv\u011bl\u00fdm osv\u011b\u017een\u00edm uprost\u0159ed v\u0161edn\u00edho dne, p\u0159edch\u00e1z\u00ed zvukov\u00e1 proch\u00e1zka.<\/p>\r\n<p><strong>Film s&nbsp;\u017eivou hudbou i&nbsp;proch\u00e1zka po historick\u00fdch m\u00edstech<br \/>\r\n<\/strong>P\u00e1tr\u00e1n\u00ed po nov\u00fdch zp\u016fsobech setk\u00e1v\u00e1n\u00ed sou\u010dasn\u00e9 hudby se sou\u010dasn\u00fdm poslucha\u010dem je pro Orchestr Berg typick\u00e9 a\u00a0d\u016fkazem je i\u00a0druh\u00e1 \u0159\u00edjnov\u00e1 akce. V\u00a0podzem\u00ed Veletr\u017en\u00edho pal\u00e1ce v\u00a0b\u00fdval\u00e9m kin\u011b Veletrhy uvede v\u00fdjime\u010dn\u00fd n\u011bm\u00fd film M\u011bsto bez \u017did\u016f (1924), od jeho\u017e premi\u00e9ry v\u00a0\u0159\u00edjnu uplyne sto let. Mimo\u0159\u00e1dnou projekci doprovod\u00ed toto t\u011bleso origin\u00e1ln\u00ed \u017eivou hudbou \u010desk\u00e9ho skladatele Petra Wajsara, kter\u00fd rovn\u011b\u017e s\u00a0orchestrem vystoup\u00ed jako klav\u00edrista a\u00a0DJ s\u00a0\u017eivou elektronikou. V\u00a0\u0159\u00edjnu si p\u0159ipom\u00edn\u00e1me tak\u00e9 smutn\u00e9 v\u00fdro\u010d\u00ed prvn\u00edch transport\u016f do koncentra\u010dn\u00edch t\u00e1bor\u016f v\u00a0roce 1941, se kter\u00fdmi je spjata i\u00a0historie Hole\u0161ovic. Koncertu proto p\u0159edch\u00e1z\u00ed doprovodn\u00e1 akce, jej\u00ed\u017e sou\u010d\u00e1st\u00ed je i\u00a0proch\u00e1zka po okol\u00ed Veletr\u017en\u00edho pal\u00e1ce.<\/p>\r\n<p><strong>Utopie, nebo p\u0159edtucha?<\/strong><br \/>\r\nVra\u0165me se ale je\u0161t\u011b k&nbsp;filmu. Jeho p\u0159edlohou byl stejnojmenn\u00fd humoristick\u00fd rom\u00e1n spisovatele a&nbsp;novin\u00e1\u0159e Hugo Bettauera (je i&nbsp;autorem kni\u017en\u00ed p\u0159edlohy filmu Uli\u010dka, kde nen\u00ed radosti, v&nbsp;n\u011bm\u017e zaz\u00e1\u0159ila Greta Garbo). Bettauer byl volnomy\u0161lenk\u00e1\u0159 a&nbsp;pravideln\u011b se st\u00e1val ter\u010dem ur\u00e1\u017eek a&nbsp;\u00fatok\u016f konzervativn\u00ed spole\u010dnosti \u2013 vedle novin\u00e1\u0159sk\u00e9 dr\u00e1hy a&nbsp;psan\u00ed rom\u00e1n\u016f zalo\u017eil \u010dasopis On a&nbsp;ona. T\u00fdden\u00edk \u017eivotn\u00edho stylu a&nbsp;erotiky se zasazoval o&nbsp;pr\u00e1vo \u017een na potrat, o&nbsp;pr\u00e1va homosexu\u00e1l\u016f i&nbsp;o&nbsp;modern\u00ed rozvodov\u00e9 pr\u00e1vo. K&nbsp;rom\u00e1nu M\u011bsto bez \u017did\u016f ho v&nbsp;roce 1922 inspiroval n\u00e1pis \u201ePry\u010d se \u017didy!\u201c na zdi jednoho v\u00edde\u0148sk\u00e9ho z\u00e1chodku. Pohr\u00e1v\u00e1 si s&nbsp;utopickou my\u0161lenkou, co by se asi d\u011blo, kdyby \u017did\u00e9 skute\u010dn\u011b vzali vol\u00e1n\u00ed po vlastn\u00edm odchodu v\u00e1\u017en\u011b. V\u00fdsledkem je satirick\u00fd d\u011bj, kter\u00fd se v\u011brn\u011b zrcadl\u00ed i&nbsp;ve filmu. D\u00e1 se vzhledem k&nbsp;n\u00e1sledn\u00fdm ud\u00e1lostem, kter\u00e9 vy\u00fastily v&nbsp;proti\u017eidovsk\u00e9 rasov\u00e9 z\u00e1kony a&nbsp;politiku kone\u010dn\u00e9ho \u0159e\u0161en\u00ed, mluvit o&nbsp;pouh\u00e9 n\u00e1hod\u011b? T\u011b\u017eko \u0159\u00edct\u2026 Bettauer nejsp\u00ed\u0161 citliv\u011b vn\u00edmal n\u00e1ladu ve spole\u010dnosti. Rom\u00e1n M\u011bsto bez \u017did\u016f kon\u010d\u00ed happy endem, jeho autor ale takov\u00e9 \u0161t\u011bst\u00ed nem\u011bl. Zem\u0159el ve v\u011bku 52 let po st\u0159eleck\u00e9m \u00fatoku fanatick\u00e9ho \u010dlena rakousk\u00e9 n\u00e1rodn\u011b socialistick\u00e9 strany pouh\u00fdch p\u00e1r m\u011bs\u00edc\u016f po premi\u00e9\u0159e filmu.<\/p>\r\n<p>&nbsp;<\/p>\r\n<p><span style=\"color: #0000ff;\"><strong>HUDBA K\u00a0SIR\u00c9N\u011a \u2013 T\u0158I SIR\u00c9NY<\/strong><\/span><\/p>\r\n<p><strong>st\u0159eda 2.&nbsp;\u0159\u00edjna 2024<\/strong><br \/>\r\n<strong>11.45 st\u0159echa radnice Prahy&nbsp;7\u00a0<\/strong>(U\u00a0Pr\u016fhonu 38)<br \/>\r\nhudba Jana V\u00f6r\u00f6\u0161ov\u00e1<\/p>\r\n<hr \/>\r\n<p><strong>10.45<\/strong>\u00a0zvukov\u00e1 proch\u00e1zka (rezervace m\u00edst na Goout.cz)<\/p>\r\n<p><strong>12.15<\/strong>\u00a0prohl\u00eddka budovy radnice<\/p>\r\n<p>&nbsp;<\/p>\r\n<p><span style=\"color: #0000ff;\"><strong>M\u011aSTO BEZ \u017dID\u016e \u2013 100 LET OD PREMI\u00c9RY<\/strong><\/span><\/p>\r\n<p><strong>pond\u011bl\u00ed 7.&nbsp;\u0159\u00edjna 2024<\/strong><br \/>\r\n<strong>19.30 Studio Hrdin\u016f<\/strong>\u00a0(Dukelsk\u00fdch hrdin\u016f 47)<\/p>\r\n<hr \/>\r\n<p><strong>18.15<\/strong>\u00a0doprovodn\u00e1 akce s\u00a0proch\u00e1zkou po okol\u00ed\u00a0s\u00a0historikem Martinem \u0160mokem (vstup voln\u00fd, pouze ke vstupence na koncert, za\u010d\u00e1tek ve Studiu Hrdin\u016f). Koncert se kon\u00e1 ve spolupr\u00e1ci s\u00a0\u017didovsk\u00fdm muzeem v\u00a0Praze.<\/p>\r\n<p>\u2192\u00a0<a href=\"http:\/\/www.berg.cz\">www.berg.cz<\/a><\/p>","protected":false},"excerpt":{"rendered":"[perex] S&nbsp;Orchestrem Berg se na Sedmi\u010dce setk\u00e1v\u00e1me docela \u010dasto. Krom\u011b st\u00e1l\u00e9 rezidence v&nbsp;Centru sou\u010dasn\u00e9ho um\u011bn\u00ed DOX vystupuje na mnoha dal\u0161\u00edch m\u00edstech, letos v&nbsp;\u0159\u00edjnu to bude dokonce dvakr\u00e1t. Hned 2.&nbsp;\u0159\u00edjna, tedy prvn\u00ed st\u0159edu v&nbsp;m\u011bs\u00edci, se na st\u0159e\u0161e na\u0161\u00ed radnice uskute\u010dn\u00ed mikrokoncert ke zkou\u0161ce sir\u00e9n. P\u0159ed n\u00edm se m\u016f\u017eete z\u00fa\u010dastnit zvukov\u00e9 proch\u00e1zky a\u00a0po n\u011bm prohl\u00eddky radnice. [&hellip;]","protected":false},"author":76,"featured_media":79336,"comment_status":"closed","ping_status":"open","sticky":false,"template":"","format":"standard","meta":[],"categories":[37],"tags":[],"_links":{"self":[{"href":"https:\/\/www.praha7.cz\/api\/wp\/v2\/posts\/79335"}],"collection":[{"href":"https:\/\/www.praha7.cz\/api\/wp\/v2\/posts"}],"about":[{"href":"https:\/\/www.praha7.cz\/api\/wp\/v2\/types\/post"}],"author":[{"embeddable":true,"href":"https:\/\/www.praha7.cz\/api\/wp\/v2\/users\/76"}],"replies":[{"embeddable":true,"href":"https:\/\/www.praha7.cz\/api\/wp\/v2\/comments?post=79335"}],"version-history":[{"count":1,"href":"https:\/\/www.praha7.cz\/api\/wp\/v2\/posts\/79335\/revisions"}],"predecessor-version":[{"id":79337,"href":"https:\/\/www.praha7.cz\/api\/wp\/v2\/posts\/79335\/revisions\/79337"}],"wp:featuredmedia":[{"embeddable":true,"href":"https:\/\/www.praha7.cz\/api\/wp\/v2\/media\/79336"}],"wp:attachment":[{"href":"https:\/\/www.praha7.cz\/api\/wp\/v2\/media?parent=79335"}],"wp:term":[{"taxonomy":"category","embeddable":true,"href":"https:\/\/www.praha7.cz\/api\/wp\/v2\/categories?post=79335"},{"taxonomy":"post_tag","embeddable":true,"href":"https:\/\/www.praha7.cz\/api\/wp\/v2\/tags?post=79335"}],"curies":[{"name":"wp","href":"https:\/\/api.w.org\/{rel}","templated":true}]}}