    
{"id":79263,"date":"2024-09-25T14:08:47","date_gmt":"2024-09-25T12:08:47","guid":{"rendered":"https:\/\/www.praha7.cz\/?p=79263"},"modified":"2024-10-04T15:59:43","modified_gmt":"2024-10-04T13:59:43","slug":"zmeny-ve-vedeni-tramvajovych-linek-od-28-9","status":"publish","type":"post","link":"https:\/\/www.praha7.cz\/zmeny-ve-vedeni-tramvajovych-linek-od-28-9\/","title":{"rendered":"Zm\u011bny ve veden\u00ed tramvajov\u00fdch linek od 28.&nbsp;9."},"content":{"rendered":"<p>[perex]<\/p>\r\n<p>Od soboty 28.&nbsp;z\u00e1\u0159\u00ed 2024 se vrac\u00ed tramvaje na V\u00e1clavsk\u00e9 n\u00e1m\u011bst\u00ed, s&nbsp;\u010d\u00edm\u017e souvis\u00ed zm\u011bny ve veden\u00ed tramvajov\u00fdch linek. Na na\u0161em \u00fazem\u00ed se zm\u011bny t\u00fdkaj\u00ed linek 6, 14 a&nbsp;linky 34, kter\u00e1 zanikne.\u00a0<\/p>\r\n<p><a href=\"https:\/\/www.praha7.cz\/doprava-zari\/\">Dal\u0161\u00ed informace o&nbsp;aktu\u00e1ln\u00edch dopravn\u00edch opat\u0159en\u00edch najdete zde.<\/a><br \/>\r\n[\/perex]<\/p>\r\n<p>Linky 3, 5, 6, 9, 14 a&nbsp;24 za\u010dnou op\u011bt jezdit Jind\u0159i\u0161skou a&nbsp;Vodi\u010dkovou ulic\u00ed, stejn\u011b tak no\u010dn\u00ed linky 91, 92, 94, 95, 96 a&nbsp;98. <strong>Linky 6 a&nbsp;14<\/strong> budou i&nbsp;nad\u00e1le ovlivn\u011bny pokra\u010duj\u00edc\u00ed v\u00fdlukou u&nbsp;V\u00fdstavi\u0161t\u011b a&nbsp;uzav\u0159en\u00edm Libe\u0148sk\u00e9ho mostu. Tyto dv\u011b linky sou\u010dasn\u011b nahrad\u00ed v\u00fdlukovou <strong>linku 34<\/strong>, kter\u00e1 zanikne.<\/p>\r\n<p><strong>Linka 6<\/strong> pojede po sv\u00e9 p\u016fvodn\u00ed trase z&nbsp;Kub\u00e1nsk\u00e9ho n\u00e1m\u011bst\u00ed p\u0159es Otakarovu, I. P. Pavlova, V\u00e1clavsk\u00e9 n\u00e1m\u011bst\u00ed a&nbsp;N\u00e1m\u011bst\u00ed Republiky na Strossmayerovo n\u00e1m\u011bst\u00ed, odkud bude pokra\u010dovat p\u0159es Vltavskou a&nbsp;D\u011blnickou na Libe\u0148sk\u00fd most, kde bude ukon\u010dena.<\/p>\r\n<p><strong>Linka 14<\/strong> pojede ze Spo\u0159ilova p\u0159es N\u00e1m\u011bst\u00ed Brat\u0159\u00ed Synk\u016f, Albertov, V\u00e1clavsk\u00e9 n\u00e1m\u011bst\u00ed a&nbsp;B\u00edlou labu\u0165 na Vltavskou (na p\u0159edmost\u00ed), kde odbo\u010d\u00ed vlevo a&nbsp;bude pokra\u010dovat p\u0159es Strossmayerovo a&nbsp;Letensk\u00e9 n\u00e1m\u011bst\u00ed do smy\u010dky \u0160pejchar.<\/p>\r\n\r\n<figure id=\"attachment_79267\" aria-describedby=\"caption-attachment-79267\" style=\"width: 640px\" class=\"wp-caption alignnone\"><a href=\"https:\/\/www.praha7.cz\/wp-content\/uploads\/2024\/09\/Schema_od_28-9-2024.png\"><img loading=\"lazy\" src=\"https:\/\/www.praha7.cz\/wp-content\/uploads\/2024\/09\/Schema_od_28-9-2024-1333x1000.png\" alt=\"\" width=\"640\" height=\"480\" class=\"wp-image-79267 size-large\" srcset=\"https:\/\/www.praha7.cz\/wp-content\/uploads\/2024\/09\/Schema_od_28-9-2024-1333x1000.png 1333w, https:\/\/www.praha7.cz\/wp-content\/uploads\/2024\/09\/Schema_od_28-9-2024-533x400.png 533w, https:\/\/www.praha7.cz\/wp-content\/uploads\/2024\/09\/Schema_od_28-9-2024-768x576.png 768w, https:\/\/www.praha7.cz\/wp-content\/uploads\/2024\/09\/Schema_od_28-9-2024-1536x1152.png 1536w\" sizes=\"(max-width: 640px) 100vw, 640px\" \/><\/a><figcaption id=\"caption-attachment-79267\" class=\"wp-caption-text\">Sch\u00e9ma provozu od 28.&nbsp;9. (od 4.30)<\/figcaption><\/figure>\r\n\r\n<hr \/>\r\n<p>Podrobn\u00e9 informace najdete na <a href=\"https:\/\/www.dpp.cz\/omezeni-a-mimoradne-udalosti\/detail\/24020\" target=\"_blank\" rel=\"noopener\">str\u00e1nk\u00e1ch DPP<\/a>.<\/p>\r\n<p>&nbsp;<\/p>\r\n<p>&nbsp;<\/p>","protected":false},"excerpt":{"rendered":"[perex] Od soboty 28.&nbsp;z\u00e1\u0159\u00ed 2024 se vrac\u00ed tramvaje na V\u00e1clavsk\u00e9 n\u00e1m\u011bst\u00ed, s&nbsp;\u010d\u00edm\u017e souvis\u00ed zm\u011bny ve veden\u00ed tramvajov\u00fdch linek. Na na\u0161em \u00fazem\u00ed se zm\u011bny t\u00fdkaj\u00ed linek 6, 14 a&nbsp;linky 34, kter\u00e1 zanikne.\u00a0 Dal\u0161\u00ed informace o&nbsp;aktu\u00e1ln\u00edch dopravn\u00edch opat\u0159en\u00edch najdete zde. [\/perex] Linky 3, 5, 6, 9, 14 a&nbsp;24 za\u010dnou op\u011bt jezdit Jind\u0159i\u0161skou a&nbsp;Vodi\u010dkovou ulic\u00ed, stejn\u011b tak no\u010dn\u00ed [&hellip;]","protected":false},"author":251,"featured_media":79264,"comment_status":"closed","ping_status":"open","sticky":false,"template":"","format":"standard","meta":[],"categories":[36],"tags":[57],"_links":{"self":[{"href":"https:\/\/www.praha7.cz\/api\/wp\/v2\/posts\/79263"}],"collection":[{"href":"https:\/\/www.praha7.cz\/api\/wp\/v2\/posts"}],"about":[{"href":"https:\/\/www.praha7.cz\/api\/wp\/v2\/types\/post"}],"author":[{"embeddable":true,"href":"https:\/\/www.praha7.cz\/api\/wp\/v2\/users\/251"}],"replies":[{"embeddable":true,"href":"https:\/\/www.praha7.cz\/api\/wp\/v2\/comments?post=79263"}],"version-history":[{"count":6,"href":"https:\/\/www.praha7.cz\/api\/wp\/v2\/posts\/79263\/revisions"}],"predecessor-version":[{"id":79410,"href":"https:\/\/www.praha7.cz\/api\/wp\/v2\/posts\/79263\/revisions\/79410"}],"wp:featuredmedia":[{"embeddable":true,"href":"https:\/\/www.praha7.cz\/api\/wp\/v2\/media\/79264"}],"wp:attachment":[{"href":"https:\/\/www.praha7.cz\/api\/wp\/v2\/media?parent=79263"}],"wp:term":[{"taxonomy":"category","embeddable":true,"href":"https:\/\/www.praha7.cz\/api\/wp\/v2\/categories?post=79263"},{"taxonomy":"post_tag","embeddable":true,"href":"https:\/\/www.praha7.cz\/api\/wp\/v2\/tags?post=79263"}],"curies":[{"name":"wp","href":"https:\/\/api.w.org\/{rel}","templated":true}]}}