    
{"id":79251,"date":"2024-09-25T11:16:49","date_gmt":"2024-09-25T09:16:49","guid":{"rendered":"https:\/\/www.praha7.cz\/?p=79251"},"modified":"2025-11-26T10:42:30","modified_gmt":"2025-11-26T09:42:30","slug":"bio-oko-se-pristi-rok-docka-citlive-rekonstrukce","status":"publish","type":"post","link":"https:\/\/www.praha7.cz\/bio-oko-se-pristi-rok-docka-citlive-rekonstrukce\/","title":{"rendered":"Bio Oko se p\u0159\u00ed\u0161t\u00ed rok do\u010dk\u00e1 citliv\u00e9 rekonstrukce"},"content":{"rendered":"<p>[perex]<\/p>\r\n<p>Obl\u00edben\u00e9 komunitn\u00ed kino na Letn\u00e9 \u010dekaj\u00ed v&nbsp;roce 2025 \u00fapravy s\u00e1lu, p\u0159eds\u00e1l\u00ed, prom\u00edtac\u00ed kabiny i&nbsp;toalet. C\u00edlem rekonstrukce je p\u0159ibl\u00ed\u017eit kino sou\u010dasn\u00fdm standard\u016fm komfortu a&nbsp;kvality projekce a&nbsp;z\u00e1rove\u0148 zachovat \u010di je\u0161t\u011b umocnit jeho jedine\u010dnou atmosf\u00e9ru.\u00a0<\/p>\r\n<p><strong>Aktu\u00e1ln\u00ed informace k&nbsp;rekonstrukci kina najdete <a href=\"https:\/\/www.praha7.cz\/bio-oko-ceka-od-1-cervence-rekonstrukce-salu\/\" rel=\"noopener\">ZDE<\/a>.<\/strong><\/p>\r\n<p>[\/perex]<\/p>\r\n<p><em>\u201eBio Oko neodmysliteln\u011b pat\u0159\u00ed ke st\u00e1lic\u00edm mezi kulturn\u00edmi sc\u00e9nami Prahy&nbsp;7. Za jeho v\u00edce ne\u017e osmdes\u00e1tiletou historii pro\u0161lo mnoha zm\u011bnami, ale v\u017edy si zachovalo sv\u00e9ho neopakovateln\u00e9ho ducha, d\u00edky kter\u00e9mu i&nbsp;dnes dok\u00e1\u017ee obst\u00e1t v\u00a0konkurenci modern\u00edch multiplex\u016f. Renovovan\u00e9, ale st\u00e1le to star\u00e9 dobr\u00e9 Bio Oko bude opo\u017ed\u011bn\u00fdm d\u00e1rkem k\u00a0leto\u0161n\u00edm 140.&nbsp;narozenin\u00e1m Prahy&nbsp;7,\u201c <\/em>uvedl <strong><em>starosta sedm\u00e9 m\u011bstsk\u00e9 \u010d\u00e1sti Jan \u010ci\u017einsk\u00fd<\/em><\/strong>. <em>\u00a0\u00a0\u00a0<\/em><\/p>\r\n<p><em>\u201eKa\u017ed\u00fd, kdo n\u011bkdy zav\u00edtal do Bia Oko, v\u00ed, \u017ee je jin\u00e9 ne\u017e ostatn\u00ed pra\u017esk\u00e1 kina. Nen\u00ed to neosobn\u00ed fabrika na prom\u00edt\u00e1n\u00ed film\u016f, ale sp\u00ed\u0161e komunitn\u00ed prostor, kter\u00fd \u017eije cel\u00fd den. Od dopoledn\u00edch poh\u00e1dek pro nejmen\u0161\u00ed p\u0159es filmy pro star\u0161\u00ed generaci, tematicky propojen\u00e1 p\u00e1sma, \u017eiv\u00e9 p\u0159enosy, projekce s\u00a0besedami a&nbsp;workshopy a\u017e po ve\u010dern\u00ed prom\u00edt\u00e1n\u00ed premi\u00e9rov\u00fdch titul\u016f a&nbsp;posezen\u00ed v\u00a0kav\u00e1rn\u011b po filmu. V\u011b\u0159\u00edme, \u017ee p\u0159ipravovan\u00e1 rekonstrukce p\u0159isp\u011bje k\u00a0co nejp\u0159\u00edjemn\u011bj\u0161\u00edm z\u00e1\u017eitk\u016fm pro v\u0161echny n\u00e1v\u0161t\u011bvn\u00edky,\u201c <\/em>\u0159ekla <strong><em>Hana T\u0159e\u0161t\u00edkov\u00e1, m\u00edstostarostka Prahy&nbsp;7<\/em><\/strong> pro kulturu, sport a&nbsp;sousedsk\u00e9 vztahy.<\/p>\r\n<p>Historie funkcionalistick\u00e9 budovy architekt\u016f Josefa \u0160olce a&nbsp;Jaroslava Stockar-Bernkopfa sah\u00e1 do roku 1940. Pl\u00e1novan\u00e9 \u00fapravy jednos\u00e1lov\u00e9ho kina s&nbsp;balkonem vych\u00e1z\u00ed pr\u00e1v\u011b z&nbsp;t\u00e9to doby. Z\u016fstane zachovan\u00fd nezam\u011bniteln\u00fd genius loci, ale z\u00e1rove\u0148 vznikne modern\u00ed kino v&nbsp;nest\u00e1rnouc\u00edm prvorepublikov\u00e9m designu.<\/p>\r\n\r\n<figure id=\"attachment_79252\" aria-describedby=\"caption-attachment-79252\" style=\"width: 640px\" class=\"wp-caption alignnone\"><img loading=\"lazy\" src=\"https:\/\/www.praha7.cz\/wp-content\/uploads\/2024\/09\/Bio-Oko-na-historickem-snimku-1378x1000.jpg\" alt=\"\" width=\"640\" height=\"464\" class=\"wp-image-79252 size-large\" srcset=\"https:\/\/www.praha7.cz\/wp-content\/uploads\/2024\/09\/Bio-Oko-na-historickem-snimku-1378x1000.jpg 1378w, https:\/\/www.praha7.cz\/wp-content\/uploads\/2024\/09\/Bio-Oko-na-historickem-snimku-551x400.jpg 551w, https:\/\/www.praha7.cz\/wp-content\/uploads\/2024\/09\/Bio-Oko-na-historickem-snimku-768x557.jpg 768w, https:\/\/www.praha7.cz\/wp-content\/uploads\/2024\/09\/Bio-Oko-na-historickem-snimku-1536x1115.jpg 1536w, https:\/\/www.praha7.cz\/wp-content\/uploads\/2024\/09\/Bio-Oko-na-historickem-snimku-2048x1486.jpg 2048w\" sizes=\"(max-width: 640px) 100vw, 640px\" \/><figcaption id=\"caption-attachment-79252\" class=\"wp-caption-text\">Bio Oko na historick\u00e9m sn\u00edmku<\/figcaption><\/figure>\r\n\r\n<p>V\u00a0r\u00e1mci rekonstrukce Bio Oko z\u00edsk\u00e1 pohodln\u00e9 seda\u010dky, kvalitn\u00ed ozvu\u010den\u00ed, akustick\u00e9 prvky, sc\u00e9nick\u00e9 osv\u011btlen\u00ed, nov\u00e9 projek\u010dn\u00ed pl\u00e1tno a&nbsp;oponu, modernizovan\u00e9 osv\u011btlen\u00ed p\u0159eds\u00e1l\u00ed, novou bezbari\u00e9rovou plo\u0161inu, renovovan\u00e9 doln\u00ed foyer a&nbsp;toalety.<\/p>\r\n<p>Autory projektu \u00faprav jsou architekti z&nbsp;ARW pb, s. r. o.<\/p>\r\n\r\n<figure id=\"attachment_79255\" aria-describedby=\"caption-attachment-79255\" style=\"width: 640px\" class=\"wp-caption alignnone\"><img loading=\"lazy\" src=\"https:\/\/www.praha7.cz\/wp-content\/uploads\/2024\/09\/Vizual-zrekonstruovaneho-salu-navrat-k-puvodni-podobe-kopie-1000x1000.jpg\" alt=\"\" width=\"640\" height=\"640\" class=\"wp-image-79255 size-large\" srcset=\"https:\/\/www.praha7.cz\/wp-content\/uploads\/2024\/09\/Vizual-zrekonstruovaneho-salu-navrat-k-puvodni-podobe-kopie-1000x1000.jpg 1000w, https:\/\/www.praha7.cz\/wp-content\/uploads\/2024\/09\/Vizual-zrekonstruovaneho-salu-navrat-k-puvodni-podobe-kopie-400x400.jpg 400w, https:\/\/www.praha7.cz\/wp-content\/uploads\/2024\/09\/Vizual-zrekonstruovaneho-salu-navrat-k-puvodni-podobe-kopie-200x200.jpg 200w, https:\/\/www.praha7.cz\/wp-content\/uploads\/2024\/09\/Vizual-zrekonstruovaneho-salu-navrat-k-puvodni-podobe-kopie-768x768.jpg 768w, https:\/\/www.praha7.cz\/wp-content\/uploads\/2024\/09\/Vizual-zrekonstruovaneho-salu-navrat-k-puvodni-podobe-kopie-1536x1536.jpg 1536w, https:\/\/www.praha7.cz\/wp-content\/uploads\/2024\/09\/Vizual-zrekonstruovaneho-salu-navrat-k-puvodni-podobe-kopie-2048x2048.jpg 2048w\" sizes=\"(max-width: 640px) 100vw, 640px\" \/><figcaption id=\"caption-attachment-79255\" class=\"wp-caption-text\">Vizualizace zrekonstruovan\u00e9ho s\u00e1lu<\/figcaption><\/figure>\r\n\r\n<p>&nbsp;<\/p>\r\n<p><em>\u201eLetos v&nbsp;z\u00e1\u0159\u00ed slav\u00edme 15 let na\u0161eho p\u016fsoben\u00ed v&nbsp;Biu Oko jako provozovatel\u00e9. Rekonstrukce s\u00e1lu a&nbsp;p\u0159eds\u00e1l\u00ed tedy bude i&nbsp;pro n\u00e1s a&nbsp;hlavn\u011b pro na\u0161e div\u00e1ky a&nbsp;diva\u010dky hezk\u00fd d\u00e1rek k&nbsp;tomuto v\u00fdro\u010d\u00ed. Po znovuotev\u0159en\u00ed se budeme i&nbsp;nad\u00e1le sna\u017eit v\u0161em dop\u0159\u00e1t ty nejlep\u0161\u00ed z\u00e1\u017eitky z&nbsp;na\u0161eho kina, \u010demu\u017e pr\u00e1v\u011b rekonstrukce v\u00fdrazn\u011b p\u0159isp\u011bje,\u201c<\/em> \u0159\u00edk\u00e1 <strong><em>\u0159editel Bia Oko<\/em><\/strong> <strong><em>Prokop Jen\u00ed\u010dek <\/em><\/strong>a dod\u00e1v\u00e1, \u017ee a\u010dkoli prom\u00edtac\u00ed s\u00e1l bude muset b\u00fdt b\u011bhem rekonstrukce uzav\u0159en, kav\u00e1rna, kter\u00e1 ke kinu neodmysliteln\u011b pat\u0159\u00ed, z\u016fstane po celou dobu v&nbsp;provozu.\u00a0<\/p>\r\n<p>&nbsp;<\/p>\r\n<p>&nbsp;<\/p>","protected":false},"excerpt":{"rendered":"[perex] Obl\u00edben\u00e9 komunitn\u00ed kino na Letn\u00e9 \u010dekaj\u00ed v&nbsp;roce 2025 \u00fapravy s\u00e1lu, p\u0159eds\u00e1l\u00ed, prom\u00edtac\u00ed kabiny i&nbsp;toalet. C\u00edlem rekonstrukce je p\u0159ibl\u00ed\u017eit kino sou\u010dasn\u00fdm standard\u016fm komfortu a&nbsp;kvality projekce a&nbsp;z\u00e1rove\u0148 zachovat \u010di je\u0161t\u011b umocnit jeho jedine\u010dnou atmosf\u00e9ru.\u00a0 Aktu\u00e1ln\u00ed informace k&nbsp;rekonstrukci kina najdete ZDE. [\/perex] \u201eBio Oko neodmysliteln\u011b pat\u0159\u00ed ke st\u00e1lic\u00edm mezi kulturn\u00edmi sc\u00e9nami Prahy&nbsp;7. Za jeho v\u00edce ne\u017e osmdes\u00e1tiletou [&hellip;]","protected":false},"author":251,"featured_media":79253,"comment_status":"closed","ping_status":"open","sticky":false,"template":"","format":"standard","meta":[],"categories":[36,74],"tags":[119,106,110],"_links":{"self":[{"href":"https:\/\/www.praha7.cz\/api\/wp\/v2\/posts\/79251"}],"collection":[{"href":"https:\/\/www.praha7.cz\/api\/wp\/v2\/posts"}],"about":[{"href":"https:\/\/www.praha7.cz\/api\/wp\/v2\/types\/post"}],"author":[{"embeddable":true,"href":"https:\/\/www.praha7.cz\/api\/wp\/v2\/users\/251"}],"replies":[{"embeddable":true,"href":"https:\/\/www.praha7.cz\/api\/wp\/v2\/comments?post=79251"}],"version-history":[{"count":6,"href":"https:\/\/www.praha7.cz\/api\/wp\/v2\/posts\/79251\/revisions"}],"predecessor-version":[{"id":85267,"href":"https:\/\/www.praha7.cz\/api\/wp\/v2\/posts\/79251\/revisions\/85267"}],"wp:featuredmedia":[{"embeddable":true,"href":"https:\/\/www.praha7.cz\/api\/wp\/v2\/media\/79253"}],"wp:attachment":[{"href":"https:\/\/www.praha7.cz\/api\/wp\/v2\/media?parent=79251"}],"wp:term":[{"taxonomy":"category","embeddable":true,"href":"https:\/\/www.praha7.cz\/api\/wp\/v2\/categories?post=79251"},{"taxonomy":"post_tag","embeddable":true,"href":"https:\/\/www.praha7.cz\/api\/wp\/v2\/tags?post=79251"}],"curies":[{"name":"wp","href":"https:\/\/api.w.org\/{rel}","templated":true}]}}