    
{"id":79206,"date":"2024-09-24T12:05:10","date_gmt":"2024-09-24T10:05:10","guid":{"rendered":"https:\/\/www.praha7.cz\/?p=79206"},"modified":"2024-09-30T14:22:51","modified_gmt":"2024-09-30T12:22:51","slug":"zemrel-mudr-jan-zamecnik","status":"publish","type":"post","link":"https:\/\/www.praha7.cz\/zemrel-mudr-jan-zamecnik\/","title":{"rendered":"Zem\u0159el MUDr. Jan Z\u00e1me\u010dn\u00edk"},"content":{"rendered":"<p>[perex]<\/p>\r\n<p>S l\u00edtost\u00ed oznamujeme, \u017ee n\u00e1s ve v\u011bku 75 let dne 22.&nbsp;z\u00e1\u0159\u00ed 2024 opustil MUDr. Jan Z\u00e1me\u010dn\u00edk. Na Poliklinice Prahy&nbsp;7 p\u016fsobil jako praktick\u00fd l\u00e9ka\u0159 43 let.<\/p>\r\n<p>M\u010c Praha&nbsp;7 d\u011bkuje panu doktoru Z\u00e1me\u010dn\u00edkovi za dlouh\u00e1 l\u00e9ta jeho slu\u017eby ob\u010dan\u016fm a&nbsp;vyjad\u0159uje svou nejhlub\u0161\u00ed soustrast v\u0161em poz\u016fstal\u00fdm.<\/p>\r\n<p>[\/perex]<\/p>","protected":false},"excerpt":{"rendered":"[perex] S&nbsp;l\u00edtost\u00ed oznamujeme, \u017ee n\u00e1s ve v\u011bku 75 let dne 22.&nbsp;z\u00e1\u0159\u00ed 2024 opustil MUDr. Jan Z\u00e1me\u010dn\u00edk. Na Poliklinice Prahy&nbsp;7 p\u016fsobil jako praktick\u00fd l\u00e9ka\u0159 43 let. M\u010c Praha&nbsp;7 d\u011bkuje panu doktoru Z\u00e1me\u010dn\u00edkovi za dlouh\u00e1 l\u00e9ta jeho slu\u017eby ob\u010dan\u016fm a&nbsp;vyjad\u0159uje svou nejhlub\u0161\u00ed soustrast v\u0161em poz\u016fstal\u00fdm. [\/perex]","protected":false},"author":5,"featured_media":79207,"comment_status":"closed","ping_status":"open","sticky":false,"template":"","format":"standard","meta":[],"categories":[34],"tags":[],"_links":{"self":[{"href":"https:\/\/www.praha7.cz\/api\/wp\/v2\/posts\/79206"}],"collection":[{"href":"https:\/\/www.praha7.cz\/api\/wp\/v2\/posts"}],"about":[{"href":"https:\/\/www.praha7.cz\/api\/wp\/v2\/types\/post"}],"author":[{"embeddable":true,"href":"https:\/\/www.praha7.cz\/api\/wp\/v2\/users\/5"}],"replies":[{"embeddable":true,"href":"https:\/\/www.praha7.cz\/api\/wp\/v2\/comments?post=79206"}],"version-history":[{"count":3,"href":"https:\/\/www.praha7.cz\/api\/wp\/v2\/posts\/79206\/revisions"}],"predecessor-version":[{"id":79390,"href":"https:\/\/www.praha7.cz\/api\/wp\/v2\/posts\/79206\/revisions\/79390"}],"wp:featuredmedia":[{"embeddable":true,"href":"https:\/\/www.praha7.cz\/api\/wp\/v2\/media\/79207"}],"wp:attachment":[{"href":"https:\/\/www.praha7.cz\/api\/wp\/v2\/media?parent=79206"}],"wp:term":[{"taxonomy":"category","embeddable":true,"href":"https:\/\/www.praha7.cz\/api\/wp\/v2\/categories?post=79206"},{"taxonomy":"post_tag","embeddable":true,"href":"https:\/\/www.praha7.cz\/api\/wp\/v2\/tags?post=79206"}],"curies":[{"name":"wp","href":"https:\/\/api.w.org\/{rel}","templated":true}]}}