    
{"id":79196,"date":"2024-09-24T11:31:52","date_gmt":"2024-09-24T09:31:52","guid":{"rendered":"https:\/\/www.praha7.cz\/?p=79196"},"modified":"2024-09-24T11:33:56","modified_gmt":"2024-09-24T09:33:56","slug":"vltavska-filharmonie-ma-architektonickou-studii","status":"publish","type":"post","link":"https:\/\/www.praha7.cz\/vltavska-filharmonie-ma-architektonickou-studii\/","title":{"rendered":"Vltavsk\u00e1 filharmonie m\u00e1 architektonickou studii"},"content":{"rendered":"<p>[perex]<\/p>\r\n<p>Po dvou letech od vyhl\u00e1\u0161en\u00ed v\u00fdsledk\u016f mezin\u00e1rodn\u00ed architektonick\u00e9 sout\u011b\u017ee, v&nbsp;n\u00ed\u017e zv\u00edt\u011bzilo d\u00e1nsk\u00e9 architektonick\u00e9 studio Bjarke Ingels Group (BIG), je hotov\u00e1 podrobn\u00e1 architektonick\u00e1 studie Vltavsk\u00e9 filharmonie. Jej\u00ed projektov\u00fd t\u00fdm v&nbsp;\u010dervenci 2024 zah\u00e1jil stavebn\u00ed schvalovac\u00ed proces pod\u00e1n\u00edm \u017e\u00e1dosti o&nbsp;posouzen\u00ed vlivu stavby na \u017eivotn\u00ed prost\u0159ed\u00ed (EIA), kter\u00e1 se nyn\u00ed projedn\u00e1v\u00e1. Dal\u0161\u00edm krokem, na n\u011bm\u017e projektov\u00fd t\u00fdm pracuje, je p\u0159\u00edprava dokumentace pro povolen\u00ed, aby bylo mo\u017en\u00e9 dodr\u017eet harmonogram s&nbsp;p\u0159edpokl\u00e1dan\u00fdm zah\u00e1jen\u00edm stavby v&nbsp;roce 2027.<\/p>\r\n<p>[\/perex]<\/p>\r\n<p>Po dvou letech byly tak\u00e9 aktualizov\u00e1ny stavebn\u00ed n\u00e1klady projektu, kter\u00e9 Komise hl. m. Prahy pro v\u00fdstavbu Vltavsk\u00e9 filharmonie odsouhlasila na sv\u00e9m zased\u00e1n\u00ed 11.&nbsp;z\u00e1\u0159\u00ed 2024 a&nbsp;Rada hl. m. Prahy je v&nbsp;pond\u011bl\u00ed 23.&nbsp;z\u00e1\u0159\u00ed 2024 vzala na v\u011bdom\u00ed.\u00a0\u00a0<\/p>\r\n<p><em>\u201eZa veden\u00ed hlavn\u00edho m\u011bsta mohu \u0159\u00edct, \u017ee Vltavskou filharmonii vn\u00edm\u00e1me nejen jako pra\u017esk\u00fd projekt, kter\u00fd obohat\u00ed zdej\u0161\u00ed kulturn\u00ed \u017eivot a&nbsp;odstartuje prom\u011bnu rozvojov\u00e9ho \u00fazem\u00ed Bubny-Z\u00e1tory, ale i&nbsp;jako projekt p\u0159esahuj\u00edc\u00ed sv\u00fdm v\u00fdznamem hranice metropole. Vltavsk\u00e1 filharmonie se stane kulturn\u00ed ozdobou pro celou \u010ceskou republiku a&nbsp;pota\u017emo i&nbsp;st\u0159edoevropsk\u00fd region. Jsem r\u00e1d, \u017ee v\u00edt\u011bzn\u00fd n\u00e1vrh byl nyn\u00ed dopracov\u00e1n do podrobn\u00e9 architektonick\u00e9 studie a&nbsp;kr\u00e1\u010d\u00edme d\u00e1l po spr\u00e1vn\u00e9 cest\u011b, aby se sen o&nbsp;Vltavsk\u00e9 filharmonii prom\u011bnil ve skute\u010dnost,\u201c<\/em> uv\u00e1d\u00ed prim\u00e1tor Prahy Bohuslav Svoboda.<\/p>\r\n<p><em>\u201eDokon\u010den\u00ed podrobn\u00e9 architektonick\u00e9 studie Vltavsk\u00e9 filharmonie je d\u016fle\u017eit\u00fdm miln\u00edkem. D\u00edky tomu jsme mohli v&nbsp;\u010dervenci 2024 podat \u017e\u00e1dost o&nbsp;posouzen\u00ed vlivu stavby na \u017eivotn\u00ed prost\u0159ed\u00ed (EIA), kterou za\u010d\u00edn\u00e1 stavebn\u00ed schvalovac\u00ed proces. V&nbsp;n\u00e1vaznosti na dramatick\u00fd ekonomick\u00fd v\u00fdvoj v&nbsp;uplynul\u00fdch letech jsme nechali tak\u00e9 aktualizovat n\u00e1klady na projekt.\u00a0 Jsem r\u00e1d, \u017ee Komise hlavn\u00edho m\u011bsta Prahy pro projekt Vltavsk\u00e9 filharmonie a&nbsp;Rada hlavn\u00edho m\u011bsta Prahy v&nbsp;z\u00e1\u0159\u00ed 2024 odsouhlasily postup Vltavsk\u00e9 filharmonie do dal\u0161\u00ed f\u00e1ze projektov\u00fdch p\u0159\u00edprav, kdy se bude chystat dokumentace pro povolen\u00ed. Skv\u011bl\u00e1 zpr\u00e1va je i&nbsp;to, \u017ee se st\u00e1le dr\u017e\u00edme \u010dasov\u00e9ho harmonogramu, podle kter\u00e9ho by stavba Vltavsk\u00e9 filharmonie m\u011bla za\u010d\u00edt v&nbsp;roce 2027,\u201c<\/em> \u0159\u00edk\u00e1 Petr Hlav\u00e1\u010dek, n\u00e1m\u011bstek prim\u00e1tora pro strategick\u00fd a&nbsp;\u00fazemn\u00ed rozvoj.<\/p>\r\n<p><img loading=\"lazy\" src=\"https:\/\/www.praha7.cz\/wp-content\/uploads\/2024\/09\/2_VLF_namesti-pred-budovou.jpg\" alt=\"\" width=\"709\" height=\"501\" class=\"alignnone  wp-image-79200\" srcset=\"https:\/\/www.praha7.cz\/wp-content\/uploads\/2024\/09\/2_VLF_namesti-pred-budovou.jpg 1000w, https:\/\/www.praha7.cz\/wp-content\/uploads\/2024\/09\/2_VLF_namesti-pred-budovou-566x400.jpg 566w, https:\/\/www.praha7.cz\/wp-content\/uploads\/2024\/09\/2_VLF_namesti-pred-budovou-768x543.jpg 768w\" sizes=\"(max-width: 709px) 100vw, 709px\" \/><\/p>\r\n<p><em>\u00a0<\/em><em>\u201eDokon\u010den\u00ed podrobn\u00e9 architektonick\u00e9 studie Vltavsk\u00e9 filharmonie je z\u00e1sadn\u00edm krokem k&nbsp;vytvo\u0159en\u00ed modern\u00edho centra rozv\u00edjej\u00edc\u00edho kulturn\u00ed identitu Prahy a&nbsp;jej\u00edho mezin\u00e1rodn\u00edho renom\u00e9 jako\u017eto sv\u011btov\u00e9 hudebn\u00ed metropole. Stavba se stane nejen architektonickou dominantou m\u011bsta, ale tak\u00e9 otev\u0159en\u00fdm inovativn\u00edm prostorem pro um\u011bn\u00ed a&nbsp;kreativitu. Bude slou\u017eit \u0161irok\u00e9 ve\u0159ejnosti, um\u011blc\u016fm i&nbsp;instituc\u00edm. Nab\u00eddne \u0161pi\u010dkov\u00e9 z\u00e1zem\u00ed pro orchestry a&nbsp;um\u011blce, stejn\u011b jako prostor pro vzd\u011bl\u00e1v\u00e1n\u00ed a&nbsp;komunitn\u00ed akce. Takov\u00fd prostor v&nbsp;Praze dosud chyb\u00ed, a&nbsp;proto jsem r\u00e1d, \u017ee obrysy projektu jsou st\u00e1le v\u00edce z\u0159eteln\u00e9,\u201c<\/em> \u0159\u00edk\u00e1 Ji\u0159\u00ed Posp\u00ed\u0161il, n\u00e1m\u011bstek prim\u00e1tora pro kulturu.<\/p>\r\n<p><em>\u201eVltavsk\u00e1 koncertn\u00ed budova bude nejen centrem kultury a&nbsp;architektonick\u00fdm skvostem, ale m\u011bla by b\u00fdt i&nbsp;magnetem a&nbsp;nov\u00fdm impulsem pro cestovn\u00ed ruch. Um\u00edst\u011bn\u00ed do prostoru Hole\u0161ovic, hned vedle n\u00e1dra\u017e\u00ed Bubny, kter\u00fdm budou v&nbsp;budoucnu jezdit vlaky z&nbsp;pra\u017esk\u00e9ho leti\u0161t\u011b, k&nbsp;tomu p\u0159\u00edmo vyb\u00edz\u00ed. Jsem p\u0159esv\u011bd\u010den, \u017ee v&nbsp;budoucnu tzv. kulturn\u00ed turistika m\u016f\u017ee fungovat i&nbsp;tak, \u017ee turista p\u0159ilet\u00ed do Prahy na koncert, vyposlechne si jej a&nbsp;hned po koncertu op\u011bt odlet\u00ed zp\u011bt do sv\u00e9 domoviny,\u201c<\/em> p\u0159eje si Jan Wolf, zastupitel hl. m. Prahy a&nbsp;p\u0159edseda V\u00fdboru pro kulturu, v\u00fdstavnictv\u00ed a&nbsp;cestovn\u00ed ruch Zastupitelstva hl. m. Prahy.<\/p>\r\n<p><img loading=\"lazy\" src=\"https:\/\/www.praha7.cz\/wp-content\/uploads\/2024\/09\/3_VLF_vystup-z-metra.jpg\" alt=\"\" width=\"719\" height=\"508\" class=\"alignnone  wp-image-79199\" srcset=\"https:\/\/www.praha7.cz\/wp-content\/uploads\/2024\/09\/3_VLF_vystup-z-metra.jpg 1000w, https:\/\/www.praha7.cz\/wp-content\/uploads\/2024\/09\/3_VLF_vystup-z-metra-566x400.jpg 566w, https:\/\/www.praha7.cz\/wp-content\/uploads\/2024\/09\/3_VLF_vystup-z-metra-768x543.jpg 768w\" sizes=\"(max-width: 719px) 100vw, 719px\" \/><\/p>\r\n<p><em>\u201eV r\u00e1mci dokon\u010den\u00ed podrobn\u00e9 architektonick\u00e9 studie Vltavsk\u00e9 filharmonie do\u0161lo k&nbsp;detailn\u00edmu propracov\u00e1n\u00ed jednotliv\u00fdch provozn\u00edch, konstruk\u010dn\u00edch, funk\u010dn\u00edch a&nbsp;technick\u00fdch \u0159e\u0161en\u00ed, k&nbsp;po\u017eadovan\u00e9mu dopln\u011bn\u00ed prostor a&nbsp;k&nbsp;celkov\u00e9mu zefektivn\u011bn\u00ed vyu\u017eit\u00ed budovy. I&nbsp;tak se objem budovy zv\u011bt\u0161il o&nbsp;13 procent. V&nbsp;n\u00e1vaznosti na toto propracov\u00e1n\u00ed a&nbsp;zp\u0159esn\u011bn\u00ed a&nbsp;na v\u00fdvoj v&nbsp;ekonomice v&nbsp;uplynul\u00fdch dvou letech, kdy do\u0161lo ke zm\u011bn\u011b cenov\u00e9 hladiny stavebn\u00edch materi\u00e1l\u016f a&nbsp;stavebn\u00edch prac\u00ed, jsme nechali aktualizovat rozpo\u010det. Sout\u011b\u017en\u00ed n\u00e1vrh v&nbsp;dubnu 2022 p\u0159edpokl\u00e1dal n\u00e1klady na projekt ve v\u00fd\u0161i 9,4 miliardy korun. Odhad n\u00e1klad\u016f na realizaci budovy dle podrobn\u00e9 architektonick\u00e9 studie se v&nbsp;z\u00e1\u0159\u00ed 2024 pohybuje na \u00farovni 11,65 miliardy korun. Jedn\u00e1 se o&nbsp;n\u00e1r\u016fst o&nbsp;11,5 procenta, kter\u00fd byl Komis\u00ed hlavn\u00edho m\u011bsta Prahy pro v\u00fdstavbu Vltavsk\u00e9 filharmonie a&nbsp;Radou hlavn\u00edho m\u011bsta Prahy v&nbsp;z\u00e1\u0159\u00ed 2024 akceptov\u00e1n. Financov\u00e1n\u00ed projektu bude v\u00edcezdrojov\u00e9, na nejvhodn\u011bj\u0161\u00edm \u0159e\u0161en\u00ed se pracuje,\u201c<\/em> dopl\u0148uje Martin Krupauer, vedouc\u00ed projektov\u00e9ho t\u00fdmu Vltavsk\u00e9 filharmonie.<\/p>\r\n<p><img loading=\"lazy\" src=\"https:\/\/www.praha7.cz\/wp-content\/uploads\/2024\/09\/4_VLF_hlavni_sal.jpg\" alt=\"\" width=\"638\" height=\"451\" class=\"alignnone  wp-image-79198\" srcset=\"https:\/\/www.praha7.cz\/wp-content\/uploads\/2024\/09\/4_VLF_hlavni_sal.jpg 1000w, https:\/\/www.praha7.cz\/wp-content\/uploads\/2024\/09\/4_VLF_hlavni_sal-566x400.jpg 566w, https:\/\/www.praha7.cz\/wp-content\/uploads\/2024\/09\/4_VLF_hlavni_sal-768x543.jpg 768w\" sizes=\"(max-width: 638px) 100vw, 638px\" \/><\/p>\r\n<p><strong>O Vltavsk\u00e9 filharmonii<\/strong><\/p>\r\n<p>N\u00e1rodn\u00ed hudebn\u00ed centrum. Vltavsk\u00e1 filharmonie je koncipov\u00e1na jako n\u00e1rodn\u00ed centrum hudebn\u00ed kultury, p\u0159edev\u0161\u00edm hudebn\u00edho um\u011bn\u00ed. Architektonick\u00fd n\u00e1vrh d\u00e1nsk\u00e9ho studia Bjarke Ingels Group (BIG) tvo\u0159\u00ed jednak hudebn\u00ed s\u00e1ly (hlavn\u00ed, komorn\u00ed a&nbsp;multifunk\u010dn\u00ed) a&nbsp;jednak tzv. kreativn\u00ed hub, kter\u00fd se bude skl\u00e1dat z&nbsp;hudebn\u00edho odd\u011blen\u00ed M\u011bstsk\u00e9 knihovny v&nbsp;Praze, nahr\u00e1vac\u00edch studi\u00ed a&nbsp;studovny hudebn\u00ed literatury.<\/p>\r\n<p>S\u00eddlo dvou orchestr\u016f. Ve Vltavsk\u00e9 filharmonii budou s\u00eddlit dva orchestry: \u010cesk\u00e1 filharmonie a&nbsp;Symfonick\u00fd orchestr hl. m. Prahy FOK, kter\u00e9 zde budou m\u00edt odpov\u00eddaj\u00edc\u00ed prostory pro svou rezidenci a&nbsp;pro sv\u00e9 eduka\u010dn\u00ed programy. Zku\u0161ebny a&nbsp;men\u0161\u00ed v\u00fdukov\u00fd s\u00e1l budou moci vyu\u017e\u00edvat nejenom hudebn\u00ed \u0161koly nejr\u016fzn\u011bj\u0161\u00edch \u00farovn\u00ed z&nbsp;Prahy i&nbsp;z&nbsp;\u010desk\u00fdch region\u016f.<\/p>\r\n<p><img loading=\"lazy\" src=\"https:\/\/www.praha7.cz\/wp-content\/uploads\/2024\/09\/5_VLF_komorni_sal.jpg\" alt=\"\" width=\"656\" height=\"464\" class=\"alignnone  wp-image-79197\" srcset=\"https:\/\/www.praha7.cz\/wp-content\/uploads\/2024\/09\/5_VLF_komorni_sal.jpg 1000w, https:\/\/www.praha7.cz\/wp-content\/uploads\/2024\/09\/5_VLF_komorni_sal-566x400.jpg 566w, https:\/\/www.praha7.cz\/wp-content\/uploads\/2024\/09\/5_VLF_komorni_sal-768x543.jpg 768w\" sizes=\"(max-width: 656px) 100vw, 656px\" \/><\/p>\r\n<p>Otev\u0159en\u00e1 24\/7\/365. Filharmonie je koncipov\u00e1na jako maxim\u00e1ln\u011b otev\u0159en\u00e1 a&nbsp;jej\u00ed ambic\u00ed je p\u0159il\u00e1kat nejen milovn\u00edky klasick\u00e9 hudby, ale tak\u00e9 obyvatele a&nbsp;n\u00e1v\u0161t\u011bvn\u00edky Prahy z&nbsp;cel\u00e9 zem\u011b a&nbsp;zahrani\u010d\u00ed. Nab\u00edz\u00ed velkorys\u00e9 ve\u0159ejn\u00e9 prostory s&nbsp;parkov\u00fdmi \u00fapravami a&nbsp;lavi\u010dkami k&nbsp;posezen\u00ed, prostorn\u00e9 foyer s&nbsp;kav\u00e1rnou a&nbsp;dv\u011b st\u0159e\u0161n\u00ed restaurace s&nbsp;kr\u00e1sn\u00fdmi v\u00fdhledy na Prahu.\u00a0<\/p>\r\n<p>Pobytov\u00e9 terasy. St\u0159echa projektu je pojat\u00e1 jako pokra\u010dov\u00e1n\u00ed ve\u0159ejn\u00e9ho prostoru n\u00e1m\u011bst\u00ed, bude \u010d\u00e1ste\u010dn\u011b ozelen\u011bn\u00e1 a&nbsp;z&nbsp;v\u011bt\u0161\u00ed \u010d\u00e1sti pobytov\u00e1. Na jej\u00ed vrchol bude mo\u017en\u00e9 vystoupat bu\u010f atraktivn\u00edmi jezd\u00edc\u00edmi schody, nebo po st\u0159e\u0161n\u00edch ochozech, a&nbsp;tak si ka\u017ed\u00fd bude moci vychutnat jedine\u010dn\u00e9 panoramatick\u00e9 v\u00fdhledy na Prahu.<\/p>\r\n<p><strong>V\u00edce informac\u00ed je k\u00a0dispozici na <a href=\"https:\/\/vltavskafilharmonie.cz\/cs\" target=\"_blank\" rel=\"noopener\">webu<\/a> Vltavsk\u00e9 filharmonie.<\/strong><\/p>","protected":false},"excerpt":{"rendered":"[perex] Po dvou letech od vyhl\u00e1\u0161en\u00ed v\u00fdsledk\u016f mezin\u00e1rodn\u00ed architektonick\u00e9 sout\u011b\u017ee, v&nbsp;n\u00ed\u017e zv\u00edt\u011bzilo d\u00e1nsk\u00e9 architektonick\u00e9 studio Bjarke Ingels Group (BIG), je hotov\u00e1 podrobn\u00e1 architektonick\u00e1 studie Vltavsk\u00e9 filharmonie. Jej\u00ed projektov\u00fd t\u00fdm v&nbsp;\u010dervenci 2024 zah\u00e1jil stavebn\u00ed schvalovac\u00ed proces pod\u00e1n\u00edm \u017e\u00e1dosti o&nbsp;posouzen\u00ed vlivu stavby na \u017eivotn\u00ed prost\u0159ed\u00ed (EIA), kter\u00e1 se nyn\u00ed projedn\u00e1v\u00e1. Dal\u0161\u00edm krokem, na n\u011bm\u017e projektov\u00fd t\u00fdm pracuje, [&hellip;]","protected":false},"author":5,"featured_media":79202,"comment_status":"closed","ping_status":"open","sticky":false,"template":"","format":"standard","meta":[],"categories":[34],"tags":[119,106],"_links":{"self":[{"href":"https:\/\/www.praha7.cz\/api\/wp\/v2\/posts\/79196"}],"collection":[{"href":"https:\/\/www.praha7.cz\/api\/wp\/v2\/posts"}],"about":[{"href":"https:\/\/www.praha7.cz\/api\/wp\/v2\/types\/post"}],"author":[{"embeddable":true,"href":"https:\/\/www.praha7.cz\/api\/wp\/v2\/users\/5"}],"replies":[{"embeddable":true,"href":"https:\/\/www.praha7.cz\/api\/wp\/v2\/comments?post=79196"}],"version-history":[{"count":3,"href":"https:\/\/www.praha7.cz\/api\/wp\/v2\/posts\/79196\/revisions"}],"predecessor-version":[{"id":79205,"href":"https:\/\/www.praha7.cz\/api\/wp\/v2\/posts\/79196\/revisions\/79205"}],"wp:featuredmedia":[{"embeddable":true,"href":"https:\/\/www.praha7.cz\/api\/wp\/v2\/media\/79202"}],"wp:attachment":[{"href":"https:\/\/www.praha7.cz\/api\/wp\/v2\/media?parent=79196"}],"wp:term":[{"taxonomy":"category","embeddable":true,"href":"https:\/\/www.praha7.cz\/api\/wp\/v2\/categories?post=79196"},{"taxonomy":"post_tag","embeddable":true,"href":"https:\/\/www.praha7.cz\/api\/wp\/v2\/tags?post=79196"}],"curies":[{"name":"wp","href":"https:\/\/api.w.org\/{rel}","templated":true}]}}