    
{"id":79174,"date":"2024-09-23T15:35:23","date_gmt":"2024-09-23T13:35:23","guid":{"rendered":"https:\/\/www.praha7.cz\/?p=79174"},"modified":"2024-09-30T14:17:19","modified_gmt":"2024-09-30T12:17:19","slug":"den-architektury-2024-na-sedmicce","status":"publish","type":"post","link":"https:\/\/www.praha7.cz\/den-architektury-2024-na-sedmicce\/","title":{"rendered":"Den architektury 2024 na Sedmi\u010dce"},"content":{"rendered":"<p>[perex]<\/p>\r\n<p>Festival <a href=\"https:\/\/www.denarchitektury.cz\/\" target=\"_blank\" rel=\"noopener\">Den architektury<\/a> op\u011bt l\u00e1k\u00e1 od 27.&nbsp;z\u00e1\u0159\u00ed do 3.&nbsp;\u0159\u00edjna 2024 na bohat\u00fd program n\u011bkolika set akc\u00ed po cel\u00e9 republice i&nbsp;na Slovensku. Zam\u011b\u0159\u00ed se jak na architekturu sou\u010dasnou, tak architekturu 20.&nbsp;stolet\u00ed a&nbsp;na n\u011bkter\u00fdch m\u00edstech zam\u00ed\u0159\u00ed i&nbsp;hloub\u011bji do historie. Mottem leto\u0161n\u00edho ro\u010dn\u00edku je \u201eproces prom\u011bny\u201c.<\/p>\r\n<p>[\/perex]<\/p>\r\n<p>Praha&nbsp;7, ud\u00e1losti k&nbsp;dispozici k&nbsp;23.&nbsp;z\u00e1\u0159\u00ed\u00a0<\/p>\r\n<p>V\u00ddSTAVA ARCHITEKTURA V\u0160EM<br \/>\r\n<a href=\"https:\/\/www.denarchitektury.cz\/program\/praha-1956-1989-architektura-vsem\/\" target=\"_blank\" rel=\"noopener\">V\u00ddSTAVA<\/a>, VOLN\u00dd VSTUP<br \/>\r\nso 28.&nbsp;9.&nbsp;a&nbsp;ne 29.&nbsp;9. | 10.00\u201318.00 | pokladna Veletr\u017en\u00edho pal\u00e1ce, Dukelsk\u00fdch Hrdin\u016f 47, Praha&nbsp;7<\/p>\r\n<p><br \/>\r\n<a href=\"https:\/\/www.denarchitektury.cz\/program\/praha-1956-1989-architektura-vsem-komentovana-prohlidka\/\" target=\"_blank\" rel=\"noopener\">KOMENTOVAN\u00c1 PROHL\u00cdDKA<\/a> ZDARMA<br \/>\r\nrezervace na GoOut<br \/>\r\n\u00fat 1.&nbsp;10. | 16.00 | pokladna Veletr\u017en\u00edho pal\u00e1ce, Dukelsk\u00fdch Hrdin\u016f 47, Praha&nbsp;7 | p\u0159edpokl\u00e1dan\u00e1 d\u00e9lka: 60 min<\/p>\r\n<p>&nbsp;<\/p>\r\n<p>WORKSHOPY PRO D\u011aTI<br \/>\r\n<a href=\"https:\/\/www.denarchitektury.cz\/program\/praha-veletrzak-pro-male-i-velke\/\" target=\"_blank\" rel=\"noopener\"><\/a><a href=\"https:\/\/www.denarchitektury.cz\/program\/praha-veletrzak-vsemi-smysly\/\" target=\"_blank\" rel=\"noopener\">WORKSHOP PRO D\u011aTI<\/a><br \/>\r\nrezervace na\u00a0vzdelavani@ngprague.cz<br \/>\r\n\u00fat 1.&nbsp;10. | 10.00 | pokladna Veletr\u017en\u00edho pal\u00e1ce, Dukelsk\u00fdch Hrdin\u016f 47, Praha&nbsp;7 | p\u0159edpokl\u00e1dan\u00e1 d\u00e9lka: 90 min<\/p>\r\n<p><br \/>\r\n<a href=\"https:\/\/www.denarchitektury.cz\/program\/praha-nic-netrva-vecne\/\" target=\"_blank\" rel=\"noopener\">WORKSHOP PRO \u0160KOLN\u00cd SKUPINY<\/a><br \/>\r\nrezervace na\u00a0vzdelavani@ngprague.cz<br \/>\r\n\u00fat 24.&nbsp;9. | 10.00 | pokladna Veletr\u017en\u00edho pal\u00e1ce, Dukelsk\u00fdch Hrdin\u016f 47, Praha&nbsp;7 | p\u0159edpokl\u00e1dan\u00e1 d\u00e9lka: 90\u2013120 min<\/p>\r\n<p>&nbsp;<\/p>\r\n<p><a href=\"https:\/\/www.denarchitektury.cz\/program\/praha-veletrzni-palac-herna-pro-deti\/\" target=\"_blank\" rel=\"noopener\">WORKSHOP PRO D\u011aTI<\/a><br \/>\r\nrezervace na GoOut<br \/>\r\n\u00fat 1.&nbsp;10.&nbsp;a&nbsp;st 2.&nbsp;10. | 10.30, 13.30, 15.30 | korzo Veletr\u017en\u00edho pal\u00e1ce, Dukelsk\u00fdch Hrdin\u016f 47, Praha&nbsp;7 | p\u0159edpokl\u00e1dan\u00e1 d\u00e9lka: 60 min<\/p>\r\n<p>&nbsp;<\/p>\r\n<p><a href=\"https:\/\/www.denarchitektury.cz\/program\/praha-fenomen-sial\/\" target=\"_blank\" rel=\"noopener\">FENOM\u00c9N SIAL<\/a>, VSTUPENKY K\u00a0DISPOZICI<br \/>\r\nst 2.&nbsp;10. | 19.00 | Studio Hrdin\u016f, Dukelsk\u00fdch hrdin\u016f 47, Praha&nbsp;7 | p\u0159edpokl\u00e1dan\u00e1 d\u00e9lka: 90 min<\/p>\r\n<p>&nbsp;<\/p>\r\n<p><img loading=\"lazy\" src=\"https:\/\/www.praha7.cz\/wp-content\/uploads\/2024\/09\/den-architektury_obrazek-1500x785.jpg\" alt=\"\" width=\"640\" height=\"335\" class=\"alignnone size-large wp-image-79176\" srcset=\"https:\/\/www.praha7.cz\/wp-content\/uploads\/2024\/09\/den-architektury_obrazek-1500x785.jpg 1500w, https:\/\/www.praha7.cz\/wp-content\/uploads\/2024\/09\/den-architektury_obrazek-600x314.jpg 600w, https:\/\/www.praha7.cz\/wp-content\/uploads\/2024\/09\/den-architektury_obrazek-768x402.jpg 768w, https:\/\/www.praha7.cz\/wp-content\/uploads\/2024\/09\/den-architektury_obrazek-1536x804.jpg 1536w, https:\/\/www.praha7.cz\/wp-content\/uploads\/2024\/09\/den-architektury_obrazek-2048x1072.jpg 2048w\" sizes=\"(max-width: 640px) 100vw, 640px\" \/><\/p>\r\n<p>&nbsp;<\/p>","protected":false},"excerpt":{"rendered":"[perex] Festival Den architektury op\u011bt l\u00e1k\u00e1 od 27.&nbsp;z\u00e1\u0159\u00ed do 3.&nbsp;\u0159\u00edjna 2024 na bohat\u00fd program n\u011bkolika set akc\u00ed po cel\u00e9 republice i&nbsp;na Slovensku. Zam\u011b\u0159\u00ed se jak na architekturu sou\u010dasnou, tak architekturu 20.&nbsp;stolet\u00ed a&nbsp;na n\u011bkter\u00fdch m\u00edstech zam\u00ed\u0159\u00ed i&nbsp;hloub\u011bji do historie. Mottem leto\u0161n\u00edho ro\u010dn\u00edku je \u201eproces prom\u011bny\u201c. [\/perex] Praha&nbsp;7, ud\u00e1losti k&nbsp;dispozici k&nbsp;23.&nbsp;z\u00e1\u0159\u00ed\u00a0 V\u00ddSTAVA ARCHITEKTURA V\u0160EM V\u00ddSTAVA, VOLN\u00dd VSTUP [&hellip;]","protected":false},"author":251,"featured_media":79175,"comment_status":"closed","ping_status":"open","sticky":false,"template":"","format":"standard","meta":[],"categories":[34],"tags":[119,91,110],"_links":{"self":[{"href":"https:\/\/www.praha7.cz\/api\/wp\/v2\/posts\/79174"}],"collection":[{"href":"https:\/\/www.praha7.cz\/api\/wp\/v2\/posts"}],"about":[{"href":"https:\/\/www.praha7.cz\/api\/wp\/v2\/types\/post"}],"author":[{"embeddable":true,"href":"https:\/\/www.praha7.cz\/api\/wp\/v2\/users\/251"}],"replies":[{"embeddable":true,"href":"https:\/\/www.praha7.cz\/api\/wp\/v2\/comments?post=79174"}],"version-history":[{"count":2,"href":"https:\/\/www.praha7.cz\/api\/wp\/v2\/posts\/79174\/revisions"}],"predecessor-version":[{"id":79178,"href":"https:\/\/www.praha7.cz\/api\/wp\/v2\/posts\/79174\/revisions\/79178"}],"wp:featuredmedia":[{"embeddable":true,"href":"https:\/\/www.praha7.cz\/api\/wp\/v2\/media\/79175"}],"wp:attachment":[{"href":"https:\/\/www.praha7.cz\/api\/wp\/v2\/media?parent=79174"}],"wp:term":[{"taxonomy":"category","embeddable":true,"href":"https:\/\/www.praha7.cz\/api\/wp\/v2\/categories?post=79174"},{"taxonomy":"post_tag","embeddable":true,"href":"https:\/\/www.praha7.cz\/api\/wp\/v2\/tags?post=79174"}],"curies":[{"name":"wp","href":"https:\/\/api.w.org\/{rel}","templated":true}]}}