    
{"id":79159,"date":"2024-09-23T13:42:02","date_gmt":"2024-09-23T11:42:02","guid":{"rendered":"https:\/\/www.praha7.cz\/?p=79159"},"modified":"2024-09-26T15:11:50","modified_gmt":"2024-09-26T13:11:50","slug":"zapis-do-nove-detske-skupiny-koralek","status":"publish","type":"post","link":"https:\/\/www.praha7.cz\/zapis-do-nove-detske-skupiny-koralek\/","title":{"rendered":"Z\u00e1pis do nov\u00e9 d\u011btsk\u00e9 skupiny Kor\u00e1lek"},"content":{"rendered":"<p>[perex]<\/p>\r\n<p>M\u011bstsk\u00e1 \u010d\u00e1st Praha&nbsp;7 bude otv\u00edrat novou d\u011btskou skupinu v&nbsp;\u010cechov\u011b ulici.<\/p>\r\n<p>Z\u00e1pis prob\u011bhne ve \u010dtvrtek 26.&nbsp;9.&nbsp;2024 od 9.00 do 10.30 ve\u00a0FM\u0160 Na V\u00fd\u0161in\u00e1ch 1075\/3. Rodi\u010de mohou do d\u011btsk\u00e9 skupiny hl\u00e1sit d\u011bti ji\u017e od v\u011bku 2 let.<\/p>\r\n<p>[\/perex]<\/p>\r\n<p>D\u011btsk\u00e1 skupina Kor\u00e1lek se otev\u0159e v&nbsp;nov\u011b zrekonstruovan\u00fdch prostor\u00e1ch v&nbsp;ulici \u010cechova 17. V&nbsp;provozu bude ka\u017ed\u00fd pracovn\u00ed den od 8.00 do 16.00. Nab\u00edz\u00ed rodinnou atmosf\u00e9ru, vst\u0159\u00edcnou komunikaci a&nbsp;respektuj\u00edc\u00ed p\u0159\u00edstup dle individu\u00e1ln\u00edch mo\u017enost\u00ed a&nbsp;pot\u0159eb d\u011bt\u00ed.<\/p>\r\n<p><strong>Ve\u0161ker\u00e9 informace a&nbsp;p\u0159\u00edslu\u0161n\u00e9 dokumenty, v\u010detn\u011b p\u0159ihl\u00e1\u0161ky, kterou je t\u0159eba odevzdat vypln\u011bnou v\u00a0den z\u00e1pisu, najdete na <a href=\"https:\/\/www.msnavysinach.cz\/%f0%9f%91%b6%f0%9f%8f%bc-detska-skupina\/\" target=\"_blank\" rel=\"noopener\">str\u00e1nk\u00e1ch FM\u0160 Na V\u00fd\u0161in\u00e1ch<\/a>.<\/strong><\/p>\r\n<p><a href=\"https:\/\/www.praha7.cz\/wp-content\/uploads\/2024\/09\/zapis-detska-skupina-koralek-.jpg\"><img loading=\"lazy\" src=\"https:\/\/www.praha7.cz\/wp-content\/uploads\/2024\/09\/zapis-detska-skupina-koralek--707x1000.jpg\" alt=\"\" width=\"640\" height=\"905\" class=\"alignnone size-large wp-image-79160\" srcset=\"https:\/\/www.praha7.cz\/wp-content\/uploads\/2024\/09\/zapis-detska-skupina-koralek--707x1000.jpg 707w, https:\/\/www.praha7.cz\/wp-content\/uploads\/2024\/09\/zapis-detska-skupina-koralek--283x400.jpg 283w, https:\/\/www.praha7.cz\/wp-content\/uploads\/2024\/09\/zapis-detska-skupina-koralek--768x1086.jpg 768w, https:\/\/www.praha7.cz\/wp-content\/uploads\/2024\/09\/zapis-detska-skupina-koralek--1086x1536.jpg 1086w, https:\/\/www.praha7.cz\/wp-content\/uploads\/2024\/09\/zapis-detska-skupina-koralek-.jpg 1190w\" sizes=\"(max-width: 640px) 100vw, 640px\" \/><\/a><\/p>","protected":false},"excerpt":{"rendered":"[perex] M\u011bstsk\u00e1 \u010d\u00e1st Praha&nbsp;7 bude otv\u00edrat novou d\u011btskou skupinu v&nbsp;\u010cechov\u011b ulici. Z\u00e1pis prob\u011bhne ve \u010dtvrtek 26.&nbsp;9.&nbsp;2024 od 9.00 do 10.30 ve\u00a0FM\u0160 Na V\u00fd\u0161in\u00e1ch 1075\/3. Rodi\u010de mohou do d\u011btsk\u00e9 skupiny hl\u00e1sit d\u011bti ji\u017e od v\u011bku 2 let. [\/perex] D\u011btsk\u00e1 skupina Kor\u00e1lek se otev\u0159e v&nbsp;nov\u011b zrekonstruovan\u00fdch prostor\u00e1ch v&nbsp;ulici \u010cechova 17. V&nbsp;provozu bude ka\u017ed\u00fd pracovn\u00ed den od 8.00 [&hellip;]","protected":false},"author":5,"featured_media":79162,"comment_status":"closed","ping_status":"open","sticky":false,"template":"","format":"standard","meta":[],"categories":[34],"tags":[123,83],"_links":{"self":[{"href":"https:\/\/www.praha7.cz\/api\/wp\/v2\/posts\/79159"}],"collection":[{"href":"https:\/\/www.praha7.cz\/api\/wp\/v2\/posts"}],"about":[{"href":"https:\/\/www.praha7.cz\/api\/wp\/v2\/types\/post"}],"author":[{"embeddable":true,"href":"https:\/\/www.praha7.cz\/api\/wp\/v2\/users\/5"}],"replies":[{"embeddable":true,"href":"https:\/\/www.praha7.cz\/api\/wp\/v2\/comments?post=79159"}],"version-history":[{"count":4,"href":"https:\/\/www.praha7.cz\/api\/wp\/v2\/posts\/79159\/revisions"}],"predecessor-version":[{"id":79165,"href":"https:\/\/www.praha7.cz\/api\/wp\/v2\/posts\/79159\/revisions\/79165"}],"wp:featuredmedia":[{"embeddable":true,"href":"https:\/\/www.praha7.cz\/api\/wp\/v2\/media\/79162"}],"wp:attachment":[{"href":"https:\/\/www.praha7.cz\/api\/wp\/v2\/media?parent=79159"}],"wp:term":[{"taxonomy":"category","embeddable":true,"href":"https:\/\/www.praha7.cz\/api\/wp\/v2\/categories?post=79159"},{"taxonomy":"post_tag","embeddable":true,"href":"https:\/\/www.praha7.cz\/api\/wp\/v2\/tags?post=79159"}],"curies":[{"name":"wp","href":"https:\/\/api.w.org\/{rel}","templated":true}]}}