    
{"id":79124,"date":"2024-09-19T14:55:33","date_gmt":"2024-09-19T12:55:33","guid":{"rendered":"https:\/\/www.praha7.cz\/?p=79124"},"modified":"2024-09-20T16:00:46","modified_gmt":"2024-09-20T14:00:46","slug":"bleskova-povodnova-sbirka-na-radnici","status":"publish","type":"post","link":"https:\/\/www.praha7.cz\/bleskova-povodnova-sbirka-na-radnici\/","title":{"rendered":"Bleskov\u00e1 povod\u0148ov\u00e1 sb\u00edrka na radnici"},"content":{"rendered":"<p>[perex]<\/p>\r\n<p><span style=\"color: #ff0000;\">Sb\u00edrka byla ukon\u010dena. D\u011bkujeme v\u0161em, kte\u0159\u00ed p\u0159isp\u011bli.<\/span><\/p>\r\n<p>&nbsp;<\/p>\r\n<p>V\u00e1\u017een\u00ed ob\u010dan\u00e9, o&nbsp;v\u00edkendu pojede radni\u010dn\u00ed mikrobus do Opavy a&nbsp;odveze tam patn\u00e1ct vysou\u0161e\u010d\u016f a&nbsp;dal\u0161\u00ed materi\u00e1ln\u00ed pomoc.<\/p>\r\n<p>Pokud byste byli ochotn\u00ed lidem posti\u017een\u00fdm povodn\u011bmi v&nbsp;Opav\u011b pomoci i&nbsp;vy, tak v&nbsp;p\u00e1tek 20.&nbsp;9.&nbsp;od 8 do 15 hodin bude mo\u017en\u00e9 do podatelny radnice (U&nbsp;pr\u016fhonu 38) p\u0159in\u00e9st v\u011bci z&nbsp;n\u00ed\u017ee uveden\u00e9ho seznamu a&nbsp;my je do Opavy doru\u010d\u00edme.<\/p>\r\n<p>[\/perex]<\/p>\r\n<p>Opava pot\u0159ebuje:<\/p>\r\n<ul>\r\n\t<li>Savo<\/li>\r\n\t<li>Gumov\u00e9 rukavice<\/li>\r\n\t<li>Gumov\u00e9 hol\u00ednky<\/li>\r\n\t<li>Lopaty<\/li>\r\n\t<li>Kart\u00e1\u010dov\u00e1 ko\u0161\u0165ata<\/li>\r\n\t<li>St\u011brky na podlahu<\/li>\r\n\t<li>\u0160krabky na ze\u010f<\/li>\r\n<\/ul>\r\n<p>D\u011bkujeme za rychlou pomoc!<\/p>","protected":false},"excerpt":{"rendered":"[perex] Sb\u00edrka byla ukon\u010dena. D\u011bkujeme v\u0161em, kte\u0159\u00ed p\u0159isp\u011bli. &nbsp; V\u00e1\u017een\u00ed ob\u010dan\u00e9, o&nbsp;v\u00edkendu pojede radni\u010dn\u00ed mikrobus do Opavy a&nbsp;odveze tam patn\u00e1ct vysou\u0161e\u010d\u016f a&nbsp;dal\u0161\u00ed materi\u00e1ln\u00ed pomoc. Pokud byste byli ochotn\u00ed lidem posti\u017een\u00fdm povodn\u011bmi v&nbsp;Opav\u011b pomoci i&nbsp;vy, tak v&nbsp;p\u00e1tek 20.&nbsp;9.&nbsp;od 8 do 15 hodin bude mo\u017en\u00e9 do podatelny radnice (U&nbsp;pr\u016fhonu 38) p\u0159in\u00e9st v\u011bci z&nbsp;n\u00ed\u017ee uveden\u00e9ho seznamu a&nbsp;my je [&hellip;]","protected":false},"author":5,"featured_media":79125,"comment_status":"closed","ping_status":"open","sticky":false,"template":"","format":"standard","meta":[],"categories":[34],"tags":[120,130],"_links":{"self":[{"href":"https:\/\/www.praha7.cz\/api\/wp\/v2\/posts\/79124"}],"collection":[{"href":"https:\/\/www.praha7.cz\/api\/wp\/v2\/posts"}],"about":[{"href":"https:\/\/www.praha7.cz\/api\/wp\/v2\/types\/post"}],"author":[{"embeddable":true,"href":"https:\/\/www.praha7.cz\/api\/wp\/v2\/users\/5"}],"replies":[{"embeddable":true,"href":"https:\/\/www.praha7.cz\/api\/wp\/v2\/comments?post=79124"}],"version-history":[{"count":2,"href":"https:\/\/www.praha7.cz\/api\/wp\/v2\/posts\/79124\/revisions"}],"predecessor-version":[{"id":79153,"href":"https:\/\/www.praha7.cz\/api\/wp\/v2\/posts\/79124\/revisions\/79153"}],"wp:featuredmedia":[{"embeddable":true,"href":"https:\/\/www.praha7.cz\/api\/wp\/v2\/media\/79125"}],"wp:attachment":[{"href":"https:\/\/www.praha7.cz\/api\/wp\/v2\/media?parent=79124"}],"wp:term":[{"taxonomy":"category","embeddable":true,"href":"https:\/\/www.praha7.cz\/api\/wp\/v2\/categories?post=79124"},{"taxonomy":"post_tag","embeddable":true,"href":"https:\/\/www.praha7.cz\/api\/wp\/v2\/tags?post=79124"}],"curies":[{"name":"wp","href":"https:\/\/api.w.org\/{rel}","templated":true}]}}