    
{"id":79068,"date":"2024-09-18T11:57:12","date_gmt":"2024-09-18T09:57:12","guid":{"rendered":"https:\/\/www.praha7.cz\/?p=79068"},"modified":"2024-09-22T15:53:50","modified_gmt":"2024-09-22T13:53:50","slug":"vikendove-preruseni-provozu-tramvaji-v-oblasti-strossmayerova-nam","status":"publish","type":"post","link":"https:\/\/www.praha7.cz\/vikendove-preruseni-provozu-tramvaji-v-oblasti-strossmayerova-nam\/","title":{"rendered":"V\u00edkendov\u00e9 p\u0159eru\u0161en\u00ed provozu tramvaj\u00ed v&nbsp;oblasti Strossmayerova n\u00e1m."},"content":{"rendered":"<p>[perex]<\/p>\r\n<p>Z d\u016fvodu \u00fadr\u017eby tramvajov\u00e9 trati doch\u00e1z\u00ed od soboty 21.&nbsp;z\u00e1\u0159\u00ed 2024 (7.30 hodin) do ned\u011ble 22.&nbsp;z\u00e1\u0159\u00ed 2024 (15.00 hodin) k&nbsp;obousm\u011brn\u00e9mu p\u0159eru\u0161en\u00ed provozu tramvaj\u00ed v&nbsp;oblasti Strossmayerova n\u00e1m\u011bst\u00ed. V&nbsp;\u00faseku Hrad\u010dansk\u00e1 \u2013 Letensk\u00e9 n\u00e1m\u011bst\u00ed \u2013 Vltavsk\u00e1 bude zavedena n\u00e1hradn\u00ed autobusov\u00e1 doprava X1. Linka \u010d\u00edslo X8 pojede v&nbsp;trase B\u00edl\u00e1 labu\u0165 \u2013 N\u00e1m\u011bst\u00ed Republiky \u2013 Letensk\u00e9 n\u00e1m\u011bst\u00ed \u2013 Strossmayerovo n\u00e1m\u011bst\u00ed \u2013 N\u00e1m\u011bst\u00ed Republiky \u2013 B\u00edl\u00e1 labu\u0165 \u2013 Florenc.<\/p>\r\n<p>[\/perex]<\/p>\r\n<h2>Zm\u011bny tras tramvajov\u00fdch linek (obousm\u011brn\u011b)<\/h2>\r\n<ul>\r\n\t<li>Linka \u010d\u00edslo<span>\u00a0<\/span><strong>1<\/strong><span>\u00a0<\/span>je ve sm\u011bru od S\u00eddli\u0161t\u011b Pet\u0159iny zkr\u00e1cena do zast\u00e1vky<span>\u00a0<\/span><strong>Hrad\u010dansk\u00e1<\/strong>, d\u00e1le pokra\u010duje jako linka \u010d\u00edslo\u00a0<strong>34<span>\u00a0<\/span><\/strong>p\u0159es zast\u00e1vky<span>\u00a0<\/span><strong>Chotkovy sady<\/strong>,<span>\u00a0<\/span><strong>Malostransk\u00e1<\/strong>,<span>\u00a0<\/span><strong>\u010cech\u016fv most<span>\u00a0<\/span><\/strong>a<span>\u00a0<\/span><strong>Dlouh\u00e1 t\u0159\u00edda<span>\u00a0<\/span><\/strong>sm\u011br<span>\u00a0<\/span><strong>Libe\u0148sk\u00fd most<\/strong>.<\/li>\r\n\t<li>Linky \u010d\u00edslo<span>\u00a0<\/span><strong>8<\/strong><span>\u00a0<\/span>a<span>\u00a0<\/span><strong>26<span>\u00a0<\/span><\/strong>jsou v&nbsp;\u00faseku<span>\u00a0<\/span><em>Hrad\u010dansk\u00e1 \u2013 Dlouh\u00e1 t\u0159\u00edda<span>\u00a0<\/span><\/em>odklon\u011bny p\u0159es zast\u00e1vky<span>\u00a0<\/span><strong>Chotkovy sady<\/strong>,<span>\u00a0<\/span><strong>Malostransk\u00e1<span>\u00a0<\/span><\/strong>a<strong><span>\u00a0<\/span>\u010cech\u016fv most<\/strong>.<\/li>\r\n\t<li>Linka \u010d\u00edslo<span>\u00a0<\/span><strong>12<span>\u00a0<\/span><\/strong>je rozd\u011blena na dv\u011b \u010d\u00e1sti:\r\n\r\n<ul>\r\n\t<li>ve sm\u011bru od S\u00eddli\u0161t\u011b Barrandov je ze zast\u00e1vky<span>\u00a0<\/span><strong>Chotkovy sady<span>\u00a0<\/span><\/strong>odklon\u011bna do zast\u00e1vky<span>\u00a0<\/span><strong>Hrad\u010dansk\u00e1<\/strong>, d\u00e1le pokra\u010duje jako linka \u010d\u00edslo<span>\u00a0<\/span><strong>25<span>\u00a0<\/span><\/strong>sm\u011br B\u00edl\u00e1 Hora<\/li>\r\n\t<li>ve sm\u011bru od Lehovce je zkr\u00e1cena do zast\u00e1vky<span>\u00a0<\/span><strong>Vltavsk\u00e1<\/strong>, d\u00e1le pokra\u010duje jako linka \u010d\u00edslo<span>\u00a0<\/span><strong>25<span>\u00a0<\/span><\/strong>sm\u011br Kobylisy (n\u00e1stupn\u00ed zast\u00e1vka<span>\u00a0<\/span><strong>B\u0159ezin\u011bvesk\u00e1<\/strong>)<\/li>\r\n<\/ul>\r\n<\/li>\r\n\t<li>Linky \u010d\u00edslo<span>\u00a0<\/span><strong>17<\/strong>,<span>\u00a0<\/span><strong>27<span>\u00a0<\/span><\/strong>a<span>\u00a0<\/span><strong>93<span>\u00a0<\/span><\/strong>jsou v&nbsp;\u00faseku<em><span>\u00a0<\/span>\u010cech\u016fv most \u2013 Vltavsk\u00e1<span>\u00a0<\/span><\/em>odklon\u011bny p\u0159es zast\u00e1vky<span>\u00a0<\/span><strong>Dlouh\u00e1 t\u0159\u00edda<\/strong>,<span>\u00a0<\/span><strong>N\u00e1m\u011bst\u00ed Republiky<\/strong>,<span>\u00a0<\/span><strong>B\u00edl\u00e1 labu\u0165<\/strong>,<span>\u00a0<\/span><strong>T\u011b\u0161nov<span>\u00a0<\/span><\/strong>a<span>\u00a0<\/span><strong>\u0160tvanice<\/strong>.<\/li>\r\n\t<li>Linka \u010d\u00edslo<span>\u00a0<\/span><strong>25<span>\u00a0<\/span><\/strong>je rozd\u011blena na dv\u011b \u010d\u00e1st:\r\n\r\n<ul>\r\n\t<li>ve sm\u011bru od B\u00edl\u00e9 Hory je zkr\u00e1cena do zast\u00e1vky<span>\u00a0<\/span><strong>Hrad\u010dansk\u00e1<\/strong>, d\u00e1le pokra\u010duje jako linka \u010d\u00edslo<span>\u00a0<\/span><strong>12<span>\u00a0<\/span><\/strong>p\u0159es zast\u00e1vku<span>\u00a0<\/span><strong>Chotkovy sady<span>\u00a0<\/span><\/strong>sm\u011br S\u00eddli\u0161t\u011b Barrandov<\/li>\r\n\t<li>ve sm\u011bru od Kobylis je zkr\u00e1cena do zast\u00e1vky<span>\u00a0<\/span><strong>Vltavsk\u00e1<\/strong>, d\u00e1le pokra\u010duje jako linka \u010d\u00edslo<span>\u00a0<\/span><strong>12<span>\u00a0<\/span><\/strong>sm\u011br Lehovec<\/li>\r\n<\/ul>\r\n<\/li>\r\n\t<li>Linka \u010d\u00edslo<span>\u00a0<\/span><strong>90<span>\u00a0<\/span><\/strong>je v&nbsp;\u00faseku<span>\u00a0<\/span><em>Dlouh\u00e1 t\u0159\u00edda \u2013 \u0160pejchar<span>\u00a0<\/span><\/em>odklon\u011bna p\u0159es zast\u00e1vky<span>\u00a0<\/span><strong>\u010cech\u016fv most<\/strong>,<span>\u00a0<\/span><strong>Malostransk\u00e1<span>\u00a0<\/span><\/strong>a<span>\u00a0<\/span><strong>Chotkovy sady<\/strong>.<\/li>\r\n\t<li>Linky \u010d\u00edslo<span>\u00a0<\/span><strong>91<span>\u00a0<\/span><\/strong>a<span>\u00a0<\/span><strong>96<span>\u00a0<\/span><\/strong>jsou v&nbsp;\u00faseku<span>\u00a0<\/span><em>Hrad\u010dansk\u00e1 \u2013 \u010cech\u016fv most<span>\u00a0<\/span><\/em>odklon\u011bny p\u0159es zast\u00e1vky<span>\u00a0<\/span><strong>Chotkovy sady<span>\u00a0<\/span><\/strong>a<span>\u00a0<\/span><strong>Malostransk\u00e1<\/strong>.<br \/>\r\n\u00a0<\/li>\r\n\t<li>Historick\u00e1 linka \u010d\u00edslo 41 je v&nbsp;\u00faseku<span>\u00a0<\/span><em>Kr\u00e1lovsk\u00fd letohr\u00e1dek \u2013 N\u00e1m\u011bst\u00ed Republiky<span>\u00a0<\/span><\/em>odklon\u011bna p\u0159es zast\u00e1vky<span>\u00a0<\/span><strong>Malostransk\u00e1<\/strong>,<span>\u00a0<\/span><strong>\u010cech\u016fv most<\/strong>,<span>\u00a0<\/span><strong>Dlouh\u00e1 t\u0159\u00edda<\/strong>,<span>\u00a0<\/span><strong>N\u00e1m\u011bst\u00ed Republiky<\/strong>,<span>\u00a0<\/span><strong>Masarykovo n\u00e1dra\u017e\u00ed<\/strong>,<span>\u00a0<\/span><strong>Hlavn\u00ed n\u00e1dra\u017e\u00ed<span>\u00a0<\/span><\/strong>a<span>\u00a0<\/span><strong>Masarykovo n\u00e1dra\u017e\u00ed<\/strong>.<\/li>\r\n<\/ul>\r\n<h2>Zm\u011bny v&nbsp;zast\u00e1vk\u00e1ch tramvaj\u00ed<\/h2>\r\n<p>Z\u0159izuj\u00ed se pro oba sm\u011bry zast\u00e1vky:<\/p>\r\n<ul>\r\n\t<li><strong>Malostransk\u00e1<span>\u00a0<\/span><\/strong>\u2013 na n\u00e1b\u0159e\u017e\u00ed Edvarda Bene\u0161e<\/li>\r\n\t<li><strong>\u010cech\u016fv most<span>\u00a0<\/span><\/strong>\u2013 pro no\u010dn\u00ed linky na n\u00e1b\u0159e\u017e\u00ed Edvarda Bene\u0161e (sm\u011br od Malostransk\u00e9) a&nbsp;na \u010cechov\u011b most\u011b (sm\u011br od Pr\u00e1vnick\u00e9 fakulty)<\/li>\r\n<\/ul>\r\n<h2>Zavedena je n\u00e1hradn\u00ed autobusov\u00e1 doprava<\/h2>\r\n<p><strong>V denn\u00edm provozu:<\/strong><\/p>\r\n<ul>\r\n\t<li>Linka \u010d\u00edslo<span>\u00a0<\/span><strong>X1<span>\u00a0<\/span><\/strong>v trase<span>\u00a0<\/span><em>Hrad\u010dansk\u00e1 \u2013 Letensk\u00e9 n\u00e1m\u011bst\u00ed \u2013 Vltavsk\u00e1<\/em><\/li>\r\n\t<li>Linka \u010d\u00edslo<span>\u00a0<\/span><strong>X8<span>\u00a0<\/span><\/strong>v trase<span>\u00a0<\/span><em>B\u00edl\u00e1 labu\u0165 \u2013 N\u00e1m\u011bst\u00ed Republiky \u2013 Letensk\u00e9 n\u00e1m\u011bst\u00ed \u2013 Strossmayerovo n\u00e1m\u011bst\u00ed \u2013 N\u00e1m\u011bst\u00ed Republiky \u2013 B\u00edl\u00e1 labu\u0165 \u2013 Florenc<\/em><\/li>\r\n<\/ul>\r\n<p><strong>V no\u010dn\u00edm provozu:<\/strong><\/p>\r\n<ul>\r\n\t<li>Linka \u010d\u00edslo<span>\u00a0<\/span><strong>X90<span>\u00a0<\/span><\/strong>v trase<span>\u00a0<\/span><em>Hrad\u010dansk\u00e1 \u2013 Letensk\u00e9 n\u00e1m\u011bst\u00ed \u2013 N\u00e1m\u011bst\u00ed Republiky \u2013 Florenc<span>\u00a0<\/span><\/em>(n\u00e1stupn\u00ed zast\u00e1vka<span>\u00a0<\/span><strong>B\u00edl\u00e1 labu\u0165<\/strong>)<\/li>\r\n\t<li>Linka \u010d\u00edslo<span>\u00a0<\/span><strong>X91<span>\u00a0<\/span><\/strong>v trase<span>\u00a0<\/span><em>Hrad\u010dansk\u00e1 \u2013 Letensk\u00e9 n\u00e1m\u011bst\u00ed \u2013 Starom\u011bstsk\u00e1<\/em><\/li>\r\n<\/ul>\r\n<h2>Zm\u011bny v&nbsp;provozu autobus\u016f<\/h2>\r\n<p>Pro linku \u010d\u00edslo<span>\u00a0<\/span><strong>156<\/strong>:<\/p>\r\n<ul>\r\n\t<li>ru\u0161\u00ed se zast\u00e1vky<span>\u00a0<\/span><strong>Strossmayerovo n\u00e1m\u011bst\u00ed<span>\u00a0<\/span><\/strong>a<span>\u00a0<\/span><strong>Kamenick\u00e1<\/strong>,<\/li>\r\n\t<li>ve sm\u011bru Mal\u00fd Berl\u00edn se z\u0159izuj\u00ed zast\u00e1vky<span>\u00a0<\/span><strong>N\u00e1b\u0159e\u017e\u00ed Kapit\u00e1na Jaro\u0161e<span>\u00a0<\/span><\/strong>(u&nbsp;zast\u00e1vky tramvaj\u00ed) a<strong><span>\u00a0<\/span>Letensk\u00e9 n\u00e1m\u011bst\u00ed<span>\u00a0<\/span><\/strong>(v&nbsp;zast\u00e1vce tramvaj\u00ed).<\/li>\r\n<\/ul>\r\n<p><a href=\"https:\/\/www.praha7.cz\/wp-content\/uploads\/2024\/09\/mapa_vyluka-Stross_21-9.jpg\"><img loading=\"lazy\" src=\"https:\/\/www.praha7.cz\/wp-content\/uploads\/2024\/09\/mapa_vyluka-Stross_21-9.jpg\" alt=\"\" width=\"1237\" height=\"705\" class=\"alignnone size-full wp-image-79073\" srcset=\"https:\/\/www.praha7.cz\/wp-content\/uploads\/2024\/09\/mapa_vyluka-Stross_21-9.jpg 1237w, https:\/\/www.praha7.cz\/wp-content\/uploads\/2024\/09\/mapa_vyluka-Stross_21-9-600x342.jpg 600w, https:\/\/www.praha7.cz\/wp-content\/uploads\/2024\/09\/mapa_vyluka-Stross_21-9-768x438.jpg 768w\" sizes=\"(max-width: 1237px) 100vw, 1237px\" \/><\/a><\/p>\r\n<hr \/>\r\n<p>Ve\u0161ker\u00e9 informace najdete na <a href=\"https:\/\/www.dpp.cz\/omezeni-a-mimoradne-udalosti\/detail\/24362\" target=\"_blank\" rel=\"noopener\">str\u00e1nce DPP<\/a>.<\/p>","protected":false},"excerpt":{"rendered":"[perex] Z&nbsp;d\u016fvodu \u00fadr\u017eby tramvajov\u00e9 trati doch\u00e1z\u00ed od soboty 21.&nbsp;z\u00e1\u0159\u00ed 2024 (7.30 hodin) do ned\u011ble 22.&nbsp;z\u00e1\u0159\u00ed 2024 (15.00 hodin) k&nbsp;obousm\u011brn\u00e9mu p\u0159eru\u0161en\u00ed provozu tramvaj\u00ed v&nbsp;oblasti Strossmayerova n\u00e1m\u011bst\u00ed. V&nbsp;\u00faseku Hrad\u010dansk\u00e1 \u2013 Letensk\u00e9 n\u00e1m\u011bst\u00ed \u2013 Vltavsk\u00e1 bude zavedena n\u00e1hradn\u00ed autobusov\u00e1 doprava X1. Linka \u010d\u00edslo X8 pojede v&nbsp;trase B\u00edl\u00e1 labu\u0165 \u2013 N\u00e1m\u011bst\u00ed Republiky \u2013 Letensk\u00e9 n\u00e1m\u011bst\u00ed \u2013 Strossmayerovo n\u00e1m\u011bst\u00ed [&hellip;]","protected":false},"author":251,"featured_media":20550,"comment_status":"closed","ping_status":"open","sticky":false,"template":"","format":"standard","meta":[],"categories":[36],"tags":[57,125],"_links":{"self":[{"href":"https:\/\/www.praha7.cz\/api\/wp\/v2\/posts\/79068"}],"collection":[{"href":"https:\/\/www.praha7.cz\/api\/wp\/v2\/posts"}],"about":[{"href":"https:\/\/www.praha7.cz\/api\/wp\/v2\/types\/post"}],"author":[{"embeddable":true,"href":"https:\/\/www.praha7.cz\/api\/wp\/v2\/users\/251"}],"replies":[{"embeddable":true,"href":"https:\/\/www.praha7.cz\/api\/wp\/v2\/comments?post=79068"}],"version-history":[{"count":3,"href":"https:\/\/www.praha7.cz\/api\/wp\/v2\/posts\/79068\/revisions"}],"predecessor-version":[{"id":79076,"href":"https:\/\/www.praha7.cz\/api\/wp\/v2\/posts\/79068\/revisions\/79076"}],"wp:featuredmedia":[{"embeddable":true,"href":"https:\/\/www.praha7.cz\/api\/wp\/v2\/media\/20550"}],"wp:attachment":[{"href":"https:\/\/www.praha7.cz\/api\/wp\/v2\/media?parent=79068"}],"wp:term":[{"taxonomy":"category","embeddable":true,"href":"https:\/\/www.praha7.cz\/api\/wp\/v2\/categories?post=79068"},{"taxonomy":"post_tag","embeddable":true,"href":"https:\/\/www.praha7.cz\/api\/wp\/v2\/tags?post=79068"}],"curies":[{"name":"wp","href":"https:\/\/api.w.org\/{rel}","templated":true}]}}