    
{"id":79008,"date":"2024-09-17T14:55:21","date_gmt":"2024-09-17T12:55:21","guid":{"rendered":"https:\/\/www.praha7.cz\/?p=79008"},"modified":"2024-09-17T14:55:21","modified_gmt":"2024-09-17T12:55:21","slug":"hledate-zajimavou-praci-jako-technik-pro-zabydlovani","status":"publish","type":"post","link":"https:\/\/www.praha7.cz\/hledate-zajimavou-praci-jako-technik-pro-zabydlovani\/","title":{"rendered":"Hled\u00e1te zaj\u00edmavou pr\u00e1ci jako technik pro zabydlov\u00e1n\u00ed?"},"content":{"rendered":"<p>[perex]<\/p>\r\n<p>\u00da\u0159ad Prahy&nbsp;7 p\u0159ijme do sv\u00fdch \u0159ad kolegu\/kolegyni na pozici technik\/techni\u010dka pro zabydlov\u00e1n\u00ed. Jedn\u00e1 se \u010dasov\u011b omezenou spolupr\u00e1ci v&nbsp;projektu, kter\u00fd je zam\u011b\u0159en na podporu soci\u00e1ln\u00edho za\u010dle\u0148ov\u00e1n\u00ed osob v&nbsp;bytov\u00e9 nouzi a&nbsp;osob bytovou nouz\u00ed ohro\u017een\u00fdch. Jste pe\u010dliv\u00ed, samostatn\u00ed, dok\u00e1\u017eete odhalit nedostatky v&nbsp;technick\u00e9m stavu bytu a&nbsp;odstranit je? Nev\u00e1hejte a&nbsp;p\u0159ihlaste se do na\u0161eho popt\u00e1vkov\u00e9ho \u0159\u00edzen\u00ed.<\/p>\r\n<p>[\/perex]<\/p>\r\n<h3>Co u&nbsp;n\u00e1s budete d\u011blat?<\/h3>\r\n<p>Budete prohl\u00ed\u017eet byty p\u0159ed nast\u011bhov\u00e1n\u00edm klienta (kontrola, technick\u00e9ho stavu bytu), spolupracovat na zaji\u0161t\u011bn\u00ed vybaven\u00ed byt\u016f a&nbsp;zaji\u0161\u0165ovat technick\u00e9 z\u00e1le\u017eitosti u\u017e\u00edv\u00e1n\u00ed byt\u016f. \u010cek\u00e1 v\u00e1s technick\u00e1 podpora p\u0159i drobn\u00fdch oprav\u00e1ch bytu a&nbsp;zaji\u0161t\u011bn\u00ed drobn\u00fdch oprav a&nbsp;p\u0159enosu t\u011bchto dovednost\u00ed na klienta. Budete st\u011bhovat n\u00e1bytek\/spot\u0159ebi\u010de z&nbsp;n\u00e1bytkov\u00e9 banky, odv\u00e1\u017eet n\u00e1bytek z&nbsp;bytu na sb\u011brn\u00fd dv\u016fr, spolupracovat s&nbsp;kontaktn\u00edm m\u00edstem pro bydlen\u00ed M\u010c Praha&nbsp;7 a&nbsp;koordinovat v\u011bt\u0161\u00ed opravy v&nbsp;soukrom\u00fdch bytech v&nbsp;programu Garantovan\u00e9ho bydlen\u00ed.<br \/>\r\n<br \/>\r\n<\/p>\r\n<h3>Co od v\u00e1s o\u010dek\u00e1v\u00e1me?<\/h3>\r\n<ul>\r\n\t<li>st\u0159edn\u00ed vzd\u011bl\u00e1n\u00ed s&nbsp;maturitn\u00ed zkou\u0161kou nebo st\u0159edn\u00ed vzd\u011bl\u00e1n\u00ed s&nbsp;v\u00fdu\u010dn\u00edm listem nejl\u00e9pe ve stavebn\u00edm oboru<\/li>\r\n\t<li>odpov\u00eddaj\u00edc\u00ed zku\u0161enosti a&nbsp;schopnosti<\/li>\r\n\t<li>pe\u010dlivost, odpov\u011bdnost, samostatnost, komunikativnost a&nbsp;pracovitost<\/li>\r\n\t<li>organiza\u010dn\u00ed a&nbsp;komunika\u010dn\u00ed dovednosti<\/li>\r\n\t<li>empatie, prosoci\u00e1ln\u00ed c\u00edt\u011bn\u00ed<\/li>\r\n\t<li>angli\u010dtina v\u00fdhodou<\/li>\r\n<\/ul>\r\n<h3><\/h3>\r\n<h3>Co v\u00e1m nab\u00edz\u00edme?<\/h3>\r\n<p>Spolupr\u00e1ci na dohodu o&nbsp;proveden\u00ed pr\u00e1ce (DPP) na dobu ur\u010ditou do 31.&nbsp;12.&nbsp;2025, 275 K\u010d\/hod.<br \/>\r\n2025.\u00a0<\/p>\r\n<p>&nbsp;<\/p>\r\n<h3>Jak se k\u00a0n\u00e1m dostanete?<\/h3>\r\n<p>P\u0159ihl\u00e1\u0161ku v\u010detn\u011b strukturovan\u00e9ho \u017eivotopisu a&nbsp;souhlas se zpracov\u00e1n\u00edm osobn\u00edch \u00fadaj\u016f\u00a0 je mo\u017en\u00e9 osobn\u011b doru\u010dit v&nbsp;\u00fa\u0159edn\u00edch hodin\u00e1ch do podatelny \u00da\u0159adu M\u010c Praha&nbsp;7 nebo zaslat na n\u00ed\u017ee uvedenou adresu <strong><span style=\"color: #ff0000;\">nejpozd\u011bji do 30.&nbsp;z\u00e1\u0159\u00ed 2024<\/span><\/strong>. Ob\u00e1lku ozna\u010dte slovy Technik pro zabydlov\u00e1n\u00ed &#8211; OVP\u0158.<\/p>\r\n<p><strong>P\u0159edpokl\u00e1dan\u00fd vznik pracovn\u00edho pom\u011bru: dohodou.<\/strong><\/p>\r\n<p>&nbsp;<\/p>\r\n<p><strong>Formul\u00e1\u0159e ke sta\u017een\u00ed<\/strong><\/p>\r\n<p><a href=\"https:\/\/www.praha7.cz\/wp-content\/uploads\/2024\/04\/Prihlaska_do_vyberoveho_rizeni.doc\">P\u0159ihl\u00e1\u0161ka do v\u00fdb\u011brov\u00e9ho \u0159\u00edzen\u00ed<\/a><\/p>\r\n<p><a href=\"https:\/\/www.praha7.cz\/wp-content\/uploads\/2024\/04\/GDPR_souhlas_vyberove_rizeni.docx\">Souhlas se zpracov\u00e1n\u00edm osobn\u00edch \u00fadaj\u016f<\/a><\/p>\r\n<p>&nbsp;<\/p>\r\n<p><em>M\u011bstsk\u00e1 \u010d\u00e1st Praha&nbsp;7<\/em><\/p>\r\n<p><em>\u00da\u0159ad m\u011bstsk\u00e9 \u010d\u00e1sti Praha&nbsp;7<\/em><\/p>\r\n<p><em>Odbor person\u00e1ln\u00edch \u010dinnost\u00ed<\/em><\/p>\r\n<p><em>U Pr\u016fhonu 1338\/38<\/em><\/p>\r\n<p><em>170&nbsp;00 Praha&nbsp;7<\/em><\/p>\r\n<p>&nbsp;<\/p>\r\n<p><strong>Ve\u0161ker\u00e9 pot\u0159ebn\u00e9 informace pro p\u0159ihl\u00e1\u0161en\u00ed do popt\u00e1vkov\u00e9ho \u0159\u00edzen\u00ed naleznete <a href=\"https:\/\/www.praha7.cz\/wp-content\/uploads\/2024\/09\/OVPR-technik-pro-zabydlovani-DPP.pdf\">ZDE<\/a>.<\/strong><\/p>","protected":false},"excerpt":{"rendered":"[perex] \u00da\u0159ad Prahy&nbsp;7 p\u0159ijme do sv\u00fdch \u0159ad kolegu\/kolegyni na pozici technik\/techni\u010dka pro zabydlov\u00e1n\u00ed. Jedn\u00e1 se \u010dasov\u011b omezenou spolupr\u00e1ci v&nbsp;projektu, kter\u00fd je zam\u011b\u0159en na podporu soci\u00e1ln\u00edho za\u010dle\u0148ov\u00e1n\u00ed osob v&nbsp;bytov\u00e9 nouzi a&nbsp;osob bytovou nouz\u00ed ohro\u017een\u00fdch. Jste pe\u010dliv\u00ed, samostatn\u00ed, dok\u00e1\u017eete odhalit nedostatky v&nbsp;technick\u00e9m stavu bytu a&nbsp;odstranit je? Nev\u00e1hejte a&nbsp;p\u0159ihlaste se do na\u0161eho popt\u00e1vkov\u00e9ho \u0159\u00edzen\u00ed. [\/perex] Co u&nbsp;n\u00e1s budete [&hellip;]","protected":false},"author":251,"featured_media":79043,"comment_status":"closed","ping_status":"open","sticky":false,"template":"","format":"standard","meta":[],"categories":[34],"tags":[84,118],"_links":{"self":[{"href":"https:\/\/www.praha7.cz\/api\/wp\/v2\/posts\/79008"}],"collection":[{"href":"https:\/\/www.praha7.cz\/api\/wp\/v2\/posts"}],"about":[{"href":"https:\/\/www.praha7.cz\/api\/wp\/v2\/types\/post"}],"author":[{"embeddable":true,"href":"https:\/\/www.praha7.cz\/api\/wp\/v2\/users\/251"}],"replies":[{"embeddable":true,"href":"https:\/\/www.praha7.cz\/api\/wp\/v2\/comments?post=79008"}],"version-history":[{"count":2,"href":"https:\/\/www.praha7.cz\/api\/wp\/v2\/posts\/79008\/revisions"}],"predecessor-version":[{"id":79055,"href":"https:\/\/www.praha7.cz\/api\/wp\/v2\/posts\/79008\/revisions\/79055"}],"wp:featuredmedia":[{"embeddable":true,"href":"https:\/\/www.praha7.cz\/api\/wp\/v2\/media\/79043"}],"wp:attachment":[{"href":"https:\/\/www.praha7.cz\/api\/wp\/v2\/media?parent=79008"}],"wp:term":[{"taxonomy":"category","embeddable":true,"href":"https:\/\/www.praha7.cz\/api\/wp\/v2\/categories?post=79008"},{"taxonomy":"post_tag","embeddable":true,"href":"https:\/\/www.praha7.cz\/api\/wp\/v2\/tags?post=79008"}],"curies":[{"name":"wp","href":"https:\/\/api.w.org\/{rel}","templated":true}]}}