    
{"id":78875,"date":"2024-09-13T21:33:05","date_gmt":"2024-09-13T19:33:05","guid":{"rendered":"https:\/\/www.praha7.cz\/?p=78875"},"modified":"2024-09-18T18:14:22","modified_gmt":"2024-09-18T16:14:22","slug":"riziko-padu-stromu-park-u-vody-uzavren","status":"publish","type":"post","link":"https:\/\/www.praha7.cz\/riziko-padu-stromu-park-u-vody-uzavren\/","title":{"rendered":"Riziko p\u00e1du strom\u016f, park U&nbsp;Vody uzav\u0159en"},"content":{"rendered":"<p>[perex]<\/p>\r\n<p>Upozor\u0148ujeme, \u017ee vzhledem k&nbsp;povod\u0148ov\u00e9 situaci, vysok\u00e9mu \u00fahrnu sr\u00e1\u017eek a&nbsp;siln\u00e9mu v\u011btru hroz\u00ed ve Stromovce a&nbsp;dal\u0161\u00edch parc\u00edch vyvr\u00e1cen\u00ed strom\u016f \u010di p\u00e1d v\u011btv\u00ed. Nebezpe\u010dn\u00ed m\u016f\u017ee hrozit tak\u00e9 v&nbsp;bl\u00edzkosti rozvodn\u011bn\u00e9 \u0159eky. Doporu\u010dujeme, aby se ob\u010dan\u00e9 t\u011bmto m\u00edst\u016fm b\u011bhem zhor\u0161en\u00fdch klimatick\u00fdch podm\u00ednek vyh\u00fdbali.\u00a0<\/p>\r\n<p><a href=\"https:\/\/www.praha7.cz\/praha-7-otevrela-novy-park-na-brehu-vltavy\/\" target=\"_blank\" rel=\"noopener\">Park U&nbsp;Vody<\/a> byl z&nbsp;bezpe\u010dnostn\u00edch d\u016fvod\u016f dne 13.&nbsp;9.&nbsp;2024 do odvol\u00e1n\u00ed uzav\u0159en.\u00a0<\/p>\r\n<p>Aktu\u00e1ln\u00ed informace k&nbsp;povod\u0148ov\u00e9 situaci najdete <a href=\"https:\/\/www.praha7.cz\/vystraha-srazky\/\" target=\"_blank\" rel=\"noopener\">ZDE<\/a>.<\/p>\r\n<p>[\/perex]<\/p>","protected":false},"excerpt":{"rendered":"[perex] Upozor\u0148ujeme, \u017ee vzhledem k&nbsp;povod\u0148ov\u00e9 situaci, vysok\u00e9mu \u00fahrnu sr\u00e1\u017eek a&nbsp;siln\u00e9mu v\u011btru hroz\u00ed ve Stromovce a&nbsp;dal\u0161\u00edch parc\u00edch vyvr\u00e1cen\u00ed strom\u016f \u010di p\u00e1d v\u011btv\u00ed. Nebezpe\u010dn\u00ed m\u016f\u017ee hrozit tak\u00e9 v&nbsp;bl\u00edzkosti rozvodn\u011bn\u00e9 \u0159eky. Doporu\u010dujeme, aby se ob\u010dan\u00e9 t\u011bmto m\u00edst\u016fm b\u011bhem zhor\u0161en\u00fdch klimatick\u00fdch podm\u00ednek vyh\u00fdbali.\u00a0 Park U&nbsp;Vody byl z&nbsp;bezpe\u010dnostn\u00edch d\u016fvod\u016f dne 13.&nbsp;9.&nbsp;2024 do odvol\u00e1n\u00ed uzav\u0159en.\u00a0 Aktu\u00e1ln\u00ed informace k&nbsp;povod\u0148ov\u00e9 situaci najdete ZDE. [&hellip;]","protected":false},"author":5,"featured_media":77944,"comment_status":"closed","ping_status":"open","sticky":false,"template":"","format":"standard","meta":[],"categories":[34],"tags":[99,130],"_links":{"self":[{"href":"https:\/\/www.praha7.cz\/api\/wp\/v2\/posts\/78875"}],"collection":[{"href":"https:\/\/www.praha7.cz\/api\/wp\/v2\/posts"}],"about":[{"href":"https:\/\/www.praha7.cz\/api\/wp\/v2\/types\/post"}],"author":[{"embeddable":true,"href":"https:\/\/www.praha7.cz\/api\/wp\/v2\/users\/5"}],"replies":[{"embeddable":true,"href":"https:\/\/www.praha7.cz\/api\/wp\/v2\/comments?post=78875"}],"version-history":[{"count":3,"href":"https:\/\/www.praha7.cz\/api\/wp\/v2\/posts\/78875\/revisions"}],"predecessor-version":[{"id":78898,"href":"https:\/\/www.praha7.cz\/api\/wp\/v2\/posts\/78875\/revisions\/78898"}],"wp:featuredmedia":[{"embeddable":true,"href":"https:\/\/www.praha7.cz\/api\/wp\/v2\/media\/77944"}],"wp:attachment":[{"href":"https:\/\/www.praha7.cz\/api\/wp\/v2\/media?parent=78875"}],"wp:term":[{"taxonomy":"category","embeddable":true,"href":"https:\/\/www.praha7.cz\/api\/wp\/v2\/categories?post=78875"},{"taxonomy":"post_tag","embeddable":true,"href":"https:\/\/www.praha7.cz\/api\/wp\/v2\/tags?post=78875"}],"curies":[{"name":"wp","href":"https:\/\/api.w.org\/{rel}","templated":true}]}}