    
{"id":78807,"date":"2024-09-11T15:05:19","date_gmt":"2024-09-11T13:05:19","guid":{"rendered":"https:\/\/www.praha7.cz\/?p=78807"},"modified":"2025-02-20T14:45:56","modified_gmt":"2025-02-20T13:45:56","slug":"rekonstrukce_kanalizace_ovenecka","status":"publish","type":"post","link":"https:\/\/www.praha7.cz\/rekonstrukce_kanalizace_ovenecka\/","title":{"rendered":"Rekonstrukce kanalizace v&nbsp;ul. Oveneck\u00e1"},"content":{"rendered":"<p>[perex]<\/p>\r\n<p>V ulici Oveneck\u00e1 prob\u00edh\u00e1 rekonstrukce kanalizace, kterou realizuje Pra\u017esk\u00e1 vodohospod\u00e1\u0159sk\u00e1 spole\u010dnost.\u00a0<\/p>\r\n<p>[\/perex]<\/p>\r\n<p>Od z\u00e1\u0159\u00ed do konce listopadu 2024 prob\u00edhaly pr\u00e1ce v&nbsp;\u00faseku U&nbsp;Akademie-U Stud\u00e1nky.<\/p>\r\n<p>Na za\u010d\u00e1tku roku 2025 pr\u00e1ce pokra\u010duj\u00ed v&nbsp;\u00faseku Veletr\u017en\u00ed-U Stud\u00e1nky. Tato etapa by m\u011bla b\u00fdt dokon\u010dena cca do konce dubna. V&nbsp;n\u00e1sleduj\u00edc\u00ed f\u00e1zi se pr\u00e1ce p\u0159esunou ji\u017en\u011b od ulice Milady Hor\u00e1kov\u00e9, kde se p\u0159id\u00e1 je\u0161t\u011b rekonstrukce vodovodu. Po dokon\u010den\u00ed prac\u00ed na uli\u010dn\u00edch s\u00edt\u00edch bude TSK v&nbsp;ulici realizovat rekonstrukce povrch\u016f, v\u00fdsadbu strom\u016f a&nbsp;\u00fapravy k\u0159i\u017eovatek.<\/p>\r\n<p>Term\u00edny n\u00e1sleduj\u00edc\u00edch etap prac\u00ed budou dopl\u0148ov\u00e1ny v&nbsp;n\u00e1vaznosti na postupu stavby.<\/p>\r\n<p>V dot\u010den\u00fdch \u00fasec\u00edch je t\u0159eba po\u010d\u00edtat s&nbsp;uzav\u00edrkami pro automobilovou dopravu a&nbsp;dal\u0161\u00edmi omezen\u00edmi. D\u011bkujeme za pochopen\u00ed a&nbsp;trp\u011blivost.<\/p>\r\n<p>&nbsp;<\/p>","protected":false},"excerpt":{"rendered":"[perex] V&nbsp;ulici Oveneck\u00e1 prob\u00edh\u00e1 rekonstrukce kanalizace, kterou realizuje Pra\u017esk\u00e1 vodohospod\u00e1\u0159sk\u00e1 spole\u010dnost.\u00a0 [\/perex] Od z\u00e1\u0159\u00ed do konce listopadu 2024 prob\u00edhaly pr\u00e1ce v&nbsp;\u00faseku U&nbsp;Akademie-U Stud\u00e1nky. Na za\u010d\u00e1tku roku 2025 pr\u00e1ce pokra\u010duj\u00ed v&nbsp;\u00faseku Veletr\u017en\u00ed-U Stud\u00e1nky. Tato etapa by m\u011bla b\u00fdt dokon\u010dena cca do konce dubna. V&nbsp;n\u00e1sleduj\u00edc\u00ed f\u00e1zi se pr\u00e1ce p\u0159esunou ji\u017en\u011b od ulice Milady Hor\u00e1kov\u00e9, kde se [&hellip;]","protected":false},"author":5,"featured_media":78808,"comment_status":"closed","ping_status":"open","sticky":false,"template":"","format":"standard","meta":[],"categories":[34],"tags":[57,125],"_links":{"self":[{"href":"https:\/\/www.praha7.cz\/api\/wp\/v2\/posts\/78807"}],"collection":[{"href":"https:\/\/www.praha7.cz\/api\/wp\/v2\/posts"}],"about":[{"href":"https:\/\/www.praha7.cz\/api\/wp\/v2\/types\/post"}],"author":[{"embeddable":true,"href":"https:\/\/www.praha7.cz\/api\/wp\/v2\/users\/5"}],"replies":[{"embeddable":true,"href":"https:\/\/www.praha7.cz\/api\/wp\/v2\/comments?post=78807"}],"version-history":[{"count":7,"href":"https:\/\/www.praha7.cz\/api\/wp\/v2\/posts\/78807\/revisions"}],"predecessor-version":[{"id":82336,"href":"https:\/\/www.praha7.cz\/api\/wp\/v2\/posts\/78807\/revisions\/82336"}],"wp:featuredmedia":[{"embeddable":true,"href":"https:\/\/www.praha7.cz\/api\/wp\/v2\/media\/78808"}],"wp:attachment":[{"href":"https:\/\/www.praha7.cz\/api\/wp\/v2\/media?parent=78807"}],"wp:term":[{"taxonomy":"category","embeddable":true,"href":"https:\/\/www.praha7.cz\/api\/wp\/v2\/categories?post=78807"},{"taxonomy":"post_tag","embeddable":true,"href":"https:\/\/www.praha7.cz\/api\/wp\/v2\/tags?post=78807"}],"curies":[{"name":"wp","href":"https:\/\/api.w.org\/{rel}","templated":true}]}}