    
{"id":78786,"date":"2024-09-11T11:26:34","date_gmt":"2024-09-11T09:26:34","guid":{"rendered":"https:\/\/www.praha7.cz\/?p=78786"},"modified":"2024-09-11T11:26:34","modified_gmt":"2024-09-11T09:26:34","slug":"festival-dobrych-knih-v-sobotu-14-9","status":"publish","type":"post","link":"https:\/\/www.praha7.cz\/festival-dobrych-knih-v-sobotu-14-9\/","title":{"rendered":"Festival dobr\u00fdch knih v&nbsp;sobotu 14.&nbsp;9."},"content":{"rendered":"<p>[perex]<\/p>\r\n<p>Sobota 14.&nbsp;z\u00e1\u0159\u00ed 2024 pat\u0159\u00ed \u010desk\u00fdm autor\u016fm a&nbsp;autork\u00e1m. Hole\u0161ovick\u00e9 knihkupectv\u00ed Dobr\u00e9 knihy, kter\u00e9 s\u00eddl\u00ed v&nbsp;ulici V&nbsp;H\u00e1ji 15, po\u0159\u00e1d\u00e1 prvn\u00ed ro\u010dn\u00edk Festivalu dobr\u00fdch knih. Ud\u00e1lost se kon\u00e1 ve Vnitroblocku, vstup zdarma.\u00a0\u00a0<br \/>\r\n\u00a0<br \/>\r\n[\/perex]<br \/>\r\n\u00a0<br \/>\r\nSobota 14.&nbsp;z\u00e1\u0159\u00ed od 14 do 22 hodin bude v\u011bnov\u00e1na setk\u00e1n\u00ed spisovatel\u016f a&nbsp;\u010dten\u00e1\u0159\u016f. Jednotliv\u00e9 debaty budou moderovat Old\u0159ich Such\u00fd (@zanicenyknihkupec) a&nbsp;Milan \u0158\u00edsk\u00fd (@recenzujuknizky).<\/p>\r\n<h3><a href=\"https:\/\/www.dobre-knihy.cz\/festival-dobrych-knih\/\" target=\"_blank\" rel=\"noopener\">Cel\u00fd program<\/a><\/h3>\r\n<p>Program STAGE TER\u00c1RKO \u2013 moder\u00e1tor Old\u0159ich Such\u00fd<br \/>\r\n14.30\u201315.30 | Mark\u00e9ta Luk\u00e1\u0161kov\u00e1<br \/>\r\n15.45\u201316.45 | Martina Eretov\u00e1 &amp; Daniel Kr\u00e1sn\u00fd<br \/>\r\n17.00\u201318.00 | Veronika Opat\u0159ilov\u00e1 &amp; Veronika Vrzalov\u00e1<br \/>\r\n18.15\u201319.15 | Petra Klabouchov\u00e1. Hudebn\u00ed doprovod skv\u011bl\u00fd Marco Mendess<br \/>\r\n20.00\u201321.30 | Martin Moravec<\/p>\r\n<p>Program STAGE V&nbsp;BLOCKU \u2013 moder\u00e1tor Milan \u0158\u00edsk\u00fd<br \/>\r\n15.00\u201316.00 | Jana Ja\u0161ov\u00e1 &amp; Ji\u0159\u00ed B\u0159ezina<br \/>\r\n16.15\u201317.15 | Kate\u0159ina Surmanov\u00e1 &amp; Martin \u0160tefko<br \/>\r\n17.30\u201318.30 | Martin Paytok &amp; Shigor Birdman<br \/>\r\n18.45\u201319.45 | Franti\u0161ek M\u00fcller &amp; Eduard Krainer<\/p>\r\n<p>V\u0161echny knihy autor\u016f si m\u016f\u017eete na festivalu zakoupit a&nbsp;nechat podepsat.<\/p>\r\n<p><a href=\"https:\/\/www.facebook.com\/events\/1216484189513116\/?rdid=5uSUhOclXt2EIDFL&amp;share_url=https%3A%2F%2Fwww.facebook.com%2Fshare%2FDLjG8XHd4etAEpQZ%2F\" target=\"_blank\" rel=\"noopener\">FB ud\u00e1lost<\/a><\/p>\r\n<p>&nbsp;<\/p>","protected":false},"excerpt":{"rendered":"[perex] Sobota 14.&nbsp;z\u00e1\u0159\u00ed 2024 pat\u0159\u00ed \u010desk\u00fdm autor\u016fm a&nbsp;autork\u00e1m. Hole\u0161ovick\u00e9 knihkupectv\u00ed Dobr\u00e9 knihy, kter\u00e9 s\u00eddl\u00ed v&nbsp;ulici V&nbsp;H\u00e1ji 15, po\u0159\u00e1d\u00e1 prvn\u00ed ro\u010dn\u00edk Festivalu dobr\u00fdch knih. Ud\u00e1lost se kon\u00e1 ve Vnitroblocku, vstup zdarma.\u00a0\u00a0 \u00a0 [\/perex] \u00a0 Sobota 14.&nbsp;z\u00e1\u0159\u00ed od 14 do 22 hodin bude v\u011bnov\u00e1na setk\u00e1n\u00ed spisovatel\u016f a&nbsp;\u010dten\u00e1\u0159\u016f. Jednotliv\u00e9 debaty budou moderovat Old\u0159ich Such\u00fd (@zanicenyknihkupec) a&nbsp;Milan \u0158\u00edsk\u00fd (@recenzujuknizky). [&hellip;]","protected":false},"author":251,"featured_media":78787,"comment_status":"closed","ping_status":"open","sticky":false,"template":"","format":"standard","meta":[],"categories":[34],"tags":[91],"_links":{"self":[{"href":"https:\/\/www.praha7.cz\/api\/wp\/v2\/posts\/78786"}],"collection":[{"href":"https:\/\/www.praha7.cz\/api\/wp\/v2\/posts"}],"about":[{"href":"https:\/\/www.praha7.cz\/api\/wp\/v2\/types\/post"}],"author":[{"embeddable":true,"href":"https:\/\/www.praha7.cz\/api\/wp\/v2\/users\/251"}],"replies":[{"embeddable":true,"href":"https:\/\/www.praha7.cz\/api\/wp\/v2\/comments?post=78786"}],"version-history":[{"count":1,"href":"https:\/\/www.praha7.cz\/api\/wp\/v2\/posts\/78786\/revisions"}],"predecessor-version":[{"id":78788,"href":"https:\/\/www.praha7.cz\/api\/wp\/v2\/posts\/78786\/revisions\/78788"}],"wp:featuredmedia":[{"embeddable":true,"href":"https:\/\/www.praha7.cz\/api\/wp\/v2\/media\/78787"}],"wp:attachment":[{"href":"https:\/\/www.praha7.cz\/api\/wp\/v2\/media?parent=78786"}],"wp:term":[{"taxonomy":"category","embeddable":true,"href":"https:\/\/www.praha7.cz\/api\/wp\/v2\/categories?post=78786"},{"taxonomy":"post_tag","embeddable":true,"href":"https:\/\/www.praha7.cz\/api\/wp\/v2\/tags?post=78786"}],"curies":[{"name":"wp","href":"https:\/\/api.w.org\/{rel}","templated":true}]}}