    
{"id":78773,"date":"2024-09-10T17:10:19","date_gmt":"2024-09-10T15:10:19","guid":{"rendered":"https:\/\/www.praha7.cz\/?p=78773"},"modified":"2024-09-18T11:51:09","modified_gmt":"2024-09-18T09:51:09","slug":"den-hrdinu-na-vystavisti-4","status":"publish","type":"post","link":"https:\/\/www.praha7.cz\/den-hrdinu-na-vystavisti-4\/","title":{"rendered":"Den hrdin\u016f na V\u00fdstavi\u0161ti"},"content":{"rendered":"<p>[perex]<\/p>\r\n<p><strong><a href=\"https:\/\/navystavisti.cz\/udalosti\/den-hrdinu\/\" target=\"_blank\" rel=\"noopener\">Den hrdin\u016f<\/a> je zru\u0161en. Pr\u00e1ce a&nbsp;pomoc slo\u017eek IZS je moment\u00e1ln\u011b pot\u0159eba jinde v&nbsp;\u010cesk\u00e9 republice. V\u011b\u0159\u00edme, \u017ee rozhodnut\u00ed organiz\u00e1tora podpo\u0159\u00edte, t\u011b\u0161\u00edme se na jubilejn\u00edm 10.&nbsp;ro\u010dn\u00edku akce Den hrdin\u016f 27.&nbsp;z\u00e1\u0159\u00ed 2025.<\/strong><\/p>\r\n<p>Cht\u011bli byste na vlastn\u00ed k\u016f\u017ei za\u017e\u00edt, jak vypad\u00e1 nouzov\u00e9 bydlen\u00ed p\u0159i p\u0159\u00edrodn\u00ed katastrof\u011b? P\u0159ij\u010fte se 28.&nbsp;9.&nbsp;2024 sezn\u00e1mit s&nbsp;prac\u00ed integrovan\u00fdch z\u00e1chrann\u00fdch slo\u017eek na V\u00fdstavi\u0161t\u011b. V\u016fbec poprv\u00e9 bude p\u0159edstaven\u00e1 ve\u0159ejnosti \u00b4Materi\u00e1ln\u00ed z\u00e1kladna humanit\u00e1rn\u00ed pomoci\u00b4 \u2013 za\u0159\u00edzen\u00ed vytvo\u0159en\u00e9 za \u00fa\u010delem zabezpe\u010den\u00ed z\u00e1kladn\u00edch \u017eivotn\u00edch pot\u0159eb obyvatelstva v&nbsp;p\u0159\u00edpad\u011b mimo\u0159\u00e1dn\u00e9 ud\u00e1losti. Leto\u0161n\u00ed 9.&nbsp;ro\u010dn\u00edk akce nese t\u00e9ma &#8222;Bezpe\u010dn\u011b v&nbsp;nebezpe\u010d\u00ed&#8220;.<\/p>\r\n<p>[\/perex]<\/p>\r\n<p><strong>Na co se m\u016f\u017eete t\u011b\u0161it?<\/strong><\/p>\r\n<ul>\r\n\t<li><strong>Prohl\u00e9dn\u011bte si uk\u00e1zky techniky<\/strong> a&nbsp;vybaven\u00ed slo\u017eek integrovan\u00e9ho z\u00e1chrann\u00e9ho syst\u00e9mu. Na m\u00edst\u011b budou vozidla od Zdravotnick\u00e9 z\u00e1chrann\u00e9 slu\u017eby HMP, kolov\u00fd obrn\u011bnec Pandur od arm\u00e1dy \u010cR, policejn\u00ed vrtuln\u00edk a&nbsp;dal\u0161\u00ed unik\u00e1ty.<\/li>\r\n\t<li><strong>Seznamte se s&nbsp;t\u00e9matem bezpe\u010dnosti na internetu<\/strong> prost\u0159ednictv\u00edm interaktivn\u00edho programu, kv\u00edzu, \u00fanikov\u00e9 hry a&nbsp;dal\u0161\u00ed formou komunikace v&nbsp;on-line prost\u0159ed\u00ed.<\/li>\r\n\t<li><strong>D\u011bti se mohou st\u00e1t opravdov\u00fdmi hrdiny<\/strong> a&nbsp;vyzkou\u0161et si, jak jsou na tom se znalostmi p\u0159i p\u0159ivol\u00e1n\u00ed pomoci. P\u0159ipravena je bojovka &#8222;Cesta mal\u00e9ho hrdiny&#8220; a&nbsp;\u0161ifrova\u010dka pro v\u011bt\u0161\u00ed d\u011bti.<\/li>\r\n\t<li><strong>Sledujte pr\u00e1ci profesion\u00e1ln\u00edch hasi\u010d\u016f<\/strong> p\u0159i vypro\u0161\u0165ov\u00e1n\u00ed osob z&nbsp;havarovan\u00fdch vozidel. Cca 20 t\u00fdm\u016f z&nbsp;cel\u00e9 republiky se utk\u00e1 v&nbsp;30.&nbsp;ro\u010dn\u00edku Memori\u00e1lu JUDr. Franti\u0161ka Kohouta ve vypro\u0161\u0165ov\u00e1n\u00ed osob z&nbsp;havarovan\u00fdch vozidel.<\/li>\r\n\t<li><strong>Fand\u011bte mlad\u00fdm hasi\u010d\u016fm<\/strong> v&nbsp;sout\u011b\u017ei v&nbsp;po\u017e\u00e1rn\u00edm sportu, kde se utkaj\u00ed des\u00edtky d\u011bt\u00ed v&nbsp;dovednostech, kter\u00e9 mus\u00ed ovl\u00e1dat ka\u017ed\u00fd mlad\u00fd po\u017e\u00e1rn\u00edk.<\/li>\r\n\t<li><strong>Podpo\u0159te dobrou v\u011bc<\/strong> a&nbsp;p\u0159ij\u010fte na k\u0159est charitativn\u00edho kalend\u00e1\u0159e Nadace Ane\u017eka. Sou\u010d\u00e1st\u00ed akce bude tak\u00e9 vystoupen\u00ed d\u011bt\u00ed ze studia Karol a&nbsp;Kv\u00eddo s&nbsp;obl\u00edben\u00fdm videoklipem &#8222;D\u016fle\u017eit\u00e1 \u010d\u00edsla&#8220; ve 14:00 hod. a&nbsp;autogrami\u00e1da d\u011btsk\u00fdch hv\u011bzd v&nbsp;K\u0159i\u017e\u00edkov\u011b pavilonu B.<\/li>\r\n<\/ul>\r\n<p>&nbsp;<\/p>\r\n<p><img loading=\"lazy\" src=\"https:\/\/www.praha7.cz\/wp-content\/uploads\/2024\/09\/DSC07058.jpg\" alt=\"\" width=\"542\" height=\"361\" class=\"alignnone  wp-image-78774\" srcset=\"https:\/\/www.praha7.cz\/wp-content\/uploads\/2024\/09\/DSC07058.jpg 1000w, https:\/\/www.praha7.cz\/wp-content\/uploads\/2024\/09\/DSC07058-600x400.jpg 600w, https:\/\/www.praha7.cz\/wp-content\/uploads\/2024\/09\/DSC07058-768x511.jpg 768w\" sizes=\"(max-width: 542px) 100vw, 542px\" \/><\/p>\r\n<p>&nbsp;<\/p>\r\n<p>Vstup je zdarma.<\/p>\r\n<p><a href=\"https:\/\/www.facebook.com\/events\/406148985331554\/\" target=\"_blank\" rel=\"noopener\">Facebook<\/a><\/p>\r\n<p><a href=\"https:\/\/navystavisti.cz\/udalosti\/den-hrdinu\" target=\"_blank\" rel=\"noopener\">web<\/a><\/p>\r\n<p>&nbsp;<\/p>\r\n<p><img loading=\"lazy\" src=\"https:\/\/www.praha7.cz\/wp-content\/uploads\/2024\/09\/DSC06741.jpg\" alt=\"\" width=\"544\" height=\"362\" class=\"alignnone  wp-image-78776\" srcset=\"https:\/\/www.praha7.cz\/wp-content\/uploads\/2024\/09\/DSC06741.jpg 1000w, https:\/\/www.praha7.cz\/wp-content\/uploads\/2024\/09\/DSC06741-600x400.jpg 600w, https:\/\/www.praha7.cz\/wp-content\/uploads\/2024\/09\/DSC06741-768x511.jpg 768w\" sizes=\"(max-width: 544px) 100vw, 544px\" \/><\/p>","protected":false},"excerpt":{"rendered":"[perex] Den hrdin\u016f je zru\u0161en. Pr\u00e1ce a&nbsp;pomoc slo\u017eek IZS je moment\u00e1ln\u011b pot\u0159eba jinde v&nbsp;\u010cesk\u00e9 republice. V\u011b\u0159\u00edme, \u017ee rozhodnut\u00ed organiz\u00e1tora podpo\u0159\u00edte, t\u011b\u0161\u00edme se na jubilejn\u00edm 10.&nbsp;ro\u010dn\u00edku akce Den hrdin\u016f 27.&nbsp;z\u00e1\u0159\u00ed 2025. Cht\u011bli byste na vlastn\u00ed k\u016f\u017ei za\u017e\u00edt, jak vypad\u00e1 nouzov\u00e9 bydlen\u00ed p\u0159i p\u0159\u00edrodn\u00ed katastrof\u011b? P\u0159ij\u010fte se 28.&nbsp;9.&nbsp;2024 sezn\u00e1mit s&nbsp;prac\u00ed integrovan\u00fdch z\u00e1chrann\u00fdch slo\u017eek na V\u00fdstavi\u0161t\u011b. V\u016fbec poprv\u00e9 [&hellip;]","protected":false},"author":5,"featured_media":78775,"comment_status":"closed","ping_status":"open","sticky":false,"template":"","format":"standard","meta":[],"categories":[34],"tags":[99,123],"_links":{"self":[{"href":"https:\/\/www.praha7.cz\/api\/wp\/v2\/posts\/78773"}],"collection":[{"href":"https:\/\/www.praha7.cz\/api\/wp\/v2\/posts"}],"about":[{"href":"https:\/\/www.praha7.cz\/api\/wp\/v2\/types\/post"}],"author":[{"embeddable":true,"href":"https:\/\/www.praha7.cz\/api\/wp\/v2\/users\/5"}],"replies":[{"embeddable":true,"href":"https:\/\/www.praha7.cz\/api\/wp\/v2\/comments?post=78773"}],"version-history":[{"count":3,"href":"https:\/\/www.praha7.cz\/api\/wp\/v2\/posts\/78773\/revisions"}],"predecessor-version":[{"id":79071,"href":"https:\/\/www.praha7.cz\/api\/wp\/v2\/posts\/78773\/revisions\/79071"}],"wp:featuredmedia":[{"embeddable":true,"href":"https:\/\/www.praha7.cz\/api\/wp\/v2\/media\/78775"}],"wp:attachment":[{"href":"https:\/\/www.praha7.cz\/api\/wp\/v2\/media?parent=78773"}],"wp:term":[{"taxonomy":"category","embeddable":true,"href":"https:\/\/www.praha7.cz\/api\/wp\/v2\/categories?post=78773"},{"taxonomy":"post_tag","embeddable":true,"href":"https:\/\/www.praha7.cz\/api\/wp\/v2\/tags?post=78773"}],"curies":[{"name":"wp","href":"https:\/\/api.w.org\/{rel}","templated":true}]}}