    
{"id":78747,"date":"2024-09-09T17:42:33","date_gmt":"2024-09-09T15:42:33","guid":{"rendered":"https:\/\/www.praha7.cz\/?p=78747"},"modified":"2024-09-13T11:11:24","modified_gmt":"2024-09-13T09:11:24","slug":"oslava-30-vyroci-navraceni-muzea-zidovske-komunite","status":"publish","type":"post","link":"https:\/\/www.praha7.cz\/oslava-30-vyroci-navraceni-muzea-zidovske-komunite\/","title":{"rendered":"Oslava 30.&nbsp;v\u00fdro\u010d\u00ed navr\u00e1cen\u00ed muzea \u017eidovsk\u00e9 komunit\u011b"},"content":{"rendered":"<p>[perex]<\/p>\r\n<p>V leto\u0161n\u00edm roce si \u017didovsk\u00e9 muzeum v&nbsp;Praze p\u0159ipom\u00edn\u00e1 z\u00e1sadn\u00ed miln\u00edk sv\u00e9 historie. Na podzim roku 1994 vr\u00e1til \u010desk\u00fd st\u00e1t po v\u00edce ne\u017e \u010dty\u0159ech des\u00edtk\u00e1ch let muzeum \u017eidovsk\u00e9 komunit\u011b. Zat\u00edmco muzejn\u00ed sb\u00edrky p\u0159evzala Federace \u017eidovsk\u00fdch obc\u00ed v&nbsp;\u010cesk\u00e9 republice, objekty muzea byly p\u0159ed\u00e1ny \u017didovsk\u00e9 obci v&nbsp;Praze. 30.&nbsp;v\u00fdro\u010d\u00ed t\u00e9to v\u00fdznamn\u00e9 ud\u00e1losti si bude moci p\u0159ipomenout tak\u00e9 \u0161irok\u00e1 ve\u0159ejnost, a&nbsp;to v&nbsp;ned\u011bli 15.&nbsp;z\u00e1\u0159\u00ed od 14 hodin ve <span style=\"color: #ff0000;\">\u0160pan\u011blsk\u00e9 synagoze, V\u011bze\u0148sk\u00e1 1, Praha 1<\/span>.\u00a0<\/p>\r\n<p>[\/perex]<\/p>\r\n<p><a href=\"https:\/\/www.jewishmuseum.cz\/program-a-vzdelavani\/pripravujeme-akce-pro-navstevniky\/1999\/\" target=\"_blank\" rel=\"noopener\">Akce nab\u00eddne bohat\u00fd program pro celou rodinu<\/a>, kter\u00fd bude moderovat herec Petr Vacek. Vystoup\u00ed zde nap\u0159\u00edklad cenou And\u011bl ov\u011bn\u010den\u00e1 hudebn\u00ed skupina Dor\u016f\u017eka-Fischmann-Urb\u00e1nek trio nebo \u010desko-n\u011bmeck\u00fd divadeln\u00ed spolek Das Thema. Ve\u010der bude pat\u0159it polsk\u00e9 kapele Ma\u0142a Orkiestra Dancingowa, kter\u00e1 n\u00e1v\u0161t\u011bvn\u00edky p\u0159enese do meziv\u00e1le\u010dn\u00e9 Var\u0161avy. Pro d\u011bti bude po cel\u00e9 odpoledne p\u0159ipraven\u00e1 v\u00fdtvarn\u00e1 d\u00edlna \u010di uk\u00e1zka restaur\u00e1torsk\u00e9 pr\u00e1ce. V\u00fdvoj posledn\u00edch t\u0159iceti let muzea pak p\u0159ibl\u00ed\u017e\u00ed vzpom\u00ednky jeho dlouholet\u00fdch zam\u011bstnanc\u016f.<\/p>\r\n<p><em>&#8222;\u017didovsk\u00e9 muzeum v&nbsp;sob\u011b spojuje historii \u010desk\u00fdch a&nbsp;moravsk\u00fdch \u017did\u016f, kte\u0159\u00ed v&nbsp;na\u0161\u00ed \u010d\u00e1sti Evropy po mnoho stalet\u00ed maj\u00ed sv\u016fj domov. Na\u0161\u00edm posl\u00e1n\u00edm a&nbsp;viz\u00ed do budoucna je rozvoj muzea, kter\u00e9 navrac\u00ed hlas uml\u010den\u00fdm generac\u00edm, vzd\u011bl\u00e1v\u00e1 studenty, aktivn\u011b spolupracuje s&nbsp;dal\u0161\u00edmi institucemi a&nbsp;pod\u00edl\u00ed se na podob\u011b kulturn\u00ed mapy \u010cesk\u00e9 republiky,\u201c<\/em> dod\u00e1v\u00e1 Pavla Niklov\u00e1.<\/p>\r\n<p>\u017didovsk\u00e9 muzeum v&nbsp;Praze bylo zalo\u017eeno v&nbsp;roce 1906 a&nbsp;pat\u0159\u00ed mezi nejstar\u0161\u00ed evropsk\u00e1 \u017eidovsk\u00e1 muzea.\u00a0 A\u017e do roku 1950 se muzeum nach\u00e1zelo v&nbsp;gesci \u017eidovsk\u00e9 komunity, pot\u00e9 bylo zest\u00e1tn\u011bno. Zejm\u00e9na z\u00e1sluhou ministra kultury Pavla Tigrida do\u0161lo v&nbsp;roce 1994 ke vzniku \u017didovsk\u00e9ho muzea v&nbsp;Praze jako nest\u00e1tn\u00ed, samostatn\u00e9 instituce. Muzeum dodnes funguje jako z\u00e1jmov\u00e9 sdru\u017een\u00ed pr\u00e1vnick\u00fdch osob slo\u017een\u00e9 ze z\u00e1stupc\u016f Federace \u017eidovsk\u00fdch obc\u00ed v&nbsp;\u010cesk\u00e9 republice, \u017didovsk\u00e9 obce v&nbsp;Praze a&nbsp;Ministerstva kultury \u010cR.<\/p>\r\n<p>&nbsp;<\/p>","protected":false},"excerpt":{"rendered":"[perex] V&nbsp;leto\u0161n\u00edm roce si \u017didovsk\u00e9 muzeum v&nbsp;Praze p\u0159ipom\u00edn\u00e1 z\u00e1sadn\u00ed miln\u00edk sv\u00e9 historie. Na podzim roku 1994 vr\u00e1til \u010desk\u00fd st\u00e1t po v\u00edce ne\u017e \u010dty\u0159ech des\u00edtk\u00e1ch let muzeum \u017eidovsk\u00e9 komunit\u011b. Zat\u00edmco muzejn\u00ed sb\u00edrky p\u0159evzala Federace \u017eidovsk\u00fdch obc\u00ed v&nbsp;\u010cesk\u00e9 republice, objekty muzea byly p\u0159ed\u00e1ny \u017didovsk\u00e9 obci v&nbsp;Praze. 30.&nbsp;v\u00fdro\u010d\u00ed t\u00e9to v\u00fdznamn\u00e9 ud\u00e1losti si bude moci p\u0159ipomenout tak\u00e9 \u0161irok\u00e1 [&hellip;]","protected":false},"author":5,"featured_media":78748,"comment_status":"closed","ping_status":"open","sticky":false,"template":"","format":"standard","meta":[],"categories":[34],"tags":[106],"_links":{"self":[{"href":"https:\/\/www.praha7.cz\/api\/wp\/v2\/posts\/78747"}],"collection":[{"href":"https:\/\/www.praha7.cz\/api\/wp\/v2\/posts"}],"about":[{"href":"https:\/\/www.praha7.cz\/api\/wp\/v2\/types\/post"}],"author":[{"embeddable":true,"href":"https:\/\/www.praha7.cz\/api\/wp\/v2\/users\/5"}],"replies":[{"embeddable":true,"href":"https:\/\/www.praha7.cz\/api\/wp\/v2\/comments?post=78747"}],"version-history":[{"count":6,"href":"https:\/\/www.praha7.cz\/api\/wp\/v2\/posts\/78747\/revisions"}],"predecessor-version":[{"id":78862,"href":"https:\/\/www.praha7.cz\/api\/wp\/v2\/posts\/78747\/revisions\/78862"}],"wp:featuredmedia":[{"embeddable":true,"href":"https:\/\/www.praha7.cz\/api\/wp\/v2\/media\/78748"}],"wp:attachment":[{"href":"https:\/\/www.praha7.cz\/api\/wp\/v2\/media?parent=78747"}],"wp:term":[{"taxonomy":"category","embeddable":true,"href":"https:\/\/www.praha7.cz\/api\/wp\/v2\/categories?post=78747"},{"taxonomy":"post_tag","embeddable":true,"href":"https:\/\/www.praha7.cz\/api\/wp\/v2\/tags?post=78747"}],"curies":[{"name":"wp","href":"https:\/\/api.w.org\/{rel}","templated":true}]}}