    
{"id":78735,"date":"2024-09-09T14:34:52","date_gmt":"2024-09-09T12:34:52","guid":{"rendered":"https:\/\/www.praha7.cz\/?p=78735"},"modified":"2024-09-09T14:47:34","modified_gmt":"2024-09-09T12:47:34","slug":"plavani-pro-seniory-v-2-pololeti-2024","status":"publish","type":"post","link":"https:\/\/www.praha7.cz\/plavani-pro-seniory-v-2-pololeti-2024\/","title":{"rendered":"Plav\u00e1n\u00ed pro seniory v&nbsp;2.&nbsp;pololet\u00ed 2024"},"content":{"rendered":"<p>[perex]<\/p>\r\n<p>M\u011bstsk\u00e1 \u010d\u00e1st Praha&nbsp;7 vyhla\u0161uje tradi\u010dn\u00ed rehabilita\u010dn\u00ed kurzy plav\u00e1n\u00ed pro seniory. Kurzy budou prob\u00edhat v&nbsp;baz\u00e9nu na V\u00fdstavi\u0161ti od \u0159\u00edjna do prosince 2024. Rezervaci maxim\u00e1ln\u011b p\u011bti vybran\u00fdch term\u00edn\u016f je nutn\u00e9 prov\u00e9st osobn\u011b v&nbsp;pond\u011bl\u00ed 23.&nbsp;z\u00e1\u0159\u00ed 2024 d 9.00 do 11.00 ve Vod\u00e1rensk\u00e9 v\u011b\u017ei na Letn\u00e9, vstup z&nbsp;ulice Korunova\u010dn\u00ed.\u00a0<\/p>\r\n<p>[\/perex]<\/p>\r\n<p><strong>Term\u00edny:<\/strong><\/p>\r\n<p>\u0158\u00edjen: 4., 7., 11., 14., 18., 21., 25.<\/p>\r\n<p>Listopad: 1., 4., 8., 11., 15., 18., 22., 25., 29.<\/p>\r\n<p>Prosinec: 2., 6., 9., 13., 16.<\/p>\r\n<p>V\u017edy od 13 do 14 hodin.<\/p>\r\n<p>Kapacita \u00fa\u010dastn\u00edk\u016f jedn\u00e9 lekce je omezena.<\/p>\r\n<p>&nbsp;<\/p>\r\n<p><strong>Kde:<\/strong> <a href=\"https:\/\/navystavisti.cz\/sport\/plavecky-bazen\/\" target=\"_blank\" rel=\"noopener\">Plaveck\u00fd baz\u00e9n na V\u00fdstavi\u0161ti<\/a>, Praha&nbsp;7,\u00a0<\/p>\r\n<p><br \/>\r\n<strong>Pro koho:<\/strong>\u00a0senio\u0159i s\u00a0trval\u00fdm bydli\u0161t\u011bm v\u00a0Praze 7<\/p>\r\n<p>\u010clenov\u00e9 klubu M\u010c Praha\u00a07 p\u0159edlo\u017e\u00ed p\u0159i registraci \u010dlenskou kartu.<\/p>\r\n<p><br \/>\r\n<strong>Vstupn\u00e9:<\/strong>\u00a010 K\u010d, hrad\u00ed se v\u00a0pokladn\u011b baz\u00e9nu<\/p>\r\n<p>Lekce jsou vedeny profesion\u00e1ln\u00edmi instruktory.\u00a0<\/p>\r\n<p>&nbsp;<\/p>\r\n<p><strong>Informace o\u00a0tomto i\u00a0dal\u0161\u00edch pohybov\u00fdch programech najdete\u00a0<a href=\"https:\/\/www.praha7.cz\/volny-cas-prehled\/seniori\/pohybove-aktivity\/\">ZDE<\/a>.<\/strong><\/p>\r\n<p>&nbsp;<\/p>","protected":false},"excerpt":{"rendered":"[perex] M\u011bstsk\u00e1 \u010d\u00e1st Praha&nbsp;7 vyhla\u0161uje tradi\u010dn\u00ed rehabilita\u010dn\u00ed kurzy plav\u00e1n\u00ed pro seniory. Kurzy budou prob\u00edhat v&nbsp;baz\u00e9nu na V\u00fdstavi\u0161ti od \u0159\u00edjna do prosince 2024. Rezervaci maxim\u00e1ln\u011b p\u011bti vybran\u00fdch term\u00edn\u016f je nutn\u00e9 prov\u00e9st osobn\u011b v&nbsp;pond\u011bl\u00ed 23.&nbsp;z\u00e1\u0159\u00ed 2024 d 9.00 do 11.00 ve Vod\u00e1rensk\u00e9 v\u011b\u017ei na Letn\u00e9, vstup z&nbsp;ulice Korunova\u010dn\u00ed.\u00a0 [\/perex] Term\u00edny: \u0158\u00edjen: 4., 7., 11., 14., 18., 21., [&hellip;]","protected":false},"author":5,"featured_media":25554,"comment_status":"closed","ping_status":"open","sticky":false,"template":"","format":"standard","meta":[],"categories":[34],"tags":[115,122],"_links":{"self":[{"href":"https:\/\/www.praha7.cz\/api\/wp\/v2\/posts\/78735"}],"collection":[{"href":"https:\/\/www.praha7.cz\/api\/wp\/v2\/posts"}],"about":[{"href":"https:\/\/www.praha7.cz\/api\/wp\/v2\/types\/post"}],"author":[{"embeddable":true,"href":"https:\/\/www.praha7.cz\/api\/wp\/v2\/users\/5"}],"replies":[{"embeddable":true,"href":"https:\/\/www.praha7.cz\/api\/wp\/v2\/comments?post=78735"}],"version-history":[{"count":4,"href":"https:\/\/www.praha7.cz\/api\/wp\/v2\/posts\/78735\/revisions"}],"predecessor-version":[{"id":78740,"href":"https:\/\/www.praha7.cz\/api\/wp\/v2\/posts\/78735\/revisions\/78740"}],"wp:featuredmedia":[{"embeddable":true,"href":"https:\/\/www.praha7.cz\/api\/wp\/v2\/media\/25554"}],"wp:attachment":[{"href":"https:\/\/www.praha7.cz\/api\/wp\/v2\/media?parent=78735"}],"wp:term":[{"taxonomy":"category","embeddable":true,"href":"https:\/\/www.praha7.cz\/api\/wp\/v2\/categories?post=78735"},{"taxonomy":"post_tag","embeddable":true,"href":"https:\/\/www.praha7.cz\/api\/wp\/v2\/tags?post=78735"}],"curies":[{"name":"wp","href":"https:\/\/api.w.org\/{rel}","templated":true}]}}