    
{"id":78649,"date":"2024-09-04T11:36:22","date_gmt":"2024-09-04T09:36:22","guid":{"rendered":"https:\/\/www.praha7.cz\/?p=78649"},"modified":"2024-09-04T11:36:22","modified_gmt":"2024-09-04T09:36:22","slug":"zachranna-sluzba-otevira-novou-zakladnu-v-argentinske-ulici","status":"publish","type":"post","link":"https:\/\/www.praha7.cz\/zachranna-sluzba-otevira-novou-zakladnu-v-argentinske-ulici\/","title":{"rendered":"Z\u00e1chrann\u00e1 slu\u017eba otev\u00edr\u00e1 novou z\u00e1kladnu v&nbsp;Argentinsk\u00e9 ulici"},"content":{"rendered":"<p>[perex]<\/p>\r\n<h3>Z\u00e1kladna poskytne z\u00e1zem\u00ed a\u017e \u010dty\u0159em v\u00fdjezdov\u00fdm skupin\u00e1m v\u010detn\u011b speci\u00e1ln\u00ed sanitky pro novorozence.<\/h3>\r\n<p>Zdravotnick\u00e1 z\u00e1chrann\u00e1 slu\u017eba hl. m. Prahy otev\u0159ela v&nbsp;\u00fater\u00fd 3.&nbsp;9.&nbsp;2024 novou v\u00fdjezdovou z\u00e1kladnu v&nbsp;Hole\u0161ovic\u00edch. A\u017e \u010dty\u0159i v\u00fdjezdov\u00e9 skupiny budou m\u00edt sv\u00e9 stanovi\u0161t\u011b v&nbsp;ulici Argentinsk\u00e1 v&nbsp;are\u00e1lu stanice Hasi\u010dsk\u00e9ho z\u00e1chrann\u00e9ho sboru. V&nbsp;hlavn\u00edm m\u011bst\u011b tak pokra\u010duje funguj\u00edc\u00ed model spolupr\u00e1ce slo\u017eek integrovan\u00e9ho z\u00e1chrann\u00e9ho syst\u00e9mu, kter\u00fd mimo jin\u00e9 sni\u017euje provozn\u00ed n\u00e1klady. L\u00e9ka\u0159sk\u00e1 pos\u00e1dka z\u016fst\u00e1v\u00e1 v&nbsp;Hole\u0161ovic\u00edch zat\u00edm na p\u016fvodn\u00edm stanovi\u0161ti v&nbsp;ulici Dukelsk\u00fdch hrdin\u016f, kde m\u00e1 strategickou pozici z&nbsp;hlediska opera\u010dn\u00edho \u0159\u00edzen\u00ed a&nbsp;dosahu do centra m\u011bsta.<\/p>\r\n<p>[\/perex]<\/p>\r\n<p>V\u00fdstavbu nov\u00e9 z\u00e1kladny administroval odbor investic Magistr\u00e1tu hl. m. Prahy. Stavba byla zah\u00e1jena v&nbsp;dubnu 2023 a&nbsp;dokon\u010dena dle harmonogramu tak, aby od z\u00e1\u0159\u00ed leto\u0161n\u00edho roku umo\u017e\u0148ovala pln\u00fd provoz. Na z\u00e1kladn\u011b mohou b\u00fdt um\u00edst\u011bny v&nbsp;budoucnu a\u017e \u010dty\u0159i v\u00fdjezdov\u00e9 skupiny. Nyn\u00ed zde budou slou\u017eit dv\u011b z\u00e1chran\u00e1\u0159sk\u00e9 pos\u00e1dky a&nbsp;ze z\u00e1kladny speci\u00e1ln\u00ed techniky Kundratka se do Hole\u0161ovic p\u0159esouv\u00e1 tak\u00e9 pos\u00e1dka neonatologick\u00e9 sanitky. Ta se specializuje ve spolupr\u00e1ci s&nbsp;pra\u017esk\u00fdmi nemocnicemi na transporty novorozenc\u016f k&nbsp;poskytov\u00e1n\u00ed p\u00e9\u010de ve specializovan\u00fdch centrech. L\u00e9ka\u0159sk\u00e1 pos\u00e1dka z&nbsp;dan\u00e9 oblasti bude zat\u00edm k&nbsp;pacient\u016fm vyr\u00e1\u017eet z&nbsp;p\u016fvodn\u00ed hole\u0161ovick\u00e9 z\u00e1kladny v&nbsp;ulici Dukelsk\u00fdch hrdin\u016f, co\u017e umo\u017e\u0148uje strategick\u00e9 pokryt\u00ed pra\u017esk\u00e9ho centra.<\/p>\r\n<p><em>\u201eNa\u0161\u00edm c\u00edlem je m\u00edt v&nbsp;n\u00e1sleduj\u00edc\u00edch letech vybudovanou s\u00ed\u0165 z\u00e1kladen, kter\u00e1 bude reagovat na rozr\u016fstaj\u00edc\u00ed se metropoli a&nbsp;dlouhodob\u011b vysok\u00fd po\u010det v\u00fdjezd\u016f, abychom i&nbsp;nad\u00e1le zaji\u0161\u0165ovali kvalitn\u00ed dostupnost na\u0161\u00ed slu\u017eby. Pos\u00edl\u00edme proto na\u0161i p\u0159\u00edtomnost v&nbsp;\u0161ir\u0161\u00edm centru a&nbsp;v&nbsp;perifern\u00edch oblastech. Po\u010d\u00edt\u00e1me dnes s&nbsp;v\u00fdstavbou v\u00fdjezdov\u00fdch z\u00e1kladen nap\u0159\u00edklad v&nbsp;B\u011bchovic\u00edch, Mod\u0159anech, Bohnic\u00edch, Vyso\u010danech, v&nbsp;Kl\u00e1novic\u00edch nebo na Zbraslavi,\u201c<\/em> dod\u00e1v\u00e1 Petr Kolouch, \u0159editel Zdravotnick\u00e9 z\u00e1chrann\u00e9 slu\u017eby hl. m. Prahy.<\/p>","protected":false},"excerpt":{"rendered":"[perex] Z\u00e1kladna poskytne z\u00e1zem\u00ed a\u017e \u010dty\u0159em v\u00fdjezdov\u00fdm skupin\u00e1m v\u010detn\u011b speci\u00e1ln\u00ed sanitky pro novorozence. Zdravotnick\u00e1 z\u00e1chrann\u00e1 slu\u017eba hl. m. Prahy otev\u0159ela v&nbsp;\u00fater\u00fd 3.&nbsp;9.&nbsp;2024 novou v\u00fdjezdovou z\u00e1kladnu v&nbsp;Hole\u0161ovic\u00edch. A\u017e \u010dty\u0159i v\u00fdjezdov\u00e9 skupiny budou m\u00edt sv\u00e9 stanovi\u0161t\u011b v&nbsp;ulici Argentinsk\u00e1 v&nbsp;are\u00e1lu stanice Hasi\u010dsk\u00e9ho z\u00e1chrann\u00e9ho sboru. V&nbsp;hlavn\u00edm m\u011bst\u011b tak pokra\u010duje funguj\u00edc\u00ed model spolupr\u00e1ce slo\u017eek integrovan\u00e9ho z\u00e1chrann\u00e9ho syst\u00e9mu, kter\u00fd mimo jin\u00e9 [&hellip;]","protected":false},"author":5,"featured_media":78650,"comment_status":"closed","ping_status":"open","sticky":false,"template":"","format":"standard","meta":[],"categories":[34],"tags":[129,110],"_links":{"self":[{"href":"https:\/\/www.praha7.cz\/api\/wp\/v2\/posts\/78649"}],"collection":[{"href":"https:\/\/www.praha7.cz\/api\/wp\/v2\/posts"}],"about":[{"href":"https:\/\/www.praha7.cz\/api\/wp\/v2\/types\/post"}],"author":[{"embeddable":true,"href":"https:\/\/www.praha7.cz\/api\/wp\/v2\/users\/5"}],"replies":[{"embeddable":true,"href":"https:\/\/www.praha7.cz\/api\/wp\/v2\/comments?post=78649"}],"version-history":[{"count":1,"href":"https:\/\/www.praha7.cz\/api\/wp\/v2\/posts\/78649\/revisions"}],"predecessor-version":[{"id":78651,"href":"https:\/\/www.praha7.cz\/api\/wp\/v2\/posts\/78649\/revisions\/78651"}],"wp:featuredmedia":[{"embeddable":true,"href":"https:\/\/www.praha7.cz\/api\/wp\/v2\/media\/78650"}],"wp:attachment":[{"href":"https:\/\/www.praha7.cz\/api\/wp\/v2\/media?parent=78649"}],"wp:term":[{"taxonomy":"category","embeddable":true,"href":"https:\/\/www.praha7.cz\/api\/wp\/v2\/categories?post=78649"},{"taxonomy":"post_tag","embeddable":true,"href":"https:\/\/www.praha7.cz\/api\/wp\/v2\/tags?post=78649"}],"curies":[{"name":"wp","href":"https:\/\/api.w.org\/{rel}","templated":true}]}}